{"id":16188,"date":"2023-12-21T17:29:41","date_gmt":"2023-12-21T20:29:41","guid":{"rendered":"https:\/\/pc.sc.gov.br\/?p=16188"},"modified":"2023-12-21T17:31:03","modified_gmt":"2023-12-21T20:31:03","slug":"policia-civil-recebe-tres-quadriciclos-que-serao-usados-na-operacao-estacao-verao","status":"publish","type":"post","link":"https:\/\/pc.sc.gov.br\/?p=16188","title":{"rendered":"Pol\u00edcia Civil recebe tr\u00eas quadriciclos que ser\u00e3o usados na opera\u00e7\u00e3o \u201cEsta\u00e7\u00e3o Ver\u00e3o\u201d"},"content":{"rendered":"\t\t<div data-elementor-type=\"wp-post\" data-elementor-id=\"16188\" class=\"elementor elementor-16188\" data-elementor-post-type=\"post\">\n\t\t\t\t\t\t<section class=\"elementor-section elementor-top-section elementor-element elementor-element-d08f703 elementor-section-boxed elementor-section-height-default elementor-section-height-default\" data-id=\"d08f703\" data-element_type=\"section\">\n\t\t\t\t\t\t<div class=\"elementor-container elementor-column-gap-default\">\n\t\t\t\t\t<div class=\"elementor-column elementor-col-100 elementor-top-column elementor-element elementor-element-a7fe550\" data-id=\"a7fe550\" data-element_type=\"column\">\n\t\t\t<div class=\"elementor-widget-wrap elementor-element-populated\">\n\t\t\t\t\t\t<div class=\"elementor-element elementor-element-9d9b24b elementor-widget elementor-widget-heading\" data-id=\"9d9b24b\" data-element_type=\"widget\" data-widget_type=\"heading.default\">\n\t\t\t\t<div class=\"elementor-widget-container\">\n\t\t\t\t\t<h2 class=\"elementor-heading-title elementor-size-default\">Pol\u00edcia Civil recebe tr\u00eas quadriciclos que ser\u00e3o usados na opera\u00e7\u00e3o \u201cEsta\u00e7\u00e3o Ver\u00e3o\u201d <\/h2>\t\t\t\t<\/div>\n\t\t\t\t<\/div>\n\t\t\t\t<div class=\"elementor-element elementor-element-283e47e elementor-widget elementor-widget-image\" data-id=\"283e47e\" data-element_type=\"widget\" data-widget_type=\"image.default\">\n\t\t\t\t<div class=\"elementor-widget-container\">\n\t\t\t\t\t\t\t\t\t\t\t\t\t\t\t<img fetchpriority=\"high\" decoding=\"async\" width=\"696\" height=\"522\" src=\"https:\/\/pc.sc.gov.br\/\/wp-content\/uploads\/2023\/12\/000000000123-1024x768.jpeg\" class=\"attachment-large size-large wp-image-16189\" alt=\"\" srcset=\"https:\/\/pc.sc.gov.br\/\/wp-content\/uploads\/2023\/12\/000000000123-1024x768.jpeg 1024w, https:\/\/pc.sc.gov.br\/\/wp-content\/uploads\/2023\/12\/000000000123-300x225.jpeg 300w, https:\/\/pc.sc.gov.br\/\/wp-content\/uploads\/2023\/12\/000000000123-768x576.jpeg 768w, https:\/\/pc.sc.gov.br\/\/wp-content\/uploads\/2023\/12\/000000000123-1536x1152.jpeg 1536w, https:\/\/pc.sc.gov.br\/\/wp-content\/uploads\/2023\/12\/000000000123.jpeg 1600w\" sizes=\"(max-width: 696px) 100vw, 696px\" \/>\t\t\t\t\t\t\t\t\t\t\t\t\t\t\t<\/div>\n\t\t\t\t<\/div>\n\t\t\t\t\t<\/div>\n\t\t<\/div>\n\t\t\t\t\t<\/div>\n\t\t<\/section>\n\t\t\t\t<section class=\"elementor-section elementor-top-section elementor-element elementor-element-11043be elementor-section-boxed elementor-section-height-default elementor-section-height-default\" data-id=\"11043be\" data-element_type=\"section\">\n\t\t\t\t\t\t<div class=\"elementor-container elementor-column-gap-default\">\n\t\t\t\t\t<div class=\"elementor-column elementor-col-100 elementor-top-column elementor-element elementor-element-a329662\" data-id=\"a329662\" data-element_type=\"column\">\n\t\t\t<div class=\"elementor-widget-wrap elementor-element-populated\">\n\t\t\t\t\t\t<div class=\"elementor-element elementor-element-8c43300 elementor-widget elementor-widget-text-editor\" data-id=\"8c43300\" data-element_type=\"widget\" data-widget_type=\"text-editor.default\">\n\t\t\t\t<div class=\"elementor-widget-container\">\n\t\t\t\t\t\t\t\t\t<p>Na quarta-feira (20), a Pol\u00edcia Civil de Santa Catarina, junto \u00e0s demais for\u00e7as de Seguran\u00e7a P\u00fablica de Santa Catarina, recebeu tr\u00eas quadriciclos que ser\u00e3o usados na opera\u00e7\u00e3o \u201cEsta\u00e7\u00e3o Ver\u00e3o\u201d. O delegado-geral da PCSC, Ulisses Gabriel, esteve presente no evento e destacou que os ve\u00edculos trar\u00e3o mais agilidade para os policiais que participar\u00e3o da opera\u00e7\u00e3o \u201cEsta\u00e7\u00e3o Ver\u00e3o\u201d, potencializando assim as a\u00e7\u00f5es da PCSC previstas para essa temporada. <br>No total, sete quadriciclos foram entregues pela Secretaria de Estado da Seguran\u00e7a P\u00fablica \u00e0s for\u00e7as de seguran\u00e7a. Al\u00e9m dos tr\u00eas quadriciclos entregues \u00e0 Pol\u00edcia Civil, foram entregues mais dois para a Pol\u00edcia Militar e dois para o Corpo de Bombeiros. Os ve\u00edculos foram cedidos pela Secretaria de Estado da Administra\u00e7\u00e3o Prisional e Socioeducativa (SAP). <br>Os equipamentos ajudar\u00e3o policiais e bombeiros em atividades como atendimento de ocorr\u00eancias, policiamento, a\u00e7\u00f5es orientativas e distribui\u00e7\u00e3o de pulseirinhas de identifica\u00e7\u00e3o para crian\u00e7as nas praias catarinenses.<br>O evento contou com a presen\u00e7a tamb\u00e9m do secret\u00e1rio de Estado da Seguran\u00e7a P\u00fablica de Santa Catarina, Paulo Cezar Ramos de Oliveira; do secret\u00e1rio da SAP, Carlos Alves; da secret\u00e1ria-adjunta SAP, Joana Mahfuz Vicini; do coronel Luciano Beneval, diretor interino da Diretoria de Apoio Log\u00edstico e Finan\u00e7as da Pol\u00edcia Militar; do subcomandante-geral do Corpo de Bombeiros Militar de SC, coronel Renaldo Onofre Laureano Junior; do presidente do Detran, Kennedy Nunes, demais policiais e gestores.<\/p>\n<p><i>Com informa\u00e7\u00f5es e imagens da SSP\/SC.<\/i><\/p>\t\t\t\t\t\t\t\t<\/div>\n\t\t\t\t<\/div>\n\t\t\t\t\t<\/div>\n\t\t<\/div>\n\t\t\t\t\t<\/div>\n\t\t<\/section>\n\t\t\t\t<\/div>\n\t\t","protected":false},"excerpt":{"rendered":"<p>Pol\u00edcia Civil recebe tr\u00eas quadriciclos que ser\u00e3o usados na opera\u00e7\u00e3o \u201cEsta\u00e7\u00e3o Ver\u00e3o\u201d Na quarta-feira (20), a Pol\u00edcia Civil de Santa Catarina, junto \u00e0s demais for\u00e7as de Seguran\u00e7a P\u00fablica de Santa Catarina, recebeu tr\u00eas quadriciclos que ser\u00e3o usados na opera\u00e7\u00e3o \u201cEsta\u00e7\u00e3o Ver\u00e3o\u201d. O delegado-geral da PCSC, Ulisses Gabriel, esteve presente no evento e destacou que os [&hellip;]<\/p>\n","protected":false},"author":5,"featured_media":16189,"comment_status":"closed","ping_status":"open","sticky":false,"template":"","format":"standard","meta":{"_monsterinsights_skip_tracking":false,"_monsterinsights_sitenote_active":false,"_monsterinsights_sitenote_note":"","_monsterinsights_sitenote_category":0,"footnotes":""},"categories":[1],"tags":[],"class_list":["post-16188","post","type-post","status-publish","format-standard","has-post-thumbnail","hentry","category-sem-categoria"],"_links":{"self":[{"href":"https:\/\/pc.sc.gov.br\/index.php?rest_route=\/wp\/v2\/posts\/16188","targetHints":{"allow":["GET"]}}],"collection":[{"href":"https:\/\/pc.sc.gov.br\/index.php?rest_route=\/wp\/v2\/posts"}],"about":[{"href":"https:\/\/pc.sc.gov.br\/index.php?rest_route=\/wp\/v2\/types\/post"}],"author":[{"embeddable":true,"href":"https:\/\/pc.sc.gov.br\/index.php?rest_route=\/wp\/v2\/users\/5"}],"replies":[{"embeddable":true,"href":"https:\/\/pc.sc.gov.br\/index.php?rest_route=%2Fwp%2Fv2%2Fcomments&post=16188"}],"version-history":[{"count":4,"href":"https:\/\/pc.sc.gov.br\/index.php?rest_route=\/wp\/v2\/posts\/16188\/revisions"}],"predecessor-version":[{"id":16193,"href":"https:\/\/pc.sc.gov.br\/index.php?rest_route=\/wp\/v2\/posts\/16188\/revisions\/16193"}],"wp:featuredmedia":[{"embeddable":true,"href":"https:\/\/pc.sc.gov.br\/index.php?rest_route=\/wp\/v2\/media\/16189"}],"wp:attachment":[{"href":"https:\/\/pc.sc.gov.br\/index.php?rest_route=%2Fwp%2Fv2%2Fmedia&parent=16188"}],"wp:term":[{"taxonomy":"category","embeddable":true,"href":"https:\/\/pc.sc.gov.br\/index.php?rest_route=%2Fwp%2Fv2%2Fcategories&post=16188"},{"taxonomy":"post_tag","embeddable":true,"href":"https:\/\/pc.sc.gov.br\/index.php?rest_route=%2Fwp%2Fv2%2Ftags&post=16188"}],"curies":[{"name":"wp","href":"https:\/\/api.w.org\/{rel}","templated":true}]}}