{"id":16194,"date":"2023-12-21T18:49:01","date_gmt":"2023-12-21T21:49:01","guid":{"rendered":"https:\/\/pc.sc.gov.br\/?p=16194"},"modified":"2023-12-21T18:50:08","modified_gmt":"2023-12-21T21:50:08","slug":"policia-civil-recebe-representantes-da-controladoria-geral-do-estado-para-compartilhar-informacoes-sobre-o-sistema-unico-de-denuncias","status":"publish","type":"post","link":"https:\/\/pc.sc.gov.br\/?p=16194","title":{"rendered":"Pol\u00edcia Civil recebe representantes da Controladoria Geral do Estado para compartilhar informa\u00e7\u00f5es sobre o Sistema \u00danico de Den\u00fancias"},"content":{"rendered":"\t\t<div data-elementor-type=\"wp-post\" data-elementor-id=\"16194\" class=\"elementor elementor-16194\" data-elementor-post-type=\"post\">\n\t\t\t\t\t\t<section class=\"elementor-section elementor-top-section elementor-element elementor-element-7175b4c elementor-section-boxed elementor-section-height-default elementor-section-height-default\" data-id=\"7175b4c\" data-element_type=\"section\">\n\t\t\t\t\t\t<div class=\"elementor-container elementor-column-gap-default\">\n\t\t\t\t\t<div class=\"elementor-column elementor-col-100 elementor-top-column elementor-element elementor-element-a6586f6\" data-id=\"a6586f6\" data-element_type=\"column\">\n\t\t\t<div class=\"elementor-widget-wrap elementor-element-populated\">\n\t\t\t\t\t\t<div class=\"elementor-element elementor-element-5a1b6e5 elementor-widget elementor-widget-heading\" data-id=\"5a1b6e5\" data-element_type=\"widget\" data-widget_type=\"heading.default\">\n\t\t\t\t<div class=\"elementor-widget-container\">\n\t\t\t\t\t<h2 class=\"elementor-heading-title elementor-size-default\">Pol\u00edcia Civil recebe representantes da Controladoria Geral do Estado para compartilhar informa\u00e7\u00f5es sobre o Sistema \u00danico de Den\u00fancias <\/h2>\t\t\t\t<\/div>\n\t\t\t\t<\/div>\n\t\t\t\t\t<\/div>\n\t\t<\/div>\n\t\t\t\t\t<\/div>\n\t\t<\/section>\n\t\t\t\t<section class=\"elementor-section elementor-top-section elementor-element elementor-element-ee19afa elementor-section-boxed elementor-section-height-default elementor-section-height-default\" data-id=\"ee19afa\" data-element_type=\"section\">\n\t\t\t\t\t\t<div class=\"elementor-container elementor-column-gap-default\">\n\t\t\t\t\t<div class=\"elementor-column elementor-col-100 elementor-top-column elementor-element elementor-element-50a36db\" data-id=\"50a36db\" data-element_type=\"column\">\n\t\t\t<div class=\"elementor-widget-wrap elementor-element-populated\">\n\t\t\t\t\t\t<div class=\"elementor-element elementor-element-5bda8f4 elementor-widget elementor-widget-image\" data-id=\"5bda8f4\" data-element_type=\"widget\" data-widget_type=\"image.default\">\n\t\t\t\t<div class=\"elementor-widget-container\">\n\t\t\t\t\t\t\t\t\t\t\t\t\t\t\t<img fetchpriority=\"high\" decoding=\"async\" width=\"696\" height=\"522\" src=\"https:\/\/pc.sc.gov.br\/\/wp-content\/uploads\/2023\/12\/WhatsApp-Image-2023-12-21-at-18.47.56.jpeg\" class=\"attachment-large size-large wp-image-16195\" alt=\"\" srcset=\"https:\/\/pc.sc.gov.br\/\/wp-content\/uploads\/2023\/12\/WhatsApp-Image-2023-12-21-at-18.47.56.jpeg 1024w, https:\/\/pc.sc.gov.br\/\/wp-content\/uploads\/2023\/12\/WhatsApp-Image-2023-12-21-at-18.47.56-300x225.jpeg 300w, https:\/\/pc.sc.gov.br\/\/wp-content\/uploads\/2023\/12\/WhatsApp-Image-2023-12-21-at-18.47.56-768x576.jpeg 768w\" sizes=\"(max-width: 696px) 100vw, 696px\" \/>\t\t\t\t\t\t\t\t\t\t\t\t\t\t\t<\/div>\n\t\t\t\t<\/div>\n\t\t\t\t\t<\/div>\n\t\t<\/div>\n\t\t\t\t\t<\/div>\n\t\t<\/section>\n\t\t\t\t<section class=\"elementor-section elementor-top-section elementor-element elementor-element-8e5a88f elementor-section-boxed elementor-section-height-default elementor-section-height-default\" data-id=\"8e5a88f\" data-element_type=\"section\">\n\t\t\t\t\t\t<div class=\"elementor-container elementor-column-gap-default\">\n\t\t\t\t\t<div class=\"elementor-column elementor-col-100 elementor-top-column elementor-element elementor-element-3145c41\" data-id=\"3145c41\" data-element_type=\"column\">\n\t\t\t<div class=\"elementor-widget-wrap elementor-element-populated\">\n\t\t\t\t\t\t<div class=\"elementor-element elementor-element-adc6b50 elementor-widget elementor-widget-text-editor\" data-id=\"adc6b50\" data-element_type=\"widget\" data-widget_type=\"text-editor.default\">\n\t\t\t\t<div class=\"elementor-widget-container\">\n\t\t\t\t\t\t\t\t\t<p>Nesta quinta-feira (21), a Pol\u00edcia Civil de Santa Catarina, por meio da Diretoria de Intelig\u00eancia e da Ger\u00eancia de Tecnologia da Informa\u00e7\u00e3o, recebeu representantes da ouvidoria da Controladoria Geral do Estado (CGE) para compartilhar informa\u00e7\u00f5es e experi\u00eancias sobre o Sistema \u00danico de Den\u00fancias da PCSC (SUD).<\/p><p>Os representantes da CGE pretendem implantar melhorias no Sistema de Ouvidoria da institui\u00e7\u00e3o e, por isso, reuniram-se com os respons\u00e1veis da PCSC pela implanta\u00e7\u00e3o do SUD, que aconteceu no \u00e2mbito da PCSC em sua primeira vers\u00e3o, no dia 29 de julho deste ano, e em sua segunda vers\u00e3o na quarta-feira (20).<\/p><p>O SUD proporcionou a centraliza\u00e7\u00e3o dos canais de den\u00fancias da PCSC em s\u00f3 banco de dados, permitindo que a intelig\u00eancia fa\u00e7a o tratamento dessas informa\u00e7\u00f5es e as dilig\u00eancias necess\u00e1rias com maior agilidade e efici\u00eancia. Uma das vantagens que o SUD trouxe tamb\u00e9m foi transcri\u00e7\u00e3o automatizada das den\u00fancias recebidas pelo Disque-Den\u00fancias.<\/p><p>Agora, em sua segunda vers\u00e3o, o SUD traz melhorias nas tramita\u00e7\u00f5es e visualiza\u00e7\u00f5es das den\u00fancias, permitindo que os N\u00facleos de Intelig\u00eancias possam fazer altera\u00e7\u00f5es, customizando o sistema de acordo com a demanda de cada regi\u00e3o, proporcionando maior flexibilidade \u00e0 ferramenta.<\/p><p>Dessa forma, com o sucesso da implanta\u00e7\u00e3o do SUD, a PCSC come\u00e7a a compartilhar experi\u00eancias para que melhorias como essas tamb\u00e9m possam ser implantadas em outras institui\u00e7\u00f5es p\u00fablicas.<\/p>\t\t\t\t\t\t\t\t<\/div>\n\t\t\t\t<\/div>\n\t\t\t\t\t<\/div>\n\t\t<\/div>\n\t\t\t\t\t<\/div>\n\t\t<\/section>\n\t\t\t\t<\/div>\n\t\t","protected":false},"excerpt":{"rendered":"<p>Pol\u00edcia Civil recebe representantes da Controladoria Geral do Estado para compartilhar informa\u00e7\u00f5es sobre o Sistema \u00danico de Den\u00fancias Nesta quinta-feira (21), a Pol\u00edcia Civil de Santa Catarina, por meio da Diretoria de Intelig\u00eancia e da Ger\u00eancia de Tecnologia da Informa\u00e7\u00e3o, recebeu representantes da ouvidoria da Controladoria Geral do Estado (CGE) para compartilhar informa\u00e7\u00f5es e experi\u00eancias [&hellip;]<\/p>\n","protected":false},"author":5,"featured_media":16195,"comment_status":"closed","ping_status":"open","sticky":false,"template":"","format":"standard","meta":{"_monsterinsights_skip_tracking":false,"_monsterinsights_sitenote_active":false,"_monsterinsights_sitenote_note":"","_monsterinsights_sitenote_category":0,"footnotes":""},"categories":[1],"tags":[],"class_list":["post-16194","post","type-post","status-publish","format-standard","has-post-thumbnail","hentry","category-sem-categoria"],"_links":{"self":[{"href":"https:\/\/pc.sc.gov.br\/index.php?rest_route=\/wp\/v2\/posts\/16194","targetHints":{"allow":["GET"]}}],"collection":[{"href":"https:\/\/pc.sc.gov.br\/index.php?rest_route=\/wp\/v2\/posts"}],"about":[{"href":"https:\/\/pc.sc.gov.br\/index.php?rest_route=\/wp\/v2\/types\/post"}],"author":[{"embeddable":true,"href":"https:\/\/pc.sc.gov.br\/index.php?rest_route=\/wp\/v2\/users\/5"}],"replies":[{"embeddable":true,"href":"https:\/\/pc.sc.gov.br\/index.php?rest_route=%2Fwp%2Fv2%2Fcomments&post=16194"}],"version-history":[{"count":4,"href":"https:\/\/pc.sc.gov.br\/index.php?rest_route=\/wp\/v2\/posts\/16194\/revisions"}],"predecessor-version":[{"id":16199,"href":"https:\/\/pc.sc.gov.br\/index.php?rest_route=\/wp\/v2\/posts\/16194\/revisions\/16199"}],"wp:featuredmedia":[{"embeddable":true,"href":"https:\/\/pc.sc.gov.br\/index.php?rest_route=\/wp\/v2\/media\/16195"}],"wp:attachment":[{"href":"https:\/\/pc.sc.gov.br\/index.php?rest_route=%2Fwp%2Fv2%2Fmedia&parent=16194"}],"wp:term":[{"taxonomy":"category","embeddable":true,"href":"https:\/\/pc.sc.gov.br\/index.php?rest_route=%2Fwp%2Fv2%2Fcategories&post=16194"},{"taxonomy":"post_tag","embeddable":true,"href":"https:\/\/pc.sc.gov.br\/index.php?rest_route=%2Fwp%2Fv2%2Ftags&post=16194"}],"curies":[{"name":"wp","href":"https:\/\/api.w.org\/{rel}","templated":true}]}}