{"id":16200,"date":"2023-12-21T19:17:03","date_gmt":"2023-12-21T22:17:03","guid":{"rendered":"https:\/\/pc.sc.gov.br\/?p=16200"},"modified":"2023-12-21T19:21:31","modified_gmt":"2023-12-21T22:21:31","slug":"policia-civil-inaugura-revitalizacao-da-delegacia-do-subdistrito-da-pinheira-e-anuncia-atendimento-o-ano-todo","status":"publish","type":"post","link":"https:\/\/pc.sc.gov.br\/?p=16200","title":{"rendered":"Pol\u00edcia Civil inaugura revitaliza\u00e7\u00e3o da Delegacia do Subdistrito da Pinheira e anuncia atendimento o ano todo"},"content":{"rendered":"\t\t<div data-elementor-type=\"wp-post\" data-elementor-id=\"16200\" class=\"elementor elementor-16200\" data-elementor-post-type=\"post\">\n\t\t\t\t\t\t<section class=\"elementor-section elementor-top-section elementor-element elementor-element-9cc4c13 elementor-section-boxed elementor-section-height-default elementor-section-height-default\" data-id=\"9cc4c13\" data-element_type=\"section\">\n\t\t\t\t\t\t<div class=\"elementor-container elementor-column-gap-default\">\n\t\t\t\t\t<div class=\"elementor-column elementor-col-100 elementor-top-column elementor-element elementor-element-2d8a193\" data-id=\"2d8a193\" data-element_type=\"column\">\n\t\t\t<div class=\"elementor-widget-wrap elementor-element-populated\">\n\t\t\t\t\t\t<div class=\"elementor-element elementor-element-dadba38 elementor-widget elementor-widget-heading\" data-id=\"dadba38\" data-element_type=\"widget\" data-widget_type=\"heading.default\">\n\t\t\t\t<div class=\"elementor-widget-container\">\n\t\t\t\t\t<h2 class=\"elementor-heading-title elementor-size-default\">Pol\u00edcia Civil inaugura revitaliza\u00e7\u00e3o da Delegacia do Subdistrito da Pinheira e anuncia atendimento o ano todo<\/h2>\t\t\t\t<\/div>\n\t\t\t\t<\/div>\n\t\t\t\t\t<\/div>\n\t\t<\/div>\n\t\t\t\t\t<\/div>\n\t\t<\/section>\n\t\t\t\t<section class=\"elementor-section elementor-top-section elementor-element elementor-element-4f764fb elementor-section-boxed elementor-section-height-default elementor-section-height-default\" data-id=\"4f764fb\" data-element_type=\"section\">\n\t\t\t\t\t\t<div class=\"elementor-container elementor-column-gap-default\">\n\t\t\t\t\t<div class=\"elementor-column elementor-col-100 elementor-top-column elementor-element elementor-element-1d3d503\" data-id=\"1d3d503\" data-element_type=\"column\">\n\t\t\t<div class=\"elementor-widget-wrap elementor-element-populated\">\n\t\t\t\t\t\t<div class=\"elementor-element elementor-element-4ec5e1a elementor-widget elementor-widget-image\" data-id=\"4ec5e1a\" data-element_type=\"widget\" data-widget_type=\"image.default\">\n\t\t\t\t<div class=\"elementor-widget-container\">\n\t\t\t\t\t\t\t\t\t\t\t\t\t\t\t<img fetchpriority=\"high\" decoding=\"async\" width=\"696\" height=\"522\" src=\"https:\/\/pc.sc.gov.br\/\/wp-content\/uploads\/2023\/12\/DSCN0797-1024x768.jpg\" class=\"attachment-large size-large wp-image-16203\" alt=\"\" srcset=\"https:\/\/pc.sc.gov.br\/\/wp-content\/uploads\/2023\/12\/DSCN0797-1024x768.jpg 1024w, https:\/\/pc.sc.gov.br\/\/wp-content\/uploads\/2023\/12\/DSCN0797-300x225.jpg 300w, https:\/\/pc.sc.gov.br\/\/wp-content\/uploads\/2023\/12\/DSCN0797-768x576.jpg 768w, https:\/\/pc.sc.gov.br\/\/wp-content\/uploads\/2023\/12\/DSCN0797-1536x1152.jpg 1536w, https:\/\/pc.sc.gov.br\/\/wp-content\/uploads\/2023\/12\/DSCN0797-2048x1536.jpg 2048w\" sizes=\"(max-width: 696px) 100vw, 696px\" \/>\t\t\t\t\t\t\t\t\t\t\t\t\t\t\t<\/div>\n\t\t\t\t<\/div>\n\t\t\t\t\t<\/div>\n\t\t<\/div>\n\t\t\t\t\t<\/div>\n\t\t<\/section>\n\t\t\t\t<section class=\"elementor-section elementor-top-section elementor-element elementor-element-e59704a elementor-section-boxed elementor-section-height-default elementor-section-height-default\" data-id=\"e59704a\" data-element_type=\"section\">\n\t\t\t\t\t\t<div class=\"elementor-container elementor-column-gap-default\">\n\t\t\t\t\t<div class=\"elementor-column elementor-col-100 elementor-top-column elementor-element elementor-element-06ed67c\" data-id=\"06ed67c\" data-element_type=\"column\">\n\t\t\t<div class=\"elementor-widget-wrap elementor-element-populated\">\n\t\t\t\t\t\t<div class=\"elementor-element elementor-element-c93ce87 elementor-widget elementor-widget-text-editor\" data-id=\"c93ce87\" data-element_type=\"widget\" data-widget_type=\"text-editor.default\">\n\t\t\t\t<div class=\"elementor-widget-container\">\n\t\t\t\t\t\t\t\t\t<p>Nesta quinta-feira (21), a Pol\u00edcia Civil de Santa Catarina reinaugurou a Delegacia de Pol\u00edcia do Subdistrito da Pinheira. Localizada na rodovia Ev\u00e1dio Paulo Broering, Km 11, na Enseada da Pinheira, em Palho\u00e7a, a unidade policial est\u00e1 com a estrutura f\u00edsica revitalizada e reabre para atender os cidad\u00e3os e turistas do sul de Palho\u00e7a. Al\u00e9m disso, durante o evento de inaugura\u00e7\u00e3o da unidade, foi anunciado que a Delegacia do Subdistrito da Pinheira funcionar\u00e1 o ano todo e n\u00e3o somente nas temporadas de ver\u00e3o, como vinha acontecendo nos \u00faltimos anos.<\/p><p>O evento de reinaugura\u00e7\u00e3o aconteceu junto com a inaugura\u00e7\u00e3o do Quartel do Corpo de Bombeiros Militar, que funcionar\u00e1 no mesmo pr\u00e9dio da unidade policial, e da formatura de 21 guardas-vidas civis volunt\u00e1rios. Ao final do evento, aconteceu o descerramento da placa inaugura\u00e7\u00e3o do espa\u00e7o, que ser\u00e1 utilizado pela PCSC e pelo CBMSC, e o tradicional banho de batismo dos formandos.<\/p><p>O evento contou com a presen\u00e7a de diversas autoridades, com destaque para o delegado-geral da Pol\u00edcia Civil de Santa Catarina, Ulisses Gabriel; o Comandante-geral do Corpo de Bombeiros Militar de Santa Catarina, Coronel Fabiano de Souza; e o prefeito de Palho\u00e7a, Eduardo Freccia.<\/p>\t\t\t\t\t\t\t\t<\/div>\n\t\t\t\t<\/div>\n\t\t\t\t\t<\/div>\n\t\t<\/div>\n\t\t\t\t\t<\/div>\n\t\t<\/section>\n\t\t\t\t<section class=\"elementor-section elementor-top-section elementor-element elementor-element-1656e63 elementor-section-boxed elementor-section-height-default elementor-section-height-default\" data-id=\"1656e63\" data-element_type=\"section\">\n\t\t\t\t\t\t<div class=\"elementor-container elementor-column-gap-default\">\n\t\t\t\t\t<div class=\"elementor-column elementor-col-100 elementor-top-column elementor-element elementor-element-b813ffa\" data-id=\"b813ffa\" data-element_type=\"column\">\n\t\t\t<div class=\"elementor-widget-wrap\">\n\t\t\t\t\t\t\t<\/div>\n\t\t<\/div>\n\t\t\t\t\t<\/div>\n\t\t<\/section>\n\t\t\t\t<section class=\"elementor-section elementor-top-section elementor-element elementor-element-2243cac elementor-section-boxed elementor-section-height-default elementor-section-height-default\" data-id=\"2243cac\" data-element_type=\"section\">\n\t\t\t\t\t\t<div class=\"elementor-container elementor-column-gap-default\">\n\t\t\t\t\t<div class=\"elementor-column elementor-col-100 elementor-top-column elementor-element elementor-element-33f089d\" data-id=\"33f089d\" data-element_type=\"column\">\n\t\t\t<div class=\"elementor-widget-wrap elementor-element-populated\">\n\t\t\t\t\t\t<div class=\"elementor-element elementor-element-e4d881d elementor-widget elementor-widget-image\" data-id=\"e4d881d\" data-element_type=\"widget\" data-widget_type=\"image.default\">\n\t\t\t\t<div class=\"elementor-widget-container\">\n\t\t\t\t\t\t\t\t\t\t\t\t\t\t\t<img decoding=\"async\" width=\"696\" height=\"522\" src=\"https:\/\/pc.sc.gov.br\/\/wp-content\/uploads\/2023\/12\/WhatsApp-Image-2023-12-21-at-16.59.04-1024x768.jpeg\" class=\"attachment-large size-large wp-image-16206\" alt=\"\" srcset=\"https:\/\/pc.sc.gov.br\/\/wp-content\/uploads\/2023\/12\/WhatsApp-Image-2023-12-21-at-16.59.04-1024x768.jpeg 1024w, https:\/\/pc.sc.gov.br\/\/wp-content\/uploads\/2023\/12\/WhatsApp-Image-2023-12-21-at-16.59.04-300x225.jpeg 300w, https:\/\/pc.sc.gov.br\/\/wp-content\/uploads\/2023\/12\/WhatsApp-Image-2023-12-21-at-16.59.04-768x576.jpeg 768w, https:\/\/pc.sc.gov.br\/\/wp-content\/uploads\/2023\/12\/WhatsApp-Image-2023-12-21-at-16.59.04-1536x1152.jpeg 1536w, https:\/\/pc.sc.gov.br\/\/wp-content\/uploads\/2023\/12\/WhatsApp-Image-2023-12-21-at-16.59.04.jpeg 1600w\" sizes=\"(max-width: 696px) 100vw, 696px\" \/>\t\t\t\t\t\t\t\t\t\t\t\t\t\t\t<\/div>\n\t\t\t\t<\/div>\n\t\t\t\t<div class=\"elementor-element elementor-element-146803a elementor-widget elementor-widget-text-editor\" data-id=\"146803a\" data-element_type=\"widget\" data-widget_type=\"text-editor.default\">\n\t\t\t\t<div class=\"elementor-widget-container\">\n\t\t\t\t\t\t\t\t\t<p><b>Revitaliza\u00e7\u00e3o da Delegacia do Subdistrito da Pinheira<\/b><\/p>\n<p>A reforma deste ano come\u00e7ou em novembro e contou com melhorias estruturais como pintura, identifica\u00e7\u00e3o visual, substitui\u00e7\u00f5es de portas, constru\u00e7\u00e3o de garagem, pavimenta\u00e7\u00e3o do terreno, parte el\u00e9trica e constru\u00e7\u00e3o de novos muros. Estima-se que o investimento tenha sido de R$ 60 mil reais. Dinheiro esse oriundo de recursos do Corpo de Bombeiros e da parceria com a Secretaria de Obras da Prefeitura de Palho\u00e7a.<\/p>\n<p>A Delegacia de Pol\u00edcia do Subdistrito da Pinheira foi inaugurada em 1993 e funcionou durante os primeiros 20 anos todos os meses do ano e depois disso passou a funcionar durante a temporada de ver\u00e3o, com o objetivo de incrementar o n\u00famero de policiais civis, visando atender \u00e0 demanda da comunidade da regi\u00e3o, que aumenta devido ao alto fluxo de turistas neste per\u00edodo do ano.<\/p>\t\t\t\t\t\t\t\t<\/div>\n\t\t\t\t<\/div>\n\t\t\t\t\t<\/div>\n\t\t<\/div>\n\t\t\t\t\t<\/div>\n\t\t<\/section>\n\t\t\t\t<section class=\"elementor-section elementor-top-section elementor-element elementor-element-04e9ddf elementor-section-boxed elementor-section-height-default elementor-section-height-default\" data-id=\"04e9ddf\" data-element_type=\"section\">\n\t\t\t\t\t\t<div class=\"elementor-container elementor-column-gap-default\">\n\t\t\t\t\t<div class=\"elementor-column elementor-col-100 elementor-top-column elementor-element elementor-element-7196288\" data-id=\"7196288\" data-element_type=\"column\">\n\t\t\t<div class=\"elementor-widget-wrap elementor-element-populated\">\n\t\t\t\t\t\t<div class=\"elementor-element elementor-element-c4922d6 elementor-widget elementor-widget-image\" data-id=\"c4922d6\" data-element_type=\"widget\" data-widget_type=\"image.default\">\n\t\t\t\t<div class=\"elementor-widget-container\">\n\t\t\t\t\t\t\t\t\t\t\t\t\t\t\t<img decoding=\"async\" width=\"696\" height=\"522\" src=\"https:\/\/pc.sc.gov.br\/\/wp-content\/uploads\/2023\/12\/DSCN0829-1024x768.jpg\" class=\"attachment-large size-large wp-image-16201\" alt=\"\" srcset=\"https:\/\/pc.sc.gov.br\/\/wp-content\/uploads\/2023\/12\/DSCN0829-1024x768.jpg 1024w, https:\/\/pc.sc.gov.br\/\/wp-content\/uploads\/2023\/12\/DSCN0829-300x225.jpg 300w, https:\/\/pc.sc.gov.br\/\/wp-content\/uploads\/2023\/12\/DSCN0829-768x576.jpg 768w, https:\/\/pc.sc.gov.br\/\/wp-content\/uploads\/2023\/12\/DSCN0829-1536x1152.jpg 1536w, https:\/\/pc.sc.gov.br\/\/wp-content\/uploads\/2023\/12\/DSCN0829-2048x1536.jpg 2048w\" sizes=\"(max-width: 696px) 100vw, 696px\" \/>\t\t\t\t\t\t\t\t\t\t\t\t\t\t\t<\/div>\n\t\t\t\t<\/div>\n\t\t\t\t\t<\/div>\n\t\t<\/div>\n\t\t\t\t\t<\/div>\n\t\t<\/section>\n\t\t\t\t<section class=\"elementor-section elementor-top-section elementor-element elementor-element-bbef8f7 elementor-section-boxed elementor-section-height-default elementor-section-height-default\" data-id=\"bbef8f7\" data-element_type=\"section\">\n\t\t\t\t\t\t<div class=\"elementor-container elementor-column-gap-default\">\n\t\t\t\t\t<div class=\"elementor-column elementor-col-100 elementor-top-column elementor-element elementor-element-e94a6cb\" data-id=\"e94a6cb\" data-element_type=\"column\">\n\t\t\t<div class=\"elementor-widget-wrap elementor-element-populated\">\n\t\t\t\t\t\t<div class=\"elementor-element elementor-element-b06cb71 elementor-widget elementor-widget-text-editor\" data-id=\"b06cb71\" data-element_type=\"widget\" data-widget_type=\"text-editor.default\">\n\t\t\t\t<div class=\"elementor-widget-container\">\n\t\t\t\t\t\t\t\t\t<p><b>Inaugura\u00e7\u00e3o do Quartel do Corpo de Bombeiros Militar<\/b><\/p>\n<p>Em parceria com a PCSC, nas \u00faltimas tr\u00eas temporadas de ver\u00e3o, uma viatura do tipo autossocorro de urg\u00eancia do CBMSC ficou baseada nas instala\u00e7\u00f5es da Delegacia de Pol\u00edcia do Subdistrito da Pinheira. Com o objetivo melhorar o atendimento do CBMSC na localidade, a presen\u00e7a da viatura tornou-se indispens\u00e1vel, haja vista a dist\u00e2ncia do quartel mais pr\u00f3ximo no centro da cidade.<\/p>\n<p>No in\u00edcio deste ano, ap\u00f3s o encerramento da temporada 2022-2023, as institui\u00e7\u00f5es iniciaram as tratativas para a instala\u00e7\u00e3o definitiva da corpora\u00e7\u00e3o na regi\u00e3o sul do munic\u00edpio.<\/p>\n<p>Essa importante parceria e o apoio das prefeituras municipais de Palho\u00e7a e Paulo Lopes permitiram que agora pudesse ser ofertado a toda comunidade da regi\u00e3o sul de Palho\u00e7a, Paulo lopes e demais localidades do entorno, o servi\u00e7o ininterrupto das atividades do CBMSC, com a inaugura\u00e7\u00e3o de sua nova sede no bairro Pinheira.<\/p><p><i><b>Cr\u00e9ditos de fotos: CBMSC<\/b><\/i><\/p>\t\t\t\t\t\t\t\t<\/div>\n\t\t\t\t<\/div>\n\t\t\t\t\t<\/div>\n\t\t<\/div>\n\t\t\t\t\t<\/div>\n\t\t<\/section>\n\t\t\t\t<section class=\"elementor-section elementor-top-section elementor-element elementor-element-2b12221 elementor-section-boxed elementor-section-height-default elementor-section-height-default\" data-id=\"2b12221\" data-element_type=\"section\">\n\t\t\t\t\t\t<div class=\"elementor-container elementor-column-gap-default\">\n\t\t\t\t\t<div class=\"elementor-column elementor-col-100 elementor-top-column elementor-element elementor-element-c4397eb\" data-id=\"c4397eb\" data-element_type=\"column\">\n\t\t\t<div class=\"elementor-widget-wrap elementor-element-populated\">\n\t\t\t\t\t\t<div class=\"elementor-element elementor-element-cebc9b0 elementor-widget elementor-widget-image\" data-id=\"cebc9b0\" data-element_type=\"widget\" data-widget_type=\"image.default\">\n\t\t\t\t<div class=\"elementor-widget-container\">\n\t\t\t\t\t\t\t\t\t\t\t\t\t\t\t<img loading=\"lazy\" decoding=\"async\" width=\"696\" height=\"522\" src=\"https:\/\/pc.sc.gov.br\/\/wp-content\/uploads\/2023\/12\/DSCN0804-1024x768.jpg\" class=\"attachment-large size-large wp-image-16202\" alt=\"\" srcset=\"https:\/\/pc.sc.gov.br\/\/wp-content\/uploads\/2023\/12\/DSCN0804-1024x768.jpg 1024w, https:\/\/pc.sc.gov.br\/\/wp-content\/uploads\/2023\/12\/DSCN0804-300x225.jpg 300w, https:\/\/pc.sc.gov.br\/\/wp-content\/uploads\/2023\/12\/DSCN0804-768x576.jpg 768w, https:\/\/pc.sc.gov.br\/\/wp-content\/uploads\/2023\/12\/DSCN0804-1536x1152.jpg 1536w, https:\/\/pc.sc.gov.br\/\/wp-content\/uploads\/2023\/12\/DSCN0804-2048x1536.jpg 2048w\" sizes=\"(max-width: 696px) 100vw, 696px\" \/>\t\t\t\t\t\t\t\t\t\t\t\t\t\t\t<\/div>\n\t\t\t\t<\/div>\n\t\t\t\t\t<\/div>\n\t\t<\/div>\n\t\t\t\t\t<\/div>\n\t\t<\/section>\n\t\t\t\t<\/div>\n\t\t","protected":false},"excerpt":{"rendered":"<p>Pol\u00edcia Civil inaugura revitaliza\u00e7\u00e3o da Delegacia do Subdistrito da Pinheira e anuncia atendimento o ano todo Nesta quinta-feira (21), a Pol\u00edcia Civil de Santa Catarina reinaugurou a Delegacia de Pol\u00edcia do Subdistrito da Pinheira. Localizada na rodovia Ev\u00e1dio Paulo Broering, Km 11, na Enseada da Pinheira, em Palho\u00e7a, a unidade policial est\u00e1 com a estrutura [&hellip;]<\/p>\n","protected":false},"author":5,"featured_media":16203,"comment_status":"closed","ping_status":"open","sticky":false,"template":"","format":"standard","meta":{"_monsterinsights_skip_tracking":false,"_monsterinsights_sitenote_active":false,"_monsterinsights_sitenote_note":"","_monsterinsights_sitenote_category":0,"footnotes":""},"categories":[1],"tags":[],"class_list":["post-16200","post","type-post","status-publish","format-standard","has-post-thumbnail","hentry","category-sem-categoria"],"_links":{"self":[{"href":"https:\/\/pc.sc.gov.br\/index.php?rest_route=\/wp\/v2\/posts\/16200","targetHints":{"allow":["GET"]}}],"collection":[{"href":"https:\/\/pc.sc.gov.br\/index.php?rest_route=\/wp\/v2\/posts"}],"about":[{"href":"https:\/\/pc.sc.gov.br\/index.php?rest_route=\/wp\/v2\/types\/post"}],"author":[{"embeddable":true,"href":"https:\/\/pc.sc.gov.br\/index.php?rest_route=\/wp\/v2\/users\/5"}],"replies":[{"embeddable":true,"href":"https:\/\/pc.sc.gov.br\/index.php?rest_route=%2Fwp%2Fv2%2Fcomments&post=16200"}],"version-history":[{"count":4,"href":"https:\/\/pc.sc.gov.br\/index.php?rest_route=\/wp\/v2\/posts\/16200\/revisions"}],"predecessor-version":[{"id":16209,"href":"https:\/\/pc.sc.gov.br\/index.php?rest_route=\/wp\/v2\/posts\/16200\/revisions\/16209"}],"wp:featuredmedia":[{"embeddable":true,"href":"https:\/\/pc.sc.gov.br\/index.php?rest_route=\/wp\/v2\/media\/16203"}],"wp:attachment":[{"href":"https:\/\/pc.sc.gov.br\/index.php?rest_route=%2Fwp%2Fv2%2Fmedia&parent=16200"}],"wp:term":[{"taxonomy":"category","embeddable":true,"href":"https:\/\/pc.sc.gov.br\/index.php?rest_route=%2Fwp%2Fv2%2Fcategories&post=16200"},{"taxonomy":"post_tag","embeddable":true,"href":"https:\/\/pc.sc.gov.br\/index.php?rest_route=%2Fwp%2Fv2%2Ftags&post=16200"}],"curies":[{"name":"wp","href":"https:\/\/api.w.org\/{rel}","templated":true}]}}