{"id":16222,"date":"2023-12-22T13:34:04","date_gmt":"2023-12-22T16:34:04","guid":{"rendered":"https:\/\/pc.sc.gov.br\/?p=16222"},"modified":"2023-12-22T17:03:01","modified_gmt":"2023-12-22T20:03:01","slug":"trio-de-criminosos-que-praticou-crimes-barbaros-em-papanduva-e-preso-pela-policia-nacional-do-paraguai","status":"publish","type":"post","link":"https:\/\/pc.sc.gov.br\/?p=16222","title":{"rendered":"Trio de criminosos que praticou crimes b\u00e1rbaros em Papanduva \u00e9 preso pela Pol\u00edcia Nacional do Paraguai"},"content":{"rendered":"\t\t<div data-elementor-type=\"wp-post\" data-elementor-id=\"16222\" class=\"elementor elementor-16222\" data-elementor-post-type=\"post\">\n\t\t\t\t\t\t<section class=\"elementor-section elementor-top-section elementor-element elementor-element-91cf45d elementor-section-boxed elementor-section-height-default elementor-section-height-default\" data-id=\"91cf45d\" data-element_type=\"section\">\n\t\t\t\t\t\t<div class=\"elementor-container elementor-column-gap-default\">\n\t\t\t\t\t<div class=\"elementor-column elementor-col-100 elementor-top-column elementor-element elementor-element-6230e91\" data-id=\"6230e91\" data-element_type=\"column\">\n\t\t\t<div class=\"elementor-widget-wrap elementor-element-populated\">\n\t\t\t\t\t\t<div class=\"elementor-element elementor-element-979a14f elementor-widget elementor-widget-heading\" data-id=\"979a14f\" data-element_type=\"widget\" data-widget_type=\"heading.default\">\n\t\t\t\t<div class=\"elementor-widget-container\">\n\t\t\t\t\t<h2 class=\"elementor-heading-title elementor-size-default\">Trio de criminosos que praticou crimes b\u00e1rbaros em Papanduva \u00e9 preso pela Pol\u00edcia Nacional do Paraguai<\/h2>\t\t\t\t<\/div>\n\t\t\t\t<\/div>\n\t\t\t\t\t<\/div>\n\t\t<\/div>\n\t\t\t\t\t<\/div>\n\t\t<\/section>\n\t\t\t\t<section class=\"elementor-section elementor-top-section elementor-element elementor-element-7e1e62a elementor-section-boxed elementor-section-height-default elementor-section-height-default\" data-id=\"7e1e62a\" data-element_type=\"section\">\n\t\t\t\t\t\t<div class=\"elementor-container elementor-column-gap-default\">\n\t\t\t\t\t<div class=\"elementor-column elementor-col-100 elementor-top-column elementor-element elementor-element-f98f3e7\" data-id=\"f98f3e7\" data-element_type=\"column\">\n\t\t\t<div class=\"elementor-widget-wrap elementor-element-populated\">\n\t\t\t\t\t\t<div class=\"elementor-element elementor-element-a8250f8 elementor-widget elementor-widget-image\" data-id=\"a8250f8\" data-element_type=\"widget\" data-widget_type=\"image.default\">\n\t\t\t\t<div class=\"elementor-widget-container\">\n\t\t\t\t\t\t\t\t\t\t\t\t\t\t\t<img fetchpriority=\"high\" decoding=\"async\" width=\"696\" height=\"928\" src=\"https:\/\/pc.sc.gov.br\/\/wp-content\/uploads\/2023\/12\/WhatsApp-Image-2023-12-18-at-11.51.11-768x1024.jpeg\" class=\"attachment-large size-large wp-image-16223\" alt=\"\" srcset=\"https:\/\/pc.sc.gov.br\/\/wp-content\/uploads\/2023\/12\/WhatsApp-Image-2023-12-18-at-11.51.11-768x1024.jpeg 768w, https:\/\/pc.sc.gov.br\/\/wp-content\/uploads\/2023\/12\/WhatsApp-Image-2023-12-18-at-11.51.11-225x300.jpeg 225w, https:\/\/pc.sc.gov.br\/\/wp-content\/uploads\/2023\/12\/WhatsApp-Image-2023-12-18-at-11.51.11-1152x1536.jpeg 1152w, https:\/\/pc.sc.gov.br\/\/wp-content\/uploads\/2023\/12\/WhatsApp-Image-2023-12-18-at-11.51.11.jpeg 1200w\" sizes=\"(max-width: 696px) 100vw, 696px\" \/>\t\t\t\t\t\t\t\t\t\t\t\t\t\t\t<\/div>\n\t\t\t\t<\/div>\n\t\t\t\t\t<\/div>\n\t\t<\/div>\n\t\t\t\t\t<\/div>\n\t\t<\/section>\n\t\t\t\t<section class=\"elementor-section elementor-top-section elementor-element elementor-element-a8d11ab elementor-section-boxed elementor-section-height-default elementor-section-height-default\" data-id=\"a8d11ab\" data-element_type=\"section\">\n\t\t\t\t\t\t<div class=\"elementor-container elementor-column-gap-default\">\n\t\t\t\t\t<div class=\"elementor-column elementor-col-100 elementor-top-column elementor-element elementor-element-9a5ae90\" data-id=\"9a5ae90\" data-element_type=\"column\">\n\t\t\t<div class=\"elementor-widget-wrap elementor-element-populated\">\n\t\t\t\t\t\t<div class=\"elementor-element elementor-element-174ebe5 elementor-widget elementor-widget-text-editor\" data-id=\"174ebe5\" data-element_type=\"widget\" data-widget_type=\"text-editor.default\">\n\t\t\t\t<div class=\"elementor-widget-container\">\n\t\t\t\t\t\t\t\t\t<p>Ap\u00f3s dilig\u00eancias investigativas da Pol\u00edcia Civil de Santa Catarina, por meio das Delegacias de Pol\u00edcia de Papanduva e Imbituba, sobre o destino da fuga dos tr\u00eas autores dos b\u00e1rbaros crimes, ocorridos em Papanduva no \u00faltimo dia 16 de dezembro, os suspeitos foram capturados pela Pol\u00edcia Nacional do Paraguai na noite da quarta-feira (20), na cidade de Salto del Guair\u00e1, no Paraguai. <br>Os foragidos teriam ingressado no pa\u00eds de carro por Ciudad del Este na fronteira com Foz do Igua\u00e7u\/PR e deslocado \u00e0 Salto del Guair\u00e1 por territ\u00f3rio paraguaio.<br>A transposi\u00e7\u00e3o da fronteira foi considerada \u201cimigra\u00e7\u00e3o ilegal\u201d para as autoridade paraguaias, por isso, ap\u00f3s capturados, foram entregues \u00e0 Pol\u00edcia Militar de Mundo Novo, cidade brasileira de Mato Grosso do Sul. <br>Antes de se dirigir ao pa\u00eds estrangeiro, o trio de criminosos, logo ap\u00f3s o crime, empreendeu fuga para a cidade de Imbituba, no litoral catarinense, onde se hospedaram em um hotel, no qual chegaram ainda com as roupas que usavam na ocasi\u00e3o do crime, as quais estavam todas sujas. <br>Na cidade, negociaram a caminhonete Toyota\/Hilux, que era propriedade de um deles, adquirindo em troca um GM\/Cruze, com o qual se dirigiram ao oeste do Estado do Paran\u00e1 (Foz do Igua\u00e7u) para migrar irregularmente ao Paraguai.<br>A caminhonete Hilux foi localizada pela Pol\u00edcia Civil de Imbituba j\u00e1 exposta \u00e0 venda em uma concession\u00e1ria da cidade litor\u00e2nea. O ve\u00edculo havia sido lavado, mas ainda assim foram encontrados vest\u00edgios de sangue humano das v\u00edtimas, que foram periciados pela Pol\u00edcia Cient\u00edfica. <br><br><b>Tranfer\u00eancia dos Presos<\/b><br>A Pol\u00edcia Militar de Mundo Novo, ap\u00f3s receber os presos da Pol\u00edcia Nacional paraguaia, encaminhou os indiv\u00edduos \u00e0 unidade da Pol\u00edcia Civil de Mato Grosso do Sul, que por sua vez transferiu a cust\u00f3dia para a Pol\u00edcia Penal daquele Estado.<br>No entanto, nos pr\u00f3ximos dias, os suspeitos dever\u00e3o ser transferidos ao Pres\u00eddio Regional de Mafra, respons\u00e1vel por custodiar presos provis\u00f3rios de Papanduva.<\/p>\n<p><b>Opera\u00e7\u00e3o em Papanduva<\/b><br>Antes de ocorrer a pris\u00e3o no Paraguai, na ter\u00e7a-feira (19), a Pol\u00edcia Civil de Papanduva, com apoio das Delegacias de Mafra, Canoinhas e S\u00e3o Bento do Sul, realizaram opera\u00e7\u00e3o consistente no cumprimento de buscas e apreens\u00f5es nos endere\u00e7os de interesse da investiga\u00e7\u00e3o, locais onde poderiam ser encontradas provas dos crimes e os pr\u00f3prios criminosos. <br>Foram cumpridas tr\u00eas ordens judiciais de busca e apreens\u00e3o em im\u00f3veis localizados em \u00e1reas rurais de Papanduva, sendo esclarecido que o trio esteve na casa de uma irm\u00e3 de um deles, situada na localidade de Pratinha, interior do munic\u00edpio.<br><br><b>Entenda o caso<\/b><br>No in\u00edcio do s\u00e1bado (16), tr\u00eas homens armados praticaram, em sequ\u00eancia, os sequestros qualificados de quatro pessoas, dois homens e duas mulheres, bem como a tentativa de homic\u00eddio de um quinto homem que conseguiu fugir. Todos foram torturados e uma das mulheres ainda foi estuprada. Um homem, que sofreu atos abomin\u00e1veis de tortura, foi, ao final, morto e jogado num rio da regi\u00e3o.<br>Os fatos teriam ocorrido em v\u00e1rias localidades de \u00e1reas rurais dos munic\u00edpios de Papanduva e de Santa Terezinha.<br>De acordo com o Delegado Cassiano Tiburski, que apura os fatos, os suspeitos planejaram e executaram toda a a\u00e7\u00e3o na noite de 15 para 16 de dezembro \u00faltimo, iniciando com o rapto das v\u00edtimas em suas pr\u00f3prias casas. <br>Os autores come\u00e7aram sequestrando um casal de 25 e 26 anos de idade em sua casa, na localidade de Rio do Engano, Papanduva\/SC, a qual invadiram violentamente e subjugaram as v\u00edtimas, fato presenciado pelos genitores e por duas crian\u00e7as que presenciaram toda a a\u00e7\u00e3o e os atos violentos de tortura. <br>Em seguida, o casal v\u00edtima foi constrangido a embarcar no carro dos criminosos e se dirigiu a casa de uma terceira v\u00edtima, um homem de 34 anos, residente na mesma localidade, o qual foi tamb\u00e9m sequestrado. Em seguida, foram \u00e0 casa de outro casal de v\u00edtimas, sendo a mulher de 23 e o homem de 22 anos, com o mesmo intento. No local, situado na localidade de Capit\u00e3o Furtado, Santa Terezinha\/SC, o homem da casa conseguiu empreender fuga, mas sua esposa foi capturada pelos agressores.<br>Ap\u00f3s a sequ\u00eancia de arrebatamentos, o bando, dentro do carro que utilizavam, passou a praticar grav\u00edssimos atos de tortura, causando intenso sofrimento f\u00edsico e mental nas v\u00edtimas. Al\u00e9m disso, uma das mulheres foi estuprada por um dos autores, sendo molestada dentro do ve\u00edculo e em lugares em que o bando parou para tamb\u00e9m torturar os demais.<br>O homem de 34 anos, o que sofreu os piores atos de viol\u00eancia, que, acabou morto pelo bando. A v\u00edtima teria sido inclusive \u201cempalada\u201d, espancada e queimada com cigarros pelos criminosos. Provavelmente, j\u00e1 morta, foi colocada no compartimento de carga do ve\u00edculo, quando o bando passou a procurar um local para ocultar o cad\u00e1ver. A v\u00edtima foi jogada no Rio Herc\u00edlio na \u201cPonte Coberta\u201d, localidade de Salto Iraput\u00e3, limites entre os munic\u00edpios de Papanduva e Santa Terezinha. <br>As demais v\u00edtimas, ap\u00f3s serem torturadas f\u00edsica e psicologicamente por ao menos 5 horas, foram libertadas pr\u00f3ximo da casa de uma delas.<br>O corpo do homem de 34 anos foi localizado por pessoas que passavam pelo local, sendo acionados os \u00f3rg\u00e3os policiais, inclusive a per\u00edcia e o IML que recolheu o corpo para necropsia.<br><br><\/p>\t\t\t\t\t\t\t\t<\/div>\n\t\t\t\t<\/div>\n\t\t\t\t\t<\/div>\n\t\t<\/div>\n\t\t\t\t\t<\/div>\n\t\t<\/section>\n\t\t\t\t<\/div>\n\t\t","protected":false},"excerpt":{"rendered":"<p>Trio de criminosos que praticou crimes b\u00e1rbaros em Papanduva \u00e9 preso pela Pol\u00edcia Nacional do Paraguai Ap\u00f3s dilig\u00eancias investigativas da Pol\u00edcia Civil de Santa Catarina, por meio das Delegacias de Pol\u00edcia de Papanduva e Imbituba, sobre o destino da fuga dos tr\u00eas autores dos b\u00e1rbaros crimes, ocorridos em Papanduva no \u00faltimo dia 16 de dezembro, [&hellip;]<\/p>\n","protected":false},"author":5,"featured_media":16223,"comment_status":"closed","ping_status":"open","sticky":false,"template":"","format":"standard","meta":{"_monsterinsights_skip_tracking":false,"_monsterinsights_sitenote_active":false,"_monsterinsights_sitenote_note":"","_monsterinsights_sitenote_category":0,"footnotes":""},"categories":[1],"tags":[],"class_list":["post-16222","post","type-post","status-publish","format-standard","has-post-thumbnail","hentry","category-sem-categoria"],"_links":{"self":[{"href":"https:\/\/pc.sc.gov.br\/index.php?rest_route=\/wp\/v2\/posts\/16222","targetHints":{"allow":["GET"]}}],"collection":[{"href":"https:\/\/pc.sc.gov.br\/index.php?rest_route=\/wp\/v2\/posts"}],"about":[{"href":"https:\/\/pc.sc.gov.br\/index.php?rest_route=\/wp\/v2\/types\/post"}],"author":[{"embeddable":true,"href":"https:\/\/pc.sc.gov.br\/index.php?rest_route=\/wp\/v2\/users\/5"}],"replies":[{"embeddable":true,"href":"https:\/\/pc.sc.gov.br\/index.php?rest_route=%2Fwp%2Fv2%2Fcomments&post=16222"}],"version-history":[{"count":7,"href":"https:\/\/pc.sc.gov.br\/index.php?rest_route=\/wp\/v2\/posts\/16222\/revisions"}],"predecessor-version":[{"id":16253,"href":"https:\/\/pc.sc.gov.br\/index.php?rest_route=\/wp\/v2\/posts\/16222\/revisions\/16253"}],"wp:featuredmedia":[{"embeddable":true,"href":"https:\/\/pc.sc.gov.br\/index.php?rest_route=\/wp\/v2\/media\/16223"}],"wp:attachment":[{"href":"https:\/\/pc.sc.gov.br\/index.php?rest_route=%2Fwp%2Fv2%2Fmedia&parent=16222"}],"wp:term":[{"taxonomy":"category","embeddable":true,"href":"https:\/\/pc.sc.gov.br\/index.php?rest_route=%2Fwp%2Fv2%2Fcategories&post=16222"},{"taxonomy":"post_tag","embeddable":true,"href":"https:\/\/pc.sc.gov.br\/index.php?rest_route=%2Fwp%2Fv2%2Ftags&post=16222"}],"curies":[{"name":"wp","href":"https:\/\/api.w.org\/{rel}","templated":true}]}}