{"id":16228,"date":"2023-12-22T14:59:53","date_gmt":"2023-12-22T17:59:53","guid":{"rendered":"https:\/\/pc.sc.gov.br\/?p=16228"},"modified":"2023-12-22T15:00:55","modified_gmt":"2023-12-22T18:00:55","slug":"policia-civil-prende-estelionataria-que-se-passava-por-assessora-de-celebridades-em-balneario-camboriu","status":"publish","type":"post","link":"https:\/\/pc.sc.gov.br\/?p=16228","title":{"rendered":"Pol\u00edcia Civil prende estelionat\u00e1ria que se passava por assessora de celebridades em Balne\u00e1rio Cambori\u00fa"},"content":{"rendered":"\t\t<div data-elementor-type=\"wp-post\" data-elementor-id=\"16228\" class=\"elementor elementor-16228\" data-elementor-post-type=\"post\">\n\t\t\t\t\t\t<section class=\"elementor-section elementor-top-section elementor-element elementor-element-4b3a985 elementor-section-boxed elementor-section-height-default elementor-section-height-default\" data-id=\"4b3a985\" data-element_type=\"section\">\n\t\t\t\t\t\t<div class=\"elementor-container elementor-column-gap-default\">\n\t\t\t\t\t<div class=\"elementor-column elementor-col-100 elementor-top-column elementor-element elementor-element-54f4f28\" data-id=\"54f4f28\" data-element_type=\"column\">\n\t\t\t<div class=\"elementor-widget-wrap elementor-element-populated\">\n\t\t\t\t\t\t<div class=\"elementor-element elementor-element-7d6ffca elementor-widget elementor-widget-heading\" data-id=\"7d6ffca\" data-element_type=\"widget\" data-widget_type=\"heading.default\">\n\t\t\t\t<div class=\"elementor-widget-container\">\n\t\t\t\t\t<h2 class=\"elementor-heading-title elementor-size-default\">Pol\u00edcia Civil prende estelionat\u00e1ria que se passava por assessora de celebridades em Balne\u00e1rio Cambori\u00fa<\/h2>\t\t\t\t<\/div>\n\t\t\t\t<\/div>\n\t\t\t\t\t<\/div>\n\t\t<\/div>\n\t\t\t\t\t<\/div>\n\t\t<\/section>\n\t\t\t\t<section class=\"elementor-section elementor-top-section elementor-element elementor-element-25f60f5 elementor-section-boxed elementor-section-height-default elementor-section-height-default\" data-id=\"25f60f5\" data-element_type=\"section\">\n\t\t\t\t\t\t<div class=\"elementor-container elementor-column-gap-default\">\n\t\t\t\t\t<div class=\"elementor-column elementor-col-100 elementor-top-column elementor-element elementor-element-41d64d2\" data-id=\"41d64d2\" data-element_type=\"column\">\n\t\t\t<div class=\"elementor-widget-wrap elementor-element-populated\">\n\t\t\t\t\t\t<div class=\"elementor-element elementor-element-45a7dea elementor-widget elementor-widget-image\" data-id=\"45a7dea\" data-element_type=\"widget\" data-widget_type=\"image.default\">\n\t\t\t\t<div class=\"elementor-widget-container\">\n\t\t\t\t\t\t\t\t\t\t\t\t\t\t\t<img fetchpriority=\"high\" decoding=\"async\" width=\"696\" height=\"933\" src=\"https:\/\/pc.sc.gov.br\/\/wp-content\/uploads\/2023\/12\/WhatsApp-Image-2023-12-21-at-15.09.11-1-764x1024.jpeg\" class=\"attachment-large size-large wp-image-16229\" alt=\"\" srcset=\"https:\/\/pc.sc.gov.br\/\/wp-content\/uploads\/2023\/12\/WhatsApp-Image-2023-12-21-at-15.09.11-1-764x1024.jpeg 764w, https:\/\/pc.sc.gov.br\/\/wp-content\/uploads\/2023\/12\/WhatsApp-Image-2023-12-21-at-15.09.11-1-224x300.jpeg 224w, https:\/\/pc.sc.gov.br\/\/wp-content\/uploads\/2023\/12\/WhatsApp-Image-2023-12-21-at-15.09.11-1-768x1029.jpeg 768w, https:\/\/pc.sc.gov.br\/\/wp-content\/uploads\/2023\/12\/WhatsApp-Image-2023-12-21-at-15.09.11-1-1146x1536.jpeg 1146w, https:\/\/pc.sc.gov.br\/\/wp-content\/uploads\/2023\/12\/WhatsApp-Image-2023-12-21-at-15.09.11-1.jpeg 1194w\" sizes=\"(max-width: 696px) 100vw, 696px\" \/>\t\t\t\t\t\t\t\t\t\t\t\t\t\t\t<\/div>\n\t\t\t\t<\/div>\n\t\t\t\t\t<\/div>\n\t\t<\/div>\n\t\t\t\t\t<\/div>\n\t\t<\/section>\n\t\t\t\t<section class=\"elementor-section elementor-top-section elementor-element elementor-element-fcb80e6 elementor-section-boxed elementor-section-height-default elementor-section-height-default\" data-id=\"fcb80e6\" data-element_type=\"section\">\n\t\t\t\t\t\t<div class=\"elementor-container elementor-column-gap-default\">\n\t\t\t\t\t<div class=\"elementor-column elementor-col-100 elementor-top-column elementor-element elementor-element-ffd3b08\" data-id=\"ffd3b08\" data-element_type=\"column\">\n\t\t\t<div class=\"elementor-widget-wrap elementor-element-populated\">\n\t\t\t\t\t\t<div class=\"elementor-element elementor-element-c11bd03 elementor-widget elementor-widget-text-editor\" data-id=\"c11bd03\" data-element_type=\"widget\" data-widget_type=\"text-editor.default\">\n\t\t\t\t<div class=\"elementor-widget-container\">\n\t\t\t\t\t\t\t\t\t<p>Nesta quinta-feira (21), a Pol\u00edcia Civil do Estado de Santa Catarina, atrav\u00e9s da Delegacia de Pol\u00edcia de Itapema, prendeu uma estelionat\u00e1ria que se passava por assessora de celebridades em Balne\u00e1rio Cambori\u00fa. A presa foi encaminhada ao Complexo Prisional do Vale do Itaja\u00ed.<br>Al\u00e9m de representar pela decreta\u00e7\u00e3o da pris\u00e3o preventiva da suspeita, a Pol\u00edcia Civil representou tamb\u00e9m pelo bloqueio das contas banc\u00e1rias e valores do suspeito e da m\u00e3e dela, uma vez que durante a investiga\u00e7\u00e3o foi constatado que parte do dinheiro teria sido transferido para a conta da genitora.<br><br><b>Entenda o caso<\/b><br>Em novembro deste ano, um Inqu\u00e9rito Policial foi instaurado ap\u00f3s a estelionat\u00e1ria aplicar um golpe em um morador de Itapema dizendo ser assessora de celebridades, com essa informa\u00e7\u00e3o falsa, ela teria causado um preju\u00edzo de mais de R$ 350 mil reais \u00e0 v\u00edtima.<br>A suspeito, utilizando de ardil, induziu a v\u00edtima a realizar diversas transfer\u00eancias banc\u00e1rias, ao argumento que a v\u00edtima iria fazer campanhas publicit\u00e1rias com a celebridade, mencionando nomes de grandes empresas. Ap\u00f3s descobrir que estava sendo enganada, a v\u00edtima passou a ser amea\u00e7ada com a postagem de v\u00eddeos \u00edntimos pela suspeita.<\/p>\t\t\t\t\t\t\t\t<\/div>\n\t\t\t\t<\/div>\n\t\t\t\t\t<\/div>\n\t\t<\/div>\n\t\t\t\t\t<\/div>\n\t\t<\/section>\n\t\t\t\t<\/div>\n\t\t","protected":false},"excerpt":{"rendered":"<p>Pol\u00edcia Civil prende estelionat\u00e1ria que se passava por assessora de celebridades em Balne\u00e1rio Cambori\u00fa Nesta quinta-feira (21), a Pol\u00edcia Civil do Estado de Santa Catarina, atrav\u00e9s da Delegacia de Pol\u00edcia de Itapema, prendeu uma estelionat\u00e1ria que se passava por assessora de celebridades em Balne\u00e1rio Cambori\u00fa. A presa foi encaminhada ao Complexo Prisional do Vale do [&hellip;]<\/p>\n","protected":false},"author":5,"featured_media":16229,"comment_status":"closed","ping_status":"open","sticky":false,"template":"","format":"standard","meta":{"_monsterinsights_skip_tracking":false,"_monsterinsights_sitenote_active":false,"_monsterinsights_sitenote_note":"","_monsterinsights_sitenote_category":0,"footnotes":""},"categories":[1],"tags":[],"class_list":["post-16228","post","type-post","status-publish","format-standard","has-post-thumbnail","hentry","category-sem-categoria"],"_links":{"self":[{"href":"https:\/\/pc.sc.gov.br\/index.php?rest_route=\/wp\/v2\/posts\/16228","targetHints":{"allow":["GET"]}}],"collection":[{"href":"https:\/\/pc.sc.gov.br\/index.php?rest_route=\/wp\/v2\/posts"}],"about":[{"href":"https:\/\/pc.sc.gov.br\/index.php?rest_route=\/wp\/v2\/types\/post"}],"author":[{"embeddable":true,"href":"https:\/\/pc.sc.gov.br\/index.php?rest_route=\/wp\/v2\/users\/5"}],"replies":[{"embeddable":true,"href":"https:\/\/pc.sc.gov.br\/index.php?rest_route=%2Fwp%2Fv2%2Fcomments&post=16228"}],"version-history":[{"count":4,"href":"https:\/\/pc.sc.gov.br\/index.php?rest_route=\/wp\/v2\/posts\/16228\/revisions"}],"predecessor-version":[{"id":16233,"href":"https:\/\/pc.sc.gov.br\/index.php?rest_route=\/wp\/v2\/posts\/16228\/revisions\/16233"}],"wp:featuredmedia":[{"embeddable":true,"href":"https:\/\/pc.sc.gov.br\/index.php?rest_route=\/wp\/v2\/media\/16229"}],"wp:attachment":[{"href":"https:\/\/pc.sc.gov.br\/index.php?rest_route=%2Fwp%2Fv2%2Fmedia&parent=16228"}],"wp:term":[{"taxonomy":"category","embeddable":true,"href":"https:\/\/pc.sc.gov.br\/index.php?rest_route=%2Fwp%2Fv2%2Fcategories&post=16228"},{"taxonomy":"post_tag","embeddable":true,"href":"https:\/\/pc.sc.gov.br\/index.php?rest_route=%2Fwp%2Fv2%2Ftags&post=16228"}],"curies":[{"name":"wp","href":"https:\/\/api.w.org\/{rel}","templated":true}]}}