{"id":16234,"date":"2023-12-22T15:25:13","date_gmt":"2023-12-22T18:25:13","guid":{"rendered":"https:\/\/pc.sc.gov.br\/?p=16234"},"modified":"2023-12-22T15:25:58","modified_gmt":"2023-12-22T18:25:58","slug":"policia-civil-prende-cinco-pessoas-e-esclarece-homicidio-ocorrido-em-coronel-martins","status":"publish","type":"post","link":"https:\/\/pc.sc.gov.br\/?p=16234","title":{"rendered":"Pol\u00edcia Civil prende cinco pessoas e esclarece homic\u00eddio ocorrido em Coronel Martins"},"content":{"rendered":"\t\t<div data-elementor-type=\"wp-post\" data-elementor-id=\"16234\" class=\"elementor elementor-16234\" data-elementor-post-type=\"post\">\n\t\t\t\t\t\t<section class=\"elementor-section elementor-top-section elementor-element elementor-element-a80ab11 elementor-section-boxed elementor-section-height-default elementor-section-height-default\" data-id=\"a80ab11\" data-element_type=\"section\">\n\t\t\t\t\t\t<div class=\"elementor-container elementor-column-gap-default\">\n\t\t\t\t\t<div class=\"elementor-column elementor-col-100 elementor-top-column elementor-element elementor-element-4a95a7e\" data-id=\"4a95a7e\" data-element_type=\"column\">\n\t\t\t<div class=\"elementor-widget-wrap elementor-element-populated\">\n\t\t\t\t\t\t<div class=\"elementor-element elementor-element-2dc464f elementor-widget elementor-widget-heading\" data-id=\"2dc464f\" data-element_type=\"widget\" data-widget_type=\"heading.default\">\n\t\t\t\t<div class=\"elementor-widget-container\">\n\t\t\t\t\t<h2 class=\"elementor-heading-title elementor-size-default\">Pol\u00edcia Civil prende cinco pessoas e esclarece homic\u00eddio ocorrido em Coronel Martins<\/h2>\t\t\t\t<\/div>\n\t\t\t\t<\/div>\n\t\t\t\t\t<\/div>\n\t\t<\/div>\n\t\t\t\t\t<\/div>\n\t\t<\/section>\n\t\t\t\t<section class=\"elementor-section elementor-top-section elementor-element elementor-element-eca3763 elementor-section-boxed elementor-section-height-default elementor-section-height-default\" data-id=\"eca3763\" data-element_type=\"section\">\n\t\t\t\t\t\t<div class=\"elementor-container elementor-column-gap-default\">\n\t\t\t\t\t<div class=\"elementor-column elementor-col-100 elementor-top-column elementor-element elementor-element-b18dc90\" data-id=\"b18dc90\" data-element_type=\"column\">\n\t\t\t<div class=\"elementor-widget-wrap elementor-element-populated\">\n\t\t\t\t\t\t<div class=\"elementor-element elementor-element-7b31002 elementor-widget elementor-widget-image\" data-id=\"7b31002\" data-element_type=\"widget\" data-widget_type=\"image.default\">\n\t\t\t\t<div class=\"elementor-widget-container\">\n\t\t\t\t\t\t\t\t\t\t\t\t\t\t\t<img fetchpriority=\"high\" decoding=\"async\" width=\"696\" height=\"392\" src=\"https:\/\/pc.sc.gov.br\/\/wp-content\/uploads\/2023\/12\/WhatsApp-Image-2023-12-21-at-19.16.21-1-1024x576.jpeg\" class=\"attachment-large size-large wp-image-16235\" alt=\"\" srcset=\"https:\/\/pc.sc.gov.br\/\/wp-content\/uploads\/2023\/12\/WhatsApp-Image-2023-12-21-at-19.16.21-1-1024x576.jpeg 1024w, https:\/\/pc.sc.gov.br\/\/wp-content\/uploads\/2023\/12\/WhatsApp-Image-2023-12-21-at-19.16.21-1-300x169.jpeg 300w, https:\/\/pc.sc.gov.br\/\/wp-content\/uploads\/2023\/12\/WhatsApp-Image-2023-12-21-at-19.16.21-1-768x432.jpeg 768w, https:\/\/pc.sc.gov.br\/\/wp-content\/uploads\/2023\/12\/WhatsApp-Image-2023-12-21-at-19.16.21-1-1536x864.jpeg 1536w, https:\/\/pc.sc.gov.br\/\/wp-content\/uploads\/2023\/12\/WhatsApp-Image-2023-12-21-at-19.16.21-1.jpeg 1600w\" sizes=\"(max-width: 696px) 100vw, 696px\" \/>\t\t\t\t\t\t\t\t\t\t\t\t\t\t\t<\/div>\n\t\t\t\t<\/div>\n\t\t\t\t\t<\/div>\n\t\t<\/div>\n\t\t\t\t\t<\/div>\n\t\t<\/section>\n\t\t\t\t<section class=\"elementor-section elementor-top-section elementor-element elementor-element-c66a9c2 elementor-section-boxed elementor-section-height-default elementor-section-height-default\" data-id=\"c66a9c2\" data-element_type=\"section\">\n\t\t\t\t\t\t<div class=\"elementor-container elementor-column-gap-default\">\n\t\t\t\t\t<div class=\"elementor-column elementor-col-100 elementor-top-column elementor-element elementor-element-9ab6553\" data-id=\"9ab6553\" data-element_type=\"column\">\n\t\t\t<div class=\"elementor-widget-wrap elementor-element-populated\">\n\t\t\t\t\t\t<div class=\"elementor-element elementor-element-d1b423f elementor-widget elementor-widget-text-editor\" data-id=\"d1b423f\" data-element_type=\"widget\" data-widget_type=\"text-editor.default\">\n\t\t\t\t<div class=\"elementor-widget-container\">\n\t\t\t\t\t\t\t\t\t<p>Na quinta-feira (21), a Pol\u00edcia Civil de Santa Catarina, em opera\u00e7\u00e3o coordenada pela Divis\u00e3o de Investiga\u00e7\u00e3o Criminal (DIC-Fron) de S\u00e3o Louren\u00e7o do Oeste, prendeu cinco pessoas e esclareceu o homic\u00eddio de um homem, ocorrido em Coronel Martins.<br \/>Na noite de 12 de novembro deste ano, a v\u00edtima participava de uma confraterniza\u00e7\u00e3o com amigos, em um quiosque situado \u00e0s margens do Rio Saudade, na Linha Lunardi, interior de Coronel Martins e, ap\u00f3s perturbar algumas meninas, a v\u00edtima teria sido agredida com socos por um dos homens presentes (seu vizinho), saindo do local em seguida e n\u00e3o sendo mais visto desde ent\u00e3o, sendo o desaparecimento no dia seguinte.<br \/>O cad\u00e1ver da v\u00edtima somente foi localizado seis dias depois, em outro local situado \u00e0s margens do mesmo rio, j\u00e1 em avan\u00e7ado estado de putrefa\u00e7\u00e3o e com uma les\u00e3o compat\u00edvel com uma facada no peito. O Instituto M\u00e9dico Legal confirmou que o homem morreu em decorr\u00eancia de hemorragia aguda, mas sem ind\u00edcios de tortura no cad\u00e1ver. <br \/>Durante a investiga\u00e7\u00e3o, o vizinho agressor, seus familiares e amigos, todos suspeitos de envolvimento na morte, vinham prestando informa\u00e7\u00f5es falsas \u00e0 Pol\u00edcia Civil, al\u00e9m de solicitar que outras testemunhas mentissem nos depoimentos, raz\u00e3o pela qual foi decretada a pris\u00e3o de quatro homens e uma mulher. <br \/>Na data de hoje, o autor, que era vizinho, amigo e colega de trabalho da v\u00edtima, confessou que, por raz\u00f5es de embriaguez e ap\u00f3s novas provoca\u00e7\u00f5es ocorridas durante a madrugada, matou a v\u00edtima com uma facada no peito, ap\u00f3s todos os demais j\u00e1 terem ido dormir. <br \/>Com o esclarecimento do fato e das contradi\u00e7\u00f5es antes detectadas, a pr\u00f3pria Pol\u00edcia Civil solicitou a liberdade dos outros quatro presos, que foram soltos, ap\u00f3s parecer favor\u00e1vel do Minist\u00e9rio P\u00fablico e decis\u00e3o do Poder Judici\u00e1rio.<br \/>A opera\u00e7\u00e3o contou com o apoio das Delegacias de Pol\u00edcia de Coronel Martins, S\u00e3o Domingos, Quilombo, Campo Er\u00ea e da DPCAMI, permanecendo a finaliza\u00e7\u00e3o do inqu\u00e9rito ao encargo da DIC de S\u00e3o Louren\u00e7o do Oeste.<\/p>\t\t\t\t\t\t\t\t<\/div>\n\t\t\t\t<\/div>\n\t\t\t\t\t<\/div>\n\t\t<\/div>\n\t\t\t\t\t<\/div>\n\t\t<\/section>\n\t\t\t\t<\/div>\n\t\t","protected":false},"excerpt":{"rendered":"<p>Pol\u00edcia Civil prende cinco pessoas e esclarece homic\u00eddio ocorrido em Coronel Martins Na quinta-feira (21), a Pol\u00edcia Civil de Santa Catarina, em opera\u00e7\u00e3o coordenada pela Divis\u00e3o de Investiga\u00e7\u00e3o Criminal (DIC-Fron) de S\u00e3o Louren\u00e7o do Oeste, prendeu cinco pessoas e esclareceu o homic\u00eddio de um homem, ocorrido em Coronel Martins.Na noite de 12 de novembro deste [&hellip;]<\/p>\n","protected":false},"author":5,"featured_media":16235,"comment_status":"closed","ping_status":"open","sticky":false,"template":"","format":"standard","meta":{"_monsterinsights_skip_tracking":false,"_monsterinsights_sitenote_active":false,"_monsterinsights_sitenote_note":"","_monsterinsights_sitenote_category":0,"footnotes":""},"categories":[1],"tags":[],"class_list":["post-16234","post","type-post","status-publish","format-standard","has-post-thumbnail","hentry","category-sem-categoria"],"_links":{"self":[{"href":"https:\/\/pc.sc.gov.br\/index.php?rest_route=\/wp\/v2\/posts\/16234","targetHints":{"allow":["GET"]}}],"collection":[{"href":"https:\/\/pc.sc.gov.br\/index.php?rest_route=\/wp\/v2\/posts"}],"about":[{"href":"https:\/\/pc.sc.gov.br\/index.php?rest_route=\/wp\/v2\/types\/post"}],"author":[{"embeddable":true,"href":"https:\/\/pc.sc.gov.br\/index.php?rest_route=\/wp\/v2\/users\/5"}],"replies":[{"embeddable":true,"href":"https:\/\/pc.sc.gov.br\/index.php?rest_route=%2Fwp%2Fv2%2Fcomments&post=16234"}],"version-history":[{"count":4,"href":"https:\/\/pc.sc.gov.br\/index.php?rest_route=\/wp\/v2\/posts\/16234\/revisions"}],"predecessor-version":[{"id":16239,"href":"https:\/\/pc.sc.gov.br\/index.php?rest_route=\/wp\/v2\/posts\/16234\/revisions\/16239"}],"wp:featuredmedia":[{"embeddable":true,"href":"https:\/\/pc.sc.gov.br\/index.php?rest_route=\/wp\/v2\/media\/16235"}],"wp:attachment":[{"href":"https:\/\/pc.sc.gov.br\/index.php?rest_route=%2Fwp%2Fv2%2Fmedia&parent=16234"}],"wp:term":[{"taxonomy":"category","embeddable":true,"href":"https:\/\/pc.sc.gov.br\/index.php?rest_route=%2Fwp%2Fv2%2Fcategories&post=16234"},{"taxonomy":"post_tag","embeddable":true,"href":"https:\/\/pc.sc.gov.br\/index.php?rest_route=%2Fwp%2Fv2%2Ftags&post=16234"}],"curies":[{"name":"wp","href":"https:\/\/api.w.org\/{rel}","templated":true}]}}