{"id":16240,"date":"2023-12-22T16:39:46","date_gmt":"2023-12-22T19:39:46","guid":{"rendered":"https:\/\/pc.sc.gov.br\/?p=16240"},"modified":"2023-12-22T16:40:35","modified_gmt":"2023-12-22T19:40:35","slug":"policia-civil-conclui-investigacao-que-resultou-na-prisao-de-autores-de-furto-em-supermercado-em-curitibanos","status":"publish","type":"post","link":"https:\/\/pc.sc.gov.br\/?p=16240","title":{"rendered":"Pol\u00edcia Civil conclui investiga\u00e7\u00e3o que resultou na pris\u00e3o de autores de furto em supermercado em Curitibanos"},"content":{"rendered":"\t\t<div data-elementor-type=\"wp-post\" data-elementor-id=\"16240\" class=\"elementor elementor-16240\" data-elementor-post-type=\"post\">\n\t\t\t\t\t\t<section class=\"elementor-section elementor-top-section elementor-element elementor-element-cfe2487 elementor-section-boxed elementor-section-height-default elementor-section-height-default\" data-id=\"cfe2487\" data-element_type=\"section\">\n\t\t\t\t\t\t<div class=\"elementor-container elementor-column-gap-default\">\n\t\t\t\t\t<div class=\"elementor-column elementor-col-100 elementor-top-column elementor-element elementor-element-25348bc\" data-id=\"25348bc\" data-element_type=\"column\">\n\t\t\t<div class=\"elementor-widget-wrap elementor-element-populated\">\n\t\t\t\t\t\t<div class=\"elementor-element elementor-element-78a62de elementor-widget elementor-widget-heading\" data-id=\"78a62de\" data-element_type=\"widget\" data-widget_type=\"heading.default\">\n\t\t\t\t<div class=\"elementor-widget-container\">\n\t\t\t\t\t<h2 class=\"elementor-heading-title elementor-size-default\">Pol\u00edcia Civil conclui investiga\u00e7\u00e3o que resultou na pris\u00e3o de autores de furto em supermercado em Curitibanos<\/h2>\t\t\t\t<\/div>\n\t\t\t\t<\/div>\n\t\t\t\t\t<\/div>\n\t\t<\/div>\n\t\t\t\t\t<\/div>\n\t\t<\/section>\n\t\t\t\t<section class=\"elementor-section elementor-top-section elementor-element elementor-element-7b24b25 elementor-section-boxed elementor-section-height-default elementor-section-height-default\" data-id=\"7b24b25\" data-element_type=\"section\">\n\t\t\t\t\t\t<div class=\"elementor-container elementor-column-gap-default\">\n\t\t\t\t\t<div class=\"elementor-column elementor-col-100 elementor-top-column elementor-element elementor-element-0d9342b\" data-id=\"0d9342b\" data-element_type=\"column\">\n\t\t\t<div class=\"elementor-widget-wrap elementor-element-populated\">\n\t\t\t\t\t\t<div class=\"elementor-element elementor-element-33a9331 elementor-widget elementor-widget-image\" data-id=\"33a9331\" data-element_type=\"widget\" data-widget_type=\"image.default\">\n\t\t\t\t<div class=\"elementor-widget-container\">\n\t\t\t\t\t\t\t\t\t\t\t\t\t\t\t<img fetchpriority=\"high\" decoding=\"async\" width=\"696\" height=\"455\" src=\"https:\/\/pc.sc.gov.br\/\/wp-content\/uploads\/2023\/10\/viaturas-PC-SC-02-e1757444653909-1024x669.jpg\" class=\"attachment-large size-large wp-image-14043\" alt=\"\" srcset=\"https:\/\/pc.sc.gov.br\/\/wp-content\/uploads\/2023\/10\/viaturas-PC-SC-02-e1757444653909-1024x669.jpg 1024w, https:\/\/pc.sc.gov.br\/\/wp-content\/uploads\/2023\/10\/viaturas-PC-SC-02-e1757444653909-300x196.jpg 300w, https:\/\/pc.sc.gov.br\/\/wp-content\/uploads\/2023\/10\/viaturas-PC-SC-02-e1757444653909-768x502.jpg 768w, https:\/\/pc.sc.gov.br\/\/wp-content\/uploads\/2023\/10\/viaturas-PC-SC-02-e1757444653909.jpg 1080w\" sizes=\"(max-width: 696px) 100vw, 696px\" \/>\t\t\t\t\t\t\t\t\t\t\t\t\t\t\t<\/div>\n\t\t\t\t<\/div>\n\t\t\t\t<div class=\"elementor-element elementor-element-cef06ab elementor-widget elementor-widget-text-editor\" data-id=\"cef06ab\" data-element_type=\"widget\" data-widget_type=\"text-editor.default\">\n\t\t\t\t<div class=\"elementor-widget-container\">\n\t\t\t\t\t\t\t\t\t<p>Nesta sexta-feira (22), a Pol\u00edcia Civil de Santa Catarina, por meio da Delegacia de Pol\u00edcia da Comarca de Curitibanos, concluiu investiga\u00e7\u00e3o relativa a um furto cometido no in\u00edcio de novembro contra um supermercado localizado nesta cidade, resultando no indiciamento de quatro pessoas pelos crimes de associa\u00e7\u00e3o criminosa e furto qualificado.<br \/>No curso das investiga\u00e7\u00f5es, a Pol\u00edcia Civil conseguiu esclarecer a autoria dos fatos, de modo que foi representado ao Poder Judici\u00e1rio pela decreta\u00e7\u00e3o da pris\u00e3o preventiva de todos os quatro envolvidos no referido crime, al\u00e9m de busca e apreens\u00e3o domiciliar, cujos pleitos foram integralmente deferidos pela Justi\u00e7a, ap\u00f3s manifesta\u00e7\u00e3o favor\u00e1vel do Minist\u00e9rio P\u00fablico. <br \/>Em decorr\u00eancia dos mandados de pris\u00e3o preventiva expedidos, dois dos envolvidos foram presos nos dias 18 e 19, ambos na cidade de Cambori\u00fa. Os demais seguem foragidos. Na \u00faltima quarta-feira (20), policiais civis de Curitibanos e de Conc\u00f3rdia realizaram dilig\u00eancias nas cidades de Cambori\u00fa e Itaja\u00ed, ocasi\u00e3o em que foram feitos levantamentos e cumprimento de mandados de busca e apreens\u00e3o. <br \/>A investiga\u00e7\u00e3o demonstrou que tais indiv\u00edduos integravam uma associa\u00e7\u00e3o criminosa estruturada h\u00e1 bastante tempo, voltada a pr\u00e1tica de furtos, principalmente contra com\u00e9rcios, com atua\u00e7\u00e3o em v\u00e1rias cidades do Estado, inclusive, esse mesmo grupo criminoso \u00e9 suspeito de cometer um furto milion\u00e1rio contra um relojoaria ocorrido no mesmo m\u00eas na cidade de Conc\u00f3rdia.<\/p>\t\t\t\t\t\t\t\t<\/div>\n\t\t\t\t<\/div>\n\t\t\t\t\t<\/div>\n\t\t<\/div>\n\t\t\t\t\t<\/div>\n\t\t<\/section>\n\t\t\t\t<\/div>\n\t\t","protected":false},"excerpt":{"rendered":"<p>Pol\u00edcia Civil conclui investiga\u00e7\u00e3o que resultou na pris\u00e3o de autores de furto em supermercado em Curitibanos Nesta sexta-feira (22), a Pol\u00edcia Civil de Santa Catarina, por meio da Delegacia de Pol\u00edcia da Comarca de Curitibanos, concluiu investiga\u00e7\u00e3o relativa a um furto cometido no in\u00edcio de novembro contra um supermercado localizado nesta cidade, resultando no indiciamento [&hellip;]<\/p>\n","protected":false},"author":5,"featured_media":14043,"comment_status":"closed","ping_status":"open","sticky":false,"template":"","format":"standard","meta":{"_monsterinsights_skip_tracking":false,"_monsterinsights_sitenote_active":false,"_monsterinsights_sitenote_note":"","_monsterinsights_sitenote_category":0,"footnotes":""},"categories":[1],"tags":[],"class_list":["post-16240","post","type-post","status-publish","format-standard","has-post-thumbnail","hentry","category-sem-categoria"],"_links":{"self":[{"href":"https:\/\/pc.sc.gov.br\/index.php?rest_route=\/wp\/v2\/posts\/16240","targetHints":{"allow":["GET"]}}],"collection":[{"href":"https:\/\/pc.sc.gov.br\/index.php?rest_route=\/wp\/v2\/posts"}],"about":[{"href":"https:\/\/pc.sc.gov.br\/index.php?rest_route=\/wp\/v2\/types\/post"}],"author":[{"embeddable":true,"href":"https:\/\/pc.sc.gov.br\/index.php?rest_route=\/wp\/v2\/users\/5"}],"replies":[{"embeddable":true,"href":"https:\/\/pc.sc.gov.br\/index.php?rest_route=%2Fwp%2Fv2%2Fcomments&post=16240"}],"version-history":[{"count":4,"href":"https:\/\/pc.sc.gov.br\/index.php?rest_route=\/wp\/v2\/posts\/16240\/revisions"}],"predecessor-version":[{"id":16244,"href":"https:\/\/pc.sc.gov.br\/index.php?rest_route=\/wp\/v2\/posts\/16240\/revisions\/16244"}],"wp:featuredmedia":[{"embeddable":true,"href":"https:\/\/pc.sc.gov.br\/index.php?rest_route=\/wp\/v2\/media\/14043"}],"wp:attachment":[{"href":"https:\/\/pc.sc.gov.br\/index.php?rest_route=%2Fwp%2Fv2%2Fmedia&parent=16240"}],"wp:term":[{"taxonomy":"category","embeddable":true,"href":"https:\/\/pc.sc.gov.br\/index.php?rest_route=%2Fwp%2Fv2%2Fcategories&post=16240"},{"taxonomy":"post_tag","embeddable":true,"href":"https:\/\/pc.sc.gov.br\/index.php?rest_route=%2Fwp%2Fv2%2Ftags&post=16240"}],"curies":[{"name":"wp","href":"https:\/\/api.w.org\/{rel}","templated":true}]}}