{"id":16261,"date":"2023-12-22T17:54:21","date_gmt":"2023-12-22T20:54:21","guid":{"rendered":"https:\/\/pc.sc.gov.br\/?p=16261"},"modified":"2023-12-22T17:55:21","modified_gmt":"2023-12-22T20:55:21","slug":"caoagro-da-pcsc-e-cidasc-interditam-local-que-processava-clandestinamente-subprodutos-de-origem-animal-em-coronel-freitas","status":"publish","type":"post","link":"https:\/\/pc.sc.gov.br\/?p=16261","title":{"rendered":"Caoagro da PCSC e Cidasc interditam local que processava clandestinamente subprodutos de origem animal em Coronel Freitas"},"content":{"rendered":"\t\t<div data-elementor-type=\"wp-post\" data-elementor-id=\"16261\" class=\"elementor elementor-16261\" data-elementor-post-type=\"post\">\n\t\t\t\t\t\t<section class=\"elementor-section elementor-top-section elementor-element elementor-element-adbdf00 elementor-section-boxed elementor-section-height-default elementor-section-height-default\" data-id=\"adbdf00\" data-element_type=\"section\">\n\t\t\t\t\t\t<div class=\"elementor-container elementor-column-gap-default\">\n\t\t\t\t\t<div class=\"elementor-column elementor-col-100 elementor-top-column elementor-element elementor-element-70fc0ff\" data-id=\"70fc0ff\" data-element_type=\"column\">\n\t\t\t<div class=\"elementor-widget-wrap elementor-element-populated\">\n\t\t\t\t\t\t<div class=\"elementor-element elementor-element-4cae62b elementor-widget elementor-widget-heading\" data-id=\"4cae62b\" data-element_type=\"widget\" data-widget_type=\"heading.default\">\n\t\t\t\t<div class=\"elementor-widget-container\">\n\t\t\t\t\t<h2 class=\"elementor-heading-title elementor-size-default\">Caoagro da PCSC e Cidasc interditam local que processava clandestinamente subprodutos de origem animal em Coronel Freitas<\/h2>\t\t\t\t<\/div>\n\t\t\t\t<\/div>\n\t\t\t\t\t<\/div>\n\t\t<\/div>\n\t\t\t\t\t<\/div>\n\t\t<\/section>\n\t\t\t\t<section class=\"elementor-section elementor-top-section elementor-element elementor-element-43cedac elementor-section-boxed elementor-section-height-default elementor-section-height-default\" data-id=\"43cedac\" data-element_type=\"section\">\n\t\t\t\t\t\t<div class=\"elementor-container elementor-column-gap-default\">\n\t\t\t\t\t<div class=\"elementor-column elementor-col-100 elementor-top-column elementor-element elementor-element-d59acdf\" data-id=\"d59acdf\" data-element_type=\"column\">\n\t\t\t<div class=\"elementor-widget-wrap elementor-element-populated\">\n\t\t\t\t\t\t<div class=\"elementor-element elementor-element-33ff28c elementor-widget elementor-widget-image\" data-id=\"33ff28c\" data-element_type=\"widget\" data-widget_type=\"image.default\">\n\t\t\t\t<div class=\"elementor-widget-container\">\n\t\t\t\t\t\t\t\t\t\t\t\t\t\t\t<img fetchpriority=\"high\" decoding=\"async\" width=\"696\" height=\"522\" src=\"https:\/\/pc.sc.gov.br\/\/wp-content\/uploads\/2023\/12\/WhatsApp-Image-2023-12-21-at-14.23.35-1024x768.jpeg\" class=\"attachment-large size-large wp-image-16263\" alt=\"\" srcset=\"https:\/\/pc.sc.gov.br\/\/wp-content\/uploads\/2023\/12\/WhatsApp-Image-2023-12-21-at-14.23.35-1024x768.jpeg 1024w, https:\/\/pc.sc.gov.br\/\/wp-content\/uploads\/2023\/12\/WhatsApp-Image-2023-12-21-at-14.23.35-300x225.jpeg 300w, https:\/\/pc.sc.gov.br\/\/wp-content\/uploads\/2023\/12\/WhatsApp-Image-2023-12-21-at-14.23.35-768x576.jpeg 768w, https:\/\/pc.sc.gov.br\/\/wp-content\/uploads\/2023\/12\/WhatsApp-Image-2023-12-21-at-14.23.35.jpeg 1280w\" sizes=\"(max-width: 696px) 100vw, 696px\" \/>\t\t\t\t\t\t\t\t\t\t\t\t\t\t\t<\/div>\n\t\t\t\t<\/div>\n\t\t\t\t\t<\/div>\n\t\t<\/div>\n\t\t\t\t\t<\/div>\n\t\t<\/section>\n\t\t\t\t<section class=\"elementor-section elementor-top-section elementor-element elementor-element-c4710de elementor-section-boxed elementor-section-height-default elementor-section-height-default\" data-id=\"c4710de\" data-element_type=\"section\">\n\t\t\t\t\t\t<div class=\"elementor-container elementor-column-gap-default\">\n\t\t\t\t\t<div class=\"elementor-column elementor-col-100 elementor-top-column elementor-element elementor-element-5c8363d\" data-id=\"5c8363d\" data-element_type=\"column\">\n\t\t\t<div class=\"elementor-widget-wrap elementor-element-populated\">\n\t\t\t\t\t\t<div class=\"elementor-element elementor-element-f64de6b elementor-widget elementor-widget-text-editor\" data-id=\"f64de6b\" data-element_type=\"widget\" data-widget_type=\"text-editor.default\">\n\t\t\t\t<div class=\"elementor-widget-container\">\n\t\t\t\t\t\t\t\t\t<p>Nesta quinta-feira (21), a Pol\u00edcia Civil de Santa Catarina, por meio do Centro de Apoio Operacional de Combate aos Crimes Contra o Agroneg\u00f3cio (CAOAGRO\/PCSC), juntamente com Policiais Civis da Opera\u00e7\u00e3o H\u00f3rus e a CIDASC, realizou fiscaliza\u00e7\u00e3o sanit\u00e1ria em propriedade rural localizada na linha Zenaide Bertaso, interior de Coronel Freitas.<br \/>A den\u00fancia inicial era de abate clandestino, com revenda das carnes nos estabelecimentos comerciais da regi\u00e3o. A localidade \u00e9 de dif\u00edcil acesso, tendo sido necess\u00e1rio a utiliza\u00e7\u00e3o do drone da Pol\u00edcia Civil para mapear a \u00e1rea e garantir o sucesso da a\u00e7\u00e3o. <br \/>Durante a opera\u00e7\u00e3o, foi flagrado grande quantidade de couro e v\u00edsceras de animais armazenadas em ton\u00e9is e em condi\u00e7\u00f5es higi\u00eanico-sanit\u00e1rias muito prec\u00e1rias, rodeadas por moscas e animais dom\u00e9sticos, al\u00e9m de forte odor e sujidades. <br \/>Tamb\u00e9m havia uma c\u00e2mara fria repleta de carca\u00e7as, tudo em desacordo com as normativas sanit\u00e1rias e ambientais.<br \/>As investiga\u00e7\u00f5es preliminares apontaram que no local n\u00e3o funciona um abatedouro, mas sim um entreposto clandestino de processamento de subprodutos de origem animal, com a revenda dos res\u00edduos para f\u00e1bricas de ra\u00e7\u00e3o de outros Estados, geralmente \u00e0 noite. Carca\u00e7as de toda a regi\u00e3o s\u00e3o processadas ali, mas o local n\u00e3o conta com licen\u00e7a ambiental, registros na vigil\u00e2ncia sanit\u00e1ria ou nos demais \u00f3rg\u00e3os competentes. <br \/>O local foi interditado e o propriet\u00e1rio notificado administrativamente por infra\u00e7\u00e3o \u00e0s normas sanit\u00e1rias. Procedeu-se com a inutiliza\u00e7\u00e3o e o descarte dos produtos c\u00e1rneos. Ser\u00e1 instaurado procedimento policial para apurar eventual pr\u00e1tica de crime ambiental. <br \/>O objetivo da opera\u00e7\u00e3o \u00e9 garantir a seguran\u00e7a dos consumidores e a oferta de produtos de origem animal livres de riscos. Os produtos catarinenses t\u00eam conquistado o mercado nacional e at\u00e9 internacional pela qualidade que oferecem. <\/p>\t\t\t\t\t\t\t\t<\/div>\n\t\t\t\t<\/div>\n\t\t\t\t\t<\/div>\n\t\t<\/div>\n\t\t\t\t\t<\/div>\n\t\t<\/section>\n\t\t\t\t<section class=\"elementor-section elementor-top-section elementor-element elementor-element-6bb01d9 elementor-section-boxed elementor-section-height-default elementor-section-height-default\" data-id=\"6bb01d9\" data-element_type=\"section\">\n\t\t\t\t\t\t<div class=\"elementor-container elementor-column-gap-default\">\n\t\t\t\t\t<div class=\"elementor-column elementor-col-100 elementor-top-column elementor-element elementor-element-7a43dc8\" data-id=\"7a43dc8\" data-element_type=\"column\">\n\t\t\t<div class=\"elementor-widget-wrap elementor-element-populated\">\n\t\t\t\t\t\t<div class=\"elementor-element elementor-element-01ce9fa elementor-widget elementor-widget-image\" data-id=\"01ce9fa\" data-element_type=\"widget\" data-widget_type=\"image.default\">\n\t\t\t\t<div class=\"elementor-widget-container\">\n\t\t\t\t\t\t\t\t\t\t\t\t\t\t\t<img decoding=\"async\" width=\"696\" height=\"928\" src=\"https:\/\/pc.sc.gov.br\/\/wp-content\/uploads\/2023\/12\/WhatsApp-Image-2023-12-21-at-14.23.35-1-768x1024.jpeg\" class=\"attachment-large size-large wp-image-16262\" alt=\"\" srcset=\"https:\/\/pc.sc.gov.br\/\/wp-content\/uploads\/2023\/12\/WhatsApp-Image-2023-12-21-at-14.23.35-1-768x1024.jpeg 768w, https:\/\/pc.sc.gov.br\/\/wp-content\/uploads\/2023\/12\/WhatsApp-Image-2023-12-21-at-14.23.35-1-225x300.jpeg 225w, https:\/\/pc.sc.gov.br\/\/wp-content\/uploads\/2023\/12\/WhatsApp-Image-2023-12-21-at-14.23.35-1.jpeg 960w\" sizes=\"(max-width: 696px) 100vw, 696px\" \/>\t\t\t\t\t\t\t\t\t\t\t\t\t\t\t<\/div>\n\t\t\t\t<\/div>\n\t\t\t\t\t<\/div>\n\t\t<\/div>\n\t\t\t\t\t<\/div>\n\t\t<\/section>\n\t\t\t\t<\/div>\n\t\t","protected":false},"excerpt":{"rendered":"<p>Caoagro da PCSC e Cidasc interditam local que processava clandestinamente subprodutos de origem animal em Coronel Freitas Nesta quinta-feira (21), a Pol\u00edcia Civil de Santa Catarina, por meio do Centro de Apoio Operacional de Combate aos Crimes Contra o Agroneg\u00f3cio (CAOAGRO\/PCSC), juntamente com Policiais Civis da Opera\u00e7\u00e3o H\u00f3rus e a CIDASC, realizou fiscaliza\u00e7\u00e3o sanit\u00e1ria em [&hellip;]<\/p>\n","protected":false},"author":5,"featured_media":16263,"comment_status":"closed","ping_status":"open","sticky":false,"template":"","format":"standard","meta":{"_monsterinsights_skip_tracking":false,"_monsterinsights_sitenote_active":false,"_monsterinsights_sitenote_note":"","_monsterinsights_sitenote_category":0,"footnotes":""},"categories":[1],"tags":[],"class_list":["post-16261","post","type-post","status-publish","format-standard","has-post-thumbnail","hentry","category-sem-categoria"],"_links":{"self":[{"href":"https:\/\/pc.sc.gov.br\/index.php?rest_route=\/wp\/v2\/posts\/16261","targetHints":{"allow":["GET"]}}],"collection":[{"href":"https:\/\/pc.sc.gov.br\/index.php?rest_route=\/wp\/v2\/posts"}],"about":[{"href":"https:\/\/pc.sc.gov.br\/index.php?rest_route=\/wp\/v2\/types\/post"}],"author":[{"embeddable":true,"href":"https:\/\/pc.sc.gov.br\/index.php?rest_route=\/wp\/v2\/users\/5"}],"replies":[{"embeddable":true,"href":"https:\/\/pc.sc.gov.br\/index.php?rest_route=%2Fwp%2Fv2%2Fcomments&post=16261"}],"version-history":[{"count":4,"href":"https:\/\/pc.sc.gov.br\/index.php?rest_route=\/wp\/v2\/posts\/16261\/revisions"}],"predecessor-version":[{"id":16267,"href":"https:\/\/pc.sc.gov.br\/index.php?rest_route=\/wp\/v2\/posts\/16261\/revisions\/16267"}],"wp:featuredmedia":[{"embeddable":true,"href":"https:\/\/pc.sc.gov.br\/index.php?rest_route=\/wp\/v2\/media\/16263"}],"wp:attachment":[{"href":"https:\/\/pc.sc.gov.br\/index.php?rest_route=%2Fwp%2Fv2%2Fmedia&parent=16261"}],"wp:term":[{"taxonomy":"category","embeddable":true,"href":"https:\/\/pc.sc.gov.br\/index.php?rest_route=%2Fwp%2Fv2%2Fcategories&post=16261"},{"taxonomy":"post_tag","embeddable":true,"href":"https:\/\/pc.sc.gov.br\/index.php?rest_route=%2Fwp%2Fv2%2Ftags&post=16261"}],"curies":[{"name":"wp","href":"https:\/\/api.w.org\/{rel}","templated":true}]}}