{"id":16340,"date":"2024-01-03T18:07:12","date_gmt":"2024-01-03T21:07:12","guid":{"rendered":"https:\/\/pc.sc.gov.br\/?p=16340"},"modified":"2024-01-03T18:17:23","modified_gmt":"2024-01-03T21:17:23","slug":"dic-de-lages-prende-homem-condenado-por-roubo","status":"publish","type":"post","link":"https:\/\/pc.sc.gov.br\/?p=16340","title":{"rendered":"DIC de Lages prende homem condenado por roubo"},"content":{"rendered":"\t\t<div data-elementor-type=\"wp-post\" data-elementor-id=\"16340\" class=\"elementor elementor-16340\" data-elementor-post-type=\"post\">\n\t\t\t\t\t\t<section class=\"elementor-section elementor-top-section elementor-element elementor-element-318ed1c elementor-section-boxed elementor-section-height-default elementor-section-height-default\" data-id=\"318ed1c\" data-element_type=\"section\">\n\t\t\t\t\t\t<div class=\"elementor-container elementor-column-gap-default\">\n\t\t\t\t\t<div class=\"elementor-column elementor-col-100 elementor-top-column elementor-element elementor-element-4f436f8\" data-id=\"4f436f8\" data-element_type=\"column\">\n\t\t\t<div class=\"elementor-widget-wrap elementor-element-populated\">\n\t\t\t\t\t\t<div class=\"elementor-element elementor-element-0c314a9 elementor-widget elementor-widget-heading\" data-id=\"0c314a9\" data-element_type=\"widget\" data-widget_type=\"heading.default\">\n\t\t\t\t<div class=\"elementor-widget-container\">\n\t\t\t\t\t<h2 class=\"elementor-heading-title elementor-size-default\">DIC de Lages prende homem condenado por roubo <\/h2>\t\t\t\t<\/div>\n\t\t\t\t<\/div>\n\t\t\t\t\t<\/div>\n\t\t<\/div>\n\t\t\t\t\t<\/div>\n\t\t<\/section>\n\t\t\t\t<section class=\"elementor-section elementor-top-section elementor-element elementor-element-b662045 elementor-section-boxed elementor-section-height-default elementor-section-height-default\" data-id=\"b662045\" data-element_type=\"section\">\n\t\t\t\t\t\t<div class=\"elementor-container elementor-column-gap-default\">\n\t\t\t\t\t<div class=\"elementor-column elementor-col-100 elementor-top-column elementor-element elementor-element-5b91d0f\" data-id=\"5b91d0f\" data-element_type=\"column\">\n\t\t\t<div class=\"elementor-widget-wrap elementor-element-populated\">\n\t\t\t\t\t\t<div class=\"elementor-element elementor-element-8abd1f7 elementor-widget elementor-widget-image\" data-id=\"8abd1f7\" data-element_type=\"widget\" data-widget_type=\"image.default\">\n\t\t\t\t<div class=\"elementor-widget-container\">\n\t\t\t\t\t\t\t\t\t\t\t\t\t\t\t<img fetchpriority=\"high\" decoding=\"async\" width=\"696\" height=\"501\" src=\"https:\/\/pc.sc.gov.br\/\/wp-content\/uploads\/2024\/01\/DIC-DE-LAGES-CORTA-fotor-202401031851.png\" class=\"attachment-large size-large wp-image-16341\" alt=\"\" srcset=\"https:\/\/pc.sc.gov.br\/\/wp-content\/uploads\/2024\/01\/DIC-DE-LAGES-CORTA-fotor-202401031851.png 950w, https:\/\/pc.sc.gov.br\/\/wp-content\/uploads\/2024\/01\/DIC-DE-LAGES-CORTA-fotor-202401031851-300x216.png 300w, https:\/\/pc.sc.gov.br\/\/wp-content\/uploads\/2024\/01\/DIC-DE-LAGES-CORTA-fotor-202401031851-768x553.png 768w\" sizes=\"(max-width: 696px) 100vw, 696px\" \/>\t\t\t\t\t\t\t\t\t\t\t\t\t\t\t<\/div>\n\t\t\t\t<\/div>\n\t\t\t\t\t<\/div>\n\t\t<\/div>\n\t\t\t\t\t<\/div>\n\t\t<\/section>\n\t\t\t\t<section class=\"elementor-section elementor-top-section elementor-element elementor-element-b2f7f2c elementor-section-boxed elementor-section-height-default elementor-section-height-default\" data-id=\"b2f7f2c\" data-element_type=\"section\">\n\t\t\t\t\t\t<div class=\"elementor-container elementor-column-gap-default\">\n\t\t\t\t\t<div class=\"elementor-column elementor-col-100 elementor-top-column elementor-element elementor-element-4986e1d\" data-id=\"4986e1d\" data-element_type=\"column\">\n\t\t\t<div class=\"elementor-widget-wrap elementor-element-populated\">\n\t\t\t\t\t\t<div class=\"elementor-element elementor-element-e5be253 elementor-widget elementor-widget-text-editor\" data-id=\"e5be253\" data-element_type=\"widget\" data-widget_type=\"text-editor.default\">\n\t\t\t\t<div class=\"elementor-widget-container\">\n\t\t\t\t\t\t\t\t\t<p>A Pol\u00edcia Civil de Santa Catarina, por meio da Divis\u00e3o de Investiga\u00e7\u00e3o Criminal (DIC) de Lages,&nbsp; realizou nesta quarta-feira (03), no bairro Maria Lu\u00edsa, em Lages, a pris\u00e3o de condenado pela pr\u00e1tica dos crimes de roubo e adultera\u00e7\u00e3o de sinal identificador de ve\u00edculo automotor.<\/p>\n<p>A equipe policial recebeu informa\u00e7\u00f5es de que havia um foragido condenado se escondendo na regi\u00e3o e come\u00e7ou a realizar investiga\u00e7\u00f5es que viabilizaram a captura do condenado no in\u00edcio da tarde desta quarta-feira.&nbsp;<span style=\"font-family: var( --e-global-typography-text-font-family ), Sans-serif; font-size: var( --e-global-typography-text-font-size );\">Ap\u00f3s a realiza\u00e7\u00e3o da pris\u00e3o, o investigado foi encaminhado para Unidade Prisional de Lages.&nbsp;&nbsp;<\/span><\/p>\n<div>&nbsp;<\/div>\t\t\t\t\t\t\t\t<\/div>\n\t\t\t\t<\/div>\n\t\t\t\t\t<\/div>\n\t\t<\/div>\n\t\t\t\t\t<\/div>\n\t\t<\/section>\n\t\t\t\t<\/div>\n\t\t","protected":false},"excerpt":{"rendered":"<p>DIC de Lages prende homem condenado por roubo A Pol\u00edcia Civil de Santa Catarina, por meio da Divis\u00e3o de Investiga\u00e7\u00e3o Criminal (DIC) de Lages,&nbsp; realizou nesta quarta-feira (03), no bairro Maria Lu\u00edsa, em Lages, a pris\u00e3o de condenado pela pr\u00e1tica dos crimes de roubo e adultera\u00e7\u00e3o de sinal identificador de ve\u00edculo automotor. A equipe policial [&hellip;]<\/p>\n","protected":false},"author":5,"featured_media":16341,"comment_status":"closed","ping_status":"open","sticky":false,"template":"","format":"standard","meta":{"_monsterinsights_skip_tracking":false,"_monsterinsights_sitenote_active":false,"_monsterinsights_sitenote_note":"","_monsterinsights_sitenote_category":0,"footnotes":""},"categories":[1],"tags":[],"class_list":["post-16340","post","type-post","status-publish","format-standard","has-post-thumbnail","hentry","category-sem-categoria"],"_links":{"self":[{"href":"https:\/\/pc.sc.gov.br\/index.php?rest_route=\/wp\/v2\/posts\/16340","targetHints":{"allow":["GET"]}}],"collection":[{"href":"https:\/\/pc.sc.gov.br\/index.php?rest_route=\/wp\/v2\/posts"}],"about":[{"href":"https:\/\/pc.sc.gov.br\/index.php?rest_route=\/wp\/v2\/types\/post"}],"author":[{"embeddable":true,"href":"https:\/\/pc.sc.gov.br\/index.php?rest_route=\/wp\/v2\/users\/5"}],"replies":[{"embeddable":true,"href":"https:\/\/pc.sc.gov.br\/index.php?rest_route=%2Fwp%2Fv2%2Fcomments&post=16340"}],"version-history":[{"count":3,"href":"https:\/\/pc.sc.gov.br\/index.php?rest_route=\/wp\/v2\/posts\/16340\/revisions"}],"predecessor-version":[{"id":16349,"href":"https:\/\/pc.sc.gov.br\/index.php?rest_route=\/wp\/v2\/posts\/16340\/revisions\/16349"}],"wp:featuredmedia":[{"embeddable":true,"href":"https:\/\/pc.sc.gov.br\/index.php?rest_route=\/wp\/v2\/media\/16341"}],"wp:attachment":[{"href":"https:\/\/pc.sc.gov.br\/index.php?rest_route=%2Fwp%2Fv2%2Fmedia&parent=16340"}],"wp:term":[{"taxonomy":"category","embeddable":true,"href":"https:\/\/pc.sc.gov.br\/index.php?rest_route=%2Fwp%2Fv2%2Fcategories&post=16340"},{"taxonomy":"post_tag","embeddable":true,"href":"https:\/\/pc.sc.gov.br\/index.php?rest_route=%2Fwp%2Fv2%2Ftags&post=16340"}],"curies":[{"name":"wp","href":"https:\/\/api.w.org\/{rel}","templated":true}]}}