{"id":16360,"date":"2024-01-04T10:20:19","date_gmt":"2024-01-04T13:20:19","guid":{"rendered":"https:\/\/pc.sc.gov.br\/?p=16360"},"modified":"2024-01-04T10:22:31","modified_gmt":"2024-01-04T13:22:31","slug":"santa-catarina-registra-reducao-dos-numeros-de-furtos-e-roubos-de-veiculos-em-2023","status":"publish","type":"post","link":"https:\/\/pc.sc.gov.br\/?p=16360","title":{"rendered":"Santa Catarina registra redu\u00e7\u00e3o dos n\u00fameros de furtos e roubos de ve\u00edculos em 2023"},"content":{"rendered":"\t\t<div data-elementor-type=\"wp-post\" data-elementor-id=\"16360\" class=\"elementor elementor-16360\" data-elementor-post-type=\"post\">\n\t\t\t\t\t\t<section class=\"elementor-section elementor-top-section elementor-element elementor-element-163dcae elementor-section-boxed elementor-section-height-default elementor-section-height-default\" data-id=\"163dcae\" data-element_type=\"section\">\n\t\t\t\t\t\t<div class=\"elementor-container elementor-column-gap-default\">\n\t\t\t\t\t<div class=\"elementor-column elementor-col-100 elementor-top-column elementor-element elementor-element-f7426f1\" data-id=\"f7426f1\" data-element_type=\"column\">\n\t\t\t<div class=\"elementor-widget-wrap elementor-element-populated\">\n\t\t\t\t\t\t<div class=\"elementor-element elementor-element-70e1e9b elementor-widget elementor-widget-heading\" data-id=\"70e1e9b\" data-element_type=\"widget\" data-widget_type=\"heading.default\">\n\t\t\t\t<div class=\"elementor-widget-container\">\n\t\t\t\t\t<h2 class=\"elementor-heading-title elementor-size-default\">Santa Catarina registra redu\u00e7\u00e3o dos n\u00fameros de furtos e roubos de ve\u00edculos em 2023<\/h2>\t\t\t\t<\/div>\n\t\t\t\t<\/div>\n\t\t\t\t\t<\/div>\n\t\t<\/div>\n\t\t\t\t\t<\/div>\n\t\t<\/section>\n\t\t\t\t<section class=\"elementor-section elementor-top-section elementor-element elementor-element-d81ca4a elementor-section-boxed elementor-section-height-default elementor-section-height-default\" data-id=\"d81ca4a\" data-element_type=\"section\">\n\t\t\t\t\t\t<div class=\"elementor-container elementor-column-gap-default\">\n\t\t\t\t\t<div class=\"elementor-column elementor-col-100 elementor-top-column elementor-element elementor-element-1cf3387\" data-id=\"1cf3387\" data-element_type=\"column\">\n\t\t\t<div class=\"elementor-widget-wrap elementor-element-populated\">\n\t\t\t\t\t\t<div class=\"elementor-element elementor-element-552db1b elementor-widget elementor-widget-text-editor\" data-id=\"552db1b\" data-element_type=\"widget\" data-widget_type=\"text-editor.default\">\n\t\t\t\t<div class=\"elementor-widget-container\">\n\t\t\t\t\t\t\t\t\t<p>Ap\u00f3s an\u00e1lise das estat\u00edsticas criminais do ano de 2023, a Pol\u00edcia Civil apontou uma redu\u00e7\u00e3o de 8.6% nos furtos de ve\u00edculos e uma diminui\u00e7\u00e3o de 19,63% nos roubos, em compara\u00e7\u00e3o a 2022, em Santa Catarina. O dado foi divulgado pela Delegacia de Furtos e Roubos de Ve\u00edculos da Diretoria Estadual de Investiga\u00e7\u00f5es Criminais (DEIC\/PCSC).&nbsp;<\/p>\n<p>No ano de 2022, foram registrados 8.258 furtos no estado. O n\u00famero reduziu para 7.548 no ano de 2023. J\u00e1 quando o assunto \u00e9 roubo de ve\u00edculos, a redu\u00e7\u00e3o percentual foi ainda mais. Com o registro de 1.391 roubos em 2022 contra 1.118 em 2023.<\/p>\n<p>De acordo com o Delegado Diego Azevedo, titular da Delegacia de Furtos e Roubos de Ve\u00edculos da DEIC\/PCSC, a redu\u00e7\u00e3o dos \u00edndices \u00e9 resultado do trabalho integrado dos \u00f3rg\u00e3os que comp\u00f5em o Sistema de Seguran\u00e7a P\u00fablica do Estado de Santa Catarina, tais como a Pol\u00edcia Civil, Pol\u00edcia Militar (PM), Guardas Municipais e Pol\u00edcia Rodovi\u00e1ria Federal (PRF).<\/p>\t\t\t\t\t\t\t\t<\/div>\n\t\t\t\t<\/div>\n\t\t\t\t<div class=\"elementor-element elementor-element-5c989d2 elementor-widget elementor-widget-image\" data-id=\"5c989d2\" data-element_type=\"widget\" data-widget_type=\"image.default\">\n\t\t\t\t<div class=\"elementor-widget-container\">\n\t\t\t\t\t\t\t\t\t\t\t\t\t\t\t<img fetchpriority=\"high\" decoding=\"async\" width=\"576\" height=\"1024\" src=\"https:\/\/pc.sc.gov.br\/\/wp-content\/uploads\/2024\/01\/WhatsApp-Image-2024-01-04-at-09.20.52-576x1024.jpeg\" class=\"attachment-large size-large wp-image-16362\" alt=\"\" srcset=\"https:\/\/pc.sc.gov.br\/\/wp-content\/uploads\/2024\/01\/WhatsApp-Image-2024-01-04-at-09.20.52-576x1024.jpeg 576w, https:\/\/pc.sc.gov.br\/\/wp-content\/uploads\/2024\/01\/WhatsApp-Image-2024-01-04-at-09.20.52-169x300.jpeg 169w, https:\/\/pc.sc.gov.br\/\/wp-content\/uploads\/2024\/01\/WhatsApp-Image-2024-01-04-at-09.20.52-768x1365.jpeg 768w, https:\/\/pc.sc.gov.br\/\/wp-content\/uploads\/2024\/01\/WhatsApp-Image-2024-01-04-at-09.20.52-864x1536.jpeg 864w, https:\/\/pc.sc.gov.br\/\/wp-content\/uploads\/2024\/01\/WhatsApp-Image-2024-01-04-at-09.20.52.jpeg 900w\" sizes=\"(max-width: 576px) 100vw, 576px\" \/>\t\t\t\t\t\t\t\t\t\t\t\t\t\t\t<\/div>\n\t\t\t\t<\/div>\n\t\t\t\t\t<\/div>\n\t\t<\/div>\n\t\t\t\t\t<\/div>\n\t\t<\/section>\n\t\t\t\t<\/div>\n\t\t","protected":false},"excerpt":{"rendered":"<p>Santa Catarina registra redu\u00e7\u00e3o dos n\u00fameros de furtos e roubos de ve\u00edculos em 2023 Ap\u00f3s an\u00e1lise das estat\u00edsticas criminais do ano de 2023, a Pol\u00edcia Civil apontou uma redu\u00e7\u00e3o de 8.6% nos furtos de ve\u00edculos e uma diminui\u00e7\u00e3o de 19,63% nos roubos, em compara\u00e7\u00e3o a 2022, em Santa Catarina. O dado foi divulgado pela Delegacia [&hellip;]<\/p>\n","protected":false},"author":5,"featured_media":16361,"comment_status":"closed","ping_status":"open","sticky":false,"template":"","format":"standard","meta":{"_monsterinsights_skip_tracking":false,"_monsterinsights_sitenote_active":false,"_monsterinsights_sitenote_note":"","_monsterinsights_sitenote_category":0,"footnotes":""},"categories":[1],"tags":[],"class_list":["post-16360","post","type-post","status-publish","format-standard","has-post-thumbnail","hentry","category-sem-categoria"],"_links":{"self":[{"href":"https:\/\/pc.sc.gov.br\/index.php?rest_route=\/wp\/v2\/posts\/16360","targetHints":{"allow":["GET"]}}],"collection":[{"href":"https:\/\/pc.sc.gov.br\/index.php?rest_route=\/wp\/v2\/posts"}],"about":[{"href":"https:\/\/pc.sc.gov.br\/index.php?rest_route=\/wp\/v2\/types\/post"}],"author":[{"embeddable":true,"href":"https:\/\/pc.sc.gov.br\/index.php?rest_route=\/wp\/v2\/users\/5"}],"replies":[{"embeddable":true,"href":"https:\/\/pc.sc.gov.br\/index.php?rest_route=%2Fwp%2Fv2%2Fcomments&post=16360"}],"version-history":[{"count":7,"href":"https:\/\/pc.sc.gov.br\/index.php?rest_route=\/wp\/v2\/posts\/16360\/revisions"}],"predecessor-version":[{"id":16369,"href":"https:\/\/pc.sc.gov.br\/index.php?rest_route=\/wp\/v2\/posts\/16360\/revisions\/16369"}],"wp:featuredmedia":[{"embeddable":true,"href":"https:\/\/pc.sc.gov.br\/index.php?rest_route=\/wp\/v2\/media\/16361"}],"wp:attachment":[{"href":"https:\/\/pc.sc.gov.br\/index.php?rest_route=%2Fwp%2Fv2%2Fmedia&parent=16360"}],"wp:term":[{"taxonomy":"category","embeddable":true,"href":"https:\/\/pc.sc.gov.br\/index.php?rest_route=%2Fwp%2Fv2%2Fcategories&post=16360"},{"taxonomy":"post_tag","embeddable":true,"href":"https:\/\/pc.sc.gov.br\/index.php?rest_route=%2Fwp%2Fv2%2Ftags&post=16360"}],"curies":[{"name":"wp","href":"https:\/\/api.w.org\/{rel}","templated":true}]}}