{"id":16370,"date":"2024-01-04T10:51:44","date_gmt":"2024-01-04T13:51:44","guid":{"rendered":"https:\/\/pc.sc.gov.br\/?p=16370"},"modified":"2024-01-04T10:52:35","modified_gmt":"2024-01-04T13:52:35","slug":"com-apoio-de-policiais-da-operacao-estacao-verao-dois-homens-sao-presos-neste-comeco-de-ano-em-araquari","status":"publish","type":"post","link":"https:\/\/pc.sc.gov.br\/?p=16370","title":{"rendered":"Com apoio de policiais da opera\u00e7\u00e3o \u201cEsta\u00e7\u00e3o Ver\u00e3o\u201d, dois homens s\u00e3o presos neste come\u00e7o de ano em Araquari"},"content":{"rendered":"\t\t<div data-elementor-type=\"wp-post\" data-elementor-id=\"16370\" class=\"elementor elementor-16370\" data-elementor-post-type=\"post\">\n\t\t\t\t\t\t<section class=\"elementor-section elementor-top-section elementor-element elementor-element-4f8d962 elementor-section-boxed elementor-section-height-default elementor-section-height-default\" data-id=\"4f8d962\" data-element_type=\"section\">\n\t\t\t\t\t\t<div class=\"elementor-container elementor-column-gap-default\">\n\t\t\t\t\t<div class=\"elementor-column elementor-col-100 elementor-top-column elementor-element elementor-element-1164799\" data-id=\"1164799\" data-element_type=\"column\">\n\t\t\t<div class=\"elementor-widget-wrap elementor-element-populated\">\n\t\t\t\t\t\t<div class=\"elementor-element elementor-element-3bfca00 elementor-widget elementor-widget-heading\" data-id=\"3bfca00\" data-element_type=\"widget\" data-widget_type=\"heading.default\">\n\t\t\t\t<div class=\"elementor-widget-container\">\n\t\t\t\t\t<h2 class=\"elementor-heading-title elementor-size-default\">Com apoio de policiais da opera\u00e7\u00e3o \u201cEsta\u00e7\u00e3o Ver\u00e3o\u201d, dois homens s\u00e3o presos neste come\u00e7o de ano em Araquari<\/h2>\t\t\t\t<\/div>\n\t\t\t\t<\/div>\n\t\t\t\t\t<\/div>\n\t\t<\/div>\n\t\t\t\t\t<\/div>\n\t\t<\/section>\n\t\t\t\t<section class=\"elementor-section elementor-top-section elementor-element elementor-element-6e444c3 elementor-section-boxed elementor-section-height-default elementor-section-height-default\" data-id=\"6e444c3\" data-element_type=\"section\">\n\t\t\t\t\t\t<div class=\"elementor-container elementor-column-gap-default\">\n\t\t\t\t\t<div class=\"elementor-column elementor-col-100 elementor-top-column elementor-element elementor-element-6248a48\" data-id=\"6248a48\" data-element_type=\"column\">\n\t\t\t<div class=\"elementor-widget-wrap elementor-element-populated\">\n\t\t\t\t\t\t<div class=\"elementor-element elementor-element-5f00536 elementor-widget elementor-widget-image\" data-id=\"5f00536\" data-element_type=\"widget\" data-widget_type=\"image.default\">\n\t\t\t\t<div class=\"elementor-widget-container\">\n\t\t\t\t\t\t\t\t\t\t\t\t\t\t\t<img fetchpriority=\"high\" decoding=\"async\" width=\"696\" height=\"392\" src=\"https:\/\/pc.sc.gov.br\/\/wp-content\/uploads\/2024\/01\/WhatsApp-Image-2024-01-03-at-19.55.30-1024x576.jpeg\" class=\"attachment-large size-large wp-image-16371\" alt=\"\" srcset=\"https:\/\/pc.sc.gov.br\/\/wp-content\/uploads\/2024\/01\/WhatsApp-Image-2024-01-03-at-19.55.30-1024x576.jpeg 1024w, https:\/\/pc.sc.gov.br\/\/wp-content\/uploads\/2024\/01\/WhatsApp-Image-2024-01-03-at-19.55.30-300x169.jpeg 300w, https:\/\/pc.sc.gov.br\/\/wp-content\/uploads\/2024\/01\/WhatsApp-Image-2024-01-03-at-19.55.30-768x432.jpeg 768w, https:\/\/pc.sc.gov.br\/\/wp-content\/uploads\/2024\/01\/WhatsApp-Image-2024-01-03-at-19.55.30.jpeg 1280w\" sizes=\"(max-width: 696px) 100vw, 696px\" \/>\t\t\t\t\t\t\t\t\t\t\t\t\t\t\t<\/div>\n\t\t\t\t<\/div>\n\t\t\t\t\t<\/div>\n\t\t<\/div>\n\t\t\t\t\t<\/div>\n\t\t<\/section>\n\t\t\t\t<section class=\"elementor-section elementor-top-section elementor-element elementor-element-af21eb9 elementor-section-boxed elementor-section-height-default elementor-section-height-default\" data-id=\"af21eb9\" data-element_type=\"section\">\n\t\t\t\t\t\t<div class=\"elementor-container elementor-column-gap-default\">\n\t\t\t\t\t<div class=\"elementor-column elementor-col-100 elementor-top-column elementor-element elementor-element-4c126b0\" data-id=\"4c126b0\" data-element_type=\"column\">\n\t\t\t<div class=\"elementor-widget-wrap elementor-element-populated\">\n\t\t\t\t\t\t<div class=\"elementor-element elementor-element-f047533 elementor-widget elementor-widget-text-editor\" data-id=\"f047533\" data-element_type=\"widget\" data-widget_type=\"text-editor.default\">\n\t\t\t\t<div class=\"elementor-widget-container\">\n\t\t\t\t\t\t\t\t\t<p>A Pol\u00edcia Civil de Santa Catarina, por meio da Pol\u00edcia Civil de Araquari e com apoio de policiais civis integrantes da Opera\u00e7\u00e3o \u201cEsta\u00e7\u00e3o Ver\u00e3o\u201d, realizou duas importantes pris\u00f5es neste come\u00e7o de ano em Araquari. <br \/>Na ter\u00e7a-feira (2), foi cumprido mandado de pris\u00e3o, expedido pela 1\u00aa Vara Criminal de Joinville, em desfavor de um homem condenado ao cumprimento de 13 anos de pris\u00e3o pela pr\u00e1tica do crime de estupro de vulner\u00e1vel ocorrido no ano de 2009. O homem foi localizado pela equipe no bairro Itinga e encaminhado ao Pres\u00eddio Regional de S\u00e3o Francisco do Sul.<br \/>J\u00e1 na quarta-feira (3), foi cumprido mandado de pris\u00e3o preventiva em desfavor de um homem, que estava foragido da opera\u00e7\u00e3o \u201cDesmanche\u201d, deflagrada pela 1\u00aa Delegacia de Pol\u00edcia de Joinville em agosto de 2023, quando 10 pessoas foram presas, dentre elas propriet\u00e1rios de lojas de pe\u00e7as automotivas. A den\u00fancia an\u00f4nima apontou que o indiciado estava escondido em uma casa no bairro Itinga. O homem foi encaminhado ao Pres\u00eddio Regional de Joinville.<\/p>\t\t\t\t\t\t\t\t<\/div>\n\t\t\t\t<\/div>\n\t\t\t\t\t<\/div>\n\t\t<\/div>\n\t\t\t\t\t<\/div>\n\t\t<\/section>\n\t\t\t\t<\/div>\n\t\t","protected":false},"excerpt":{"rendered":"<p>Com apoio de policiais da opera\u00e7\u00e3o \u201cEsta\u00e7\u00e3o Ver\u00e3o\u201d, dois homens s\u00e3o presos neste come\u00e7o de ano em Araquari A Pol\u00edcia Civil de Santa Catarina, por meio da Pol\u00edcia Civil de Araquari e com apoio de policiais civis integrantes da Opera\u00e7\u00e3o \u201cEsta\u00e7\u00e3o Ver\u00e3o\u201d, realizou duas importantes pris\u00f5es neste come\u00e7o de ano em Araquari. Na ter\u00e7a-feira (2), [&hellip;]<\/p>\n","protected":false},"author":5,"featured_media":16371,"comment_status":"closed","ping_status":"open","sticky":false,"template":"","format":"standard","meta":{"_monsterinsights_skip_tracking":false,"_monsterinsights_sitenote_active":false,"_monsterinsights_sitenote_note":"","_monsterinsights_sitenote_category":0,"footnotes":""},"categories":[1],"tags":[],"class_list":["post-16370","post","type-post","status-publish","format-standard","has-post-thumbnail","hentry","category-sem-categoria"],"_links":{"self":[{"href":"https:\/\/pc.sc.gov.br\/index.php?rest_route=\/wp\/v2\/posts\/16370","targetHints":{"allow":["GET"]}}],"collection":[{"href":"https:\/\/pc.sc.gov.br\/index.php?rest_route=\/wp\/v2\/posts"}],"about":[{"href":"https:\/\/pc.sc.gov.br\/index.php?rest_route=\/wp\/v2\/types\/post"}],"author":[{"embeddable":true,"href":"https:\/\/pc.sc.gov.br\/index.php?rest_route=\/wp\/v2\/users\/5"}],"replies":[{"embeddable":true,"href":"https:\/\/pc.sc.gov.br\/index.php?rest_route=%2Fwp%2Fv2%2Fcomments&post=16370"}],"version-history":[{"count":4,"href":"https:\/\/pc.sc.gov.br\/index.php?rest_route=\/wp\/v2\/posts\/16370\/revisions"}],"predecessor-version":[{"id":16375,"href":"https:\/\/pc.sc.gov.br\/index.php?rest_route=\/wp\/v2\/posts\/16370\/revisions\/16375"}],"wp:featuredmedia":[{"embeddable":true,"href":"https:\/\/pc.sc.gov.br\/index.php?rest_route=\/wp\/v2\/media\/16371"}],"wp:attachment":[{"href":"https:\/\/pc.sc.gov.br\/index.php?rest_route=%2Fwp%2Fv2%2Fmedia&parent=16370"}],"wp:term":[{"taxonomy":"category","embeddable":true,"href":"https:\/\/pc.sc.gov.br\/index.php?rest_route=%2Fwp%2Fv2%2Fcategories&post=16370"},{"taxonomy":"post_tag","embeddable":true,"href":"https:\/\/pc.sc.gov.br\/index.php?rest_route=%2Fwp%2Fv2%2Ftags&post=16370"}],"curies":[{"name":"wp","href":"https:\/\/api.w.org\/{rel}","templated":true}]}}