{"id":16376,"date":"2024-01-04T14:29:55","date_gmt":"2024-01-04T17:29:55","guid":{"rendered":"https:\/\/pc.sc.gov.br\/?p=16376"},"modified":"2024-01-04T21:58:15","modified_gmt":"2024-01-05T00:58:15","slug":"balanco-2023-dados-da-pcsc-indicam-queda-de-mortes-violentas-e-prisao-de-seis-mil-pessoas-em-santa-catarina","status":"publish","type":"post","link":"https:\/\/pc.sc.gov.br\/?p=16376","title":{"rendered":"Balan\u00e7o 2023: Dados da PCSC indicam queda de mortes violentas e pris\u00e3o de seis mil pessoas em Santa Catarina"},"content":{"rendered":"\t\t<div data-elementor-type=\"wp-post\" data-elementor-id=\"16376\" class=\"elementor elementor-16376\" data-elementor-post-type=\"post\">\n\t\t\t\t\t\t<section class=\"elementor-section elementor-top-section elementor-element elementor-element-615ffd1 elementor-section-boxed elementor-section-height-default elementor-section-height-default\" data-id=\"615ffd1\" data-element_type=\"section\">\n\t\t\t\t\t\t<div class=\"elementor-container elementor-column-gap-default\">\n\t\t\t\t\t<div class=\"elementor-column elementor-col-100 elementor-top-column elementor-element elementor-element-b5c17d1\" data-id=\"b5c17d1\" data-element_type=\"column\">\n\t\t\t<div class=\"elementor-widget-wrap elementor-element-populated\">\n\t\t\t\t\t\t<div class=\"elementor-element elementor-element-4cca40e elementor-widget elementor-widget-heading\" data-id=\"4cca40e\" data-element_type=\"widget\" data-widget_type=\"heading.default\">\n\t\t\t\t<div class=\"elementor-widget-container\">\n\t\t\t\t\t<h2 class=\"elementor-heading-title elementor-size-default\">Balan\u00e7o 2023: Dados da PCSC indicam queda de mortes violentas e pris\u00e3o de seis mil pessoas em Santa Catarina<\/h2>\t\t\t\t<\/div>\n\t\t\t\t<\/div>\n\t\t\t\t\t<\/div>\n\t\t<\/div>\n\t\t\t\t\t<\/div>\n\t\t<\/section>\n\t\t\t\t<section class=\"elementor-section elementor-top-section elementor-element elementor-element-ff7bcd5 elementor-section-boxed elementor-section-height-default elementor-section-height-default\" data-id=\"ff7bcd5\" data-element_type=\"section\">\n\t\t\t\t\t\t<div class=\"elementor-container elementor-column-gap-default\">\n\t\t\t\t\t<div class=\"elementor-column elementor-col-100 elementor-top-column elementor-element elementor-element-e8262e1\" data-id=\"e8262e1\" data-element_type=\"column\">\n\t\t\t<div class=\"elementor-widget-wrap elementor-element-populated\">\n\t\t\t\t\t\t<div class=\"elementor-element elementor-element-cdbb292 elementor-widget elementor-widget-image\" data-id=\"cdbb292\" data-element_type=\"widget\" data-widget_type=\"image.default\">\n\t\t\t\t<div class=\"elementor-widget-container\">\n\t\t\t\t\t\t\t\t\t\t\t\t\t\t\t<img fetchpriority=\"high\" decoding=\"async\" width=\"696\" height=\"415\" src=\"https:\/\/pc.sc.gov.br\/\/wp-content\/uploads\/2023\/12\/PCSC-Dados-1024x610.png\" class=\"attachment-large size-large wp-image-15821\" alt=\"\" srcset=\"https:\/\/pc.sc.gov.br\/\/wp-content\/uploads\/2023\/12\/PCSC-Dados-1024x610.png 1024w, https:\/\/pc.sc.gov.br\/\/wp-content\/uploads\/2023\/12\/PCSC-Dados-300x179.png 300w, https:\/\/pc.sc.gov.br\/\/wp-content\/uploads\/2023\/12\/PCSC-Dados-768x457.png 768w, https:\/\/pc.sc.gov.br\/\/wp-content\/uploads\/2023\/12\/PCSC-Dados.png 1344w\" sizes=\"(max-width: 696px) 100vw, 696px\" \/>\t\t\t\t\t\t\t\t\t\t\t\t\t\t\t<\/div>\n\t\t\t\t<\/div>\n\t\t\t\t\t<\/div>\n\t\t<\/div>\n\t\t\t\t\t<\/div>\n\t\t<\/section>\n\t\t\t\t<section class=\"elementor-section elementor-top-section elementor-element elementor-element-e2c695a elementor-section-boxed elementor-section-height-default elementor-section-height-default\" data-id=\"e2c695a\" data-element_type=\"section\">\n\t\t\t\t\t\t<div class=\"elementor-container elementor-column-gap-default\">\n\t\t\t\t\t<div class=\"elementor-column elementor-col-100 elementor-top-column elementor-element elementor-element-36af0ec\" data-id=\"36af0ec\" data-element_type=\"column\">\n\t\t\t<div class=\"elementor-widget-wrap elementor-element-populated\">\n\t\t\t\t\t\t<div class=\"elementor-element elementor-element-d4cc68a elementor-widget elementor-widget-text-editor\" data-id=\"d4cc68a\" data-element_type=\"widget\" data-widget_type=\"text-editor.default\">\n\t\t\t\t<div class=\"elementor-widget-container\">\n\t\t\t\t\t\t\t\t\t<p>Em 2023, o n\u00famero de mortes violentas caiu em Santa Catarina. De acordo com os dados divulgados pela Pol\u00edcia Civil de Santa Catarina, os homic\u00eddios registraram queda de 4,36%; os feminic\u00eddios menos 3,51% e os latroc\u00ednios ca\u00edram em 52%. Os dados se referem ao per\u00edodo de 01\/01\/2023 a 31\/12\/2023.&nbsp;&nbsp;<\/p>\n<p>Outra informa\u00e7\u00e3o que se destacou na an\u00e1lise dos indicadores foi o cumprimento de mandado de busca e apreens\u00e3o. Em 2023 foram cumpridos 8.074 mandados de busca e apreens\u00e3o, representando um aumento de 59,34%, em rela\u00e7\u00e3o ao ano anterior. A estat\u00edstica revelou ainda que foram cumpridos 6 mil mandados de pris\u00e3o, representando um aumento de 65% em rela\u00e7\u00e3o a igual per\u00edodo do ano anterior (2022), quando ocorreram 3.624 pris\u00f5es.&nbsp;<\/p>\n<p>Importante destacar que entre os seis mil presos, houve 268 pris\u00f5es efetuadas fora de Santa Catarina, sendo que 109 no Paran\u00e1; 67 em S\u00e3o Paulo; 38 no RS e 13 em Minas Gerais, para citar alguns estados. Os mandados de pris\u00e3o foram efetivados em 20 estados da Federa\u00e7\u00e3o em 370 munic\u00edpios.&nbsp; &nbsp;&nbsp;<\/p>\n<p>De acordo com o delegado-geral da PCSC, Ulisses Gabriel, o aumento da produtividade da Pol\u00edcia Civil \u00e9 reflexo dos investimentos feitos pelo governador Jorginho Mello. Ao longo de 2023, a PCSC recebeu mais de R$ 32 milh\u00f5es investidos na moderniza\u00e7\u00e3o da frota, na atualiza\u00e7\u00e3o do parque tecnol\u00f3gico e na aquisi\u00e7\u00e3o de softwares para os laborat\u00f3rios de tecnologia que apoiam as investiga\u00e7\u00f5es.<\/p>\n<p><b>Ranking mandados de pris\u00e3o cumpridos&nbsp;<\/b><\/p>\n<p>A an\u00e1lise de produtividade envolvendo mandados de pris\u00e3o indicou que a Divis\u00e3o de Investiga\u00e7\u00e3o Criminal (DIC) de Joinville aumentou o n\u00famero de cumprimento de mandados de pris\u00e3o com 326 presos, seguida pela DIC de Lages (278 presos); Blumenau (137 presos);&nbsp; DIC de Chapec\u00f3 (124 presos); Tubar\u00e3o (119 presos), DIC Fron\/Xanxer\u00ea (115 presos); DIC de Itaja\u00ed (113 presos); DIC de Jaragu\u00e1 do Sul (101 presos), 2\u00aa DPCo Fron\/Chapec\u00f3&nbsp; (87); DIC de Palho\u00e7a (87 presos); DECAP\/DEIC (77 presos); DIC de Laguna (74 presos) DIC de S\u00e3o Jos\u00e9 (73).<\/p>\n<p><b>Perfil dos presos<\/b><\/p>\n<p>No estudo do perfil das pessoas presas 90,02% s\u00e3o homens e 9,98% mulheres. A maioria, cerca de 35% tem idades que variam entre 25 e 34 anos.&nbsp;&nbsp;<\/p>\n<p><b>Ranking mandados de busca e apreens\u00e3o<\/b><\/p>\n<p>Com rela\u00e7\u00e3o a mandados de busca e apreens\u00e3o cumpridos ao longo de 2023, a DIC de Joinville ocupa a primeira posi\u00e7\u00e3o com 314 mandados, seguida pela Delegacia de Repress\u00e3o ao Crime organizado (DRACO\/DEIC) com 231 mandados; DIC Blumenau (164 mandados); Delegacia de Defrauda\u00e7\u00f5es (DD\/DEIC) com 159 mandados; DIC DE S\u00c3O Jos\u00e9 (151 mandados);&nbsp; Delegacia de Repress\u00e3o a Entorpecentes (DRE\/DEIC) com 144 mandados; DIC de Lages com 140 mandados; Delegacia de Combate \u00e0s Drogas (DECOD\/Capital)&nbsp; 133 mandados; Delegacia de Combate \u00e0 Estelionatos (DCE\/Capital) com 124 mandados;DIC Fron\/Chapec\u00f3 com 111 mandados;&nbsp; DIC de Itaja\u00ed com 97 mandados; DIC de Canoinhas (96 mandados e DIC de Tubar\u00e3o (94 mandados). Do total de 8.074 mandados de busca e apreens\u00e3o cumpridos, 645 ocorreram em 21 estados da federa\u00e7\u00e3o&nbsp; e em 429 munic\u00edpios.<\/p>\n<p><i>As informa\u00e7\u00f5es foram analisadas pela Diretoria de Intelig\u00eancia da Pol\u00edcia Civil, a partir de informa\u00e7\u00f5es auditadas e fornecidas pelo N\u00facleo de Estat\u00edstica e An\u00e1lise Criminal da Secretaria de Seguran\u00e7a P\u00fablica.<\/i><\/p>\n<div><i>&nbsp;<\/i><\/div>\t\t\t\t\t\t\t\t<\/div>\n\t\t\t\t<\/div>\n\t\t\t\t\t<\/div>\n\t\t<\/div>\n\t\t\t\t\t<\/div>\n\t\t<\/section>\n\t\t\t\t<\/div>\n\t\t","protected":false},"excerpt":{"rendered":"<p>Balan\u00e7o 2023: Dados da PCSC indicam queda de mortes violentas e pris\u00e3o de seis mil pessoas em Santa Catarina Em 2023, o n\u00famero de mortes violentas caiu em Santa Catarina. De acordo com os dados divulgados pela Pol\u00edcia Civil de Santa Catarina, os homic\u00eddios registraram queda de 4,36%; os feminic\u00eddios menos 3,51% e os latroc\u00ednios [&hellip;]<\/p>\n","protected":false},"author":5,"featured_media":16388,"comment_status":"closed","ping_status":"open","sticky":false,"template":"","format":"standard","meta":{"_monsterinsights_skip_tracking":false,"_monsterinsights_sitenote_active":false,"_monsterinsights_sitenote_note":"","_monsterinsights_sitenote_category":0,"footnotes":""},"categories":[1],"tags":[],"class_list":["post-16376","post","type-post","status-publish","format-standard","has-post-thumbnail","hentry","category-sem-categoria"],"_links":{"self":[{"href":"https:\/\/pc.sc.gov.br\/index.php?rest_route=\/wp\/v2\/posts\/16376","targetHints":{"allow":["GET"]}}],"collection":[{"href":"https:\/\/pc.sc.gov.br\/index.php?rest_route=\/wp\/v2\/posts"}],"about":[{"href":"https:\/\/pc.sc.gov.br\/index.php?rest_route=\/wp\/v2\/types\/post"}],"author":[{"embeddable":true,"href":"https:\/\/pc.sc.gov.br\/index.php?rest_route=\/wp\/v2\/users\/5"}],"replies":[{"embeddable":true,"href":"https:\/\/pc.sc.gov.br\/index.php?rest_route=%2Fwp%2Fv2%2Fcomments&post=16376"}],"version-history":[{"count":12,"href":"https:\/\/pc.sc.gov.br\/index.php?rest_route=\/wp\/v2\/posts\/16376\/revisions"}],"predecessor-version":[{"id":16410,"href":"https:\/\/pc.sc.gov.br\/index.php?rest_route=\/wp\/v2\/posts\/16376\/revisions\/16410"}],"wp:featuredmedia":[{"embeddable":true,"href":"https:\/\/pc.sc.gov.br\/index.php?rest_route=\/wp\/v2\/media\/16388"}],"wp:attachment":[{"href":"https:\/\/pc.sc.gov.br\/index.php?rest_route=%2Fwp%2Fv2%2Fmedia&parent=16376"}],"wp:term":[{"taxonomy":"category","embeddable":true,"href":"https:\/\/pc.sc.gov.br\/index.php?rest_route=%2Fwp%2Fv2%2Fcategories&post=16376"},{"taxonomy":"post_tag","embeddable":true,"href":"https:\/\/pc.sc.gov.br\/index.php?rest_route=%2Fwp%2Fv2%2Ftags&post=16376"}],"curies":[{"name":"wp","href":"https:\/\/api.w.org\/{rel}","templated":true}]}}