{"id":16397,"date":"2024-01-04T17:51:59","date_gmt":"2024-01-04T20:51:59","guid":{"rendered":"https:\/\/pc.sc.gov.br\/?p=16397"},"modified":"2024-01-04T17:54:40","modified_gmt":"2024-01-04T20:54:40","slug":"policia-civil-esclarece-homicidio-ocorrido-em-campo-belo-do-sul","status":"publish","type":"post","link":"https:\/\/pc.sc.gov.br\/?p=16397","title":{"rendered":"Pol\u00edcia Civil esclarece homic\u00eddio ocorrido em Campo Belo do Sul"},"content":{"rendered":"\t\t<div data-elementor-type=\"wp-post\" data-elementor-id=\"16397\" class=\"elementor elementor-16397\" data-elementor-post-type=\"post\">\n\t\t\t\t\t\t<section class=\"elementor-section elementor-top-section elementor-element elementor-element-2fd705f elementor-section-boxed elementor-section-height-default elementor-section-height-default\" data-id=\"2fd705f\" data-element_type=\"section\">\n\t\t\t\t\t\t<div class=\"elementor-container elementor-column-gap-default\">\n\t\t\t\t\t<div class=\"elementor-column elementor-col-100 elementor-top-column elementor-element elementor-element-55ce16e\" data-id=\"55ce16e\" data-element_type=\"column\">\n\t\t\t<div class=\"elementor-widget-wrap elementor-element-populated\">\n\t\t\t\t\t\t<div class=\"elementor-element elementor-element-c79105b elementor-widget elementor-widget-heading\" data-id=\"c79105b\" data-element_type=\"widget\" data-widget_type=\"heading.default\">\n\t\t\t\t<div class=\"elementor-widget-container\">\n\t\t\t\t\t<h2 class=\"elementor-heading-title elementor-size-default\">Pol\u00edcia Civil esclarece homic\u00eddio ocorrido em Campo Belo do Sul<\/h2>\t\t\t\t<\/div>\n\t\t\t\t<\/div>\n\t\t\t\t\t<\/div>\n\t\t<\/div>\n\t\t\t\t\t<\/div>\n\t\t<\/section>\n\t\t\t\t<section class=\"elementor-section elementor-top-section elementor-element elementor-element-5f954e7 elementor-section-boxed elementor-section-height-default elementor-section-height-default\" data-id=\"5f954e7\" data-element_type=\"section\">\n\t\t\t\t\t\t<div class=\"elementor-container elementor-column-gap-default\">\n\t\t\t\t\t<div class=\"elementor-column elementor-col-100 elementor-top-column elementor-element elementor-element-e67b643\" data-id=\"e67b643\" data-element_type=\"column\">\n\t\t\t<div class=\"elementor-widget-wrap elementor-element-populated\">\n\t\t\t\t\t\t<div class=\"elementor-element elementor-element-442762d elementor-widget elementor-widget-image\" data-id=\"442762d\" data-element_type=\"widget\" data-widget_type=\"image.default\">\n\t\t\t\t<div class=\"elementor-widget-container\">\n\t\t\t\t\t\t\t\t\t\t\t\t\t\t\t<img fetchpriority=\"high\" decoding=\"async\" width=\"696\" height=\"583\" src=\"https:\/\/pc.sc.gov.br\/\/wp-content\/uploads\/2023\/11\/52798047036_d7bc95aaed_k-fotor-20231101135311-3.jpg\" class=\"attachment-large size-large wp-image-15322\" alt=\"\" srcset=\"https:\/\/pc.sc.gov.br\/\/wp-content\/uploads\/2023\/11\/52798047036_d7bc95aaed_k-fotor-20231101135311-3.jpg 961w, https:\/\/pc.sc.gov.br\/\/wp-content\/uploads\/2023\/11\/52798047036_d7bc95aaed_k-fotor-20231101135311-3-300x251.jpg 300w, https:\/\/pc.sc.gov.br\/\/wp-content\/uploads\/2023\/11\/52798047036_d7bc95aaed_k-fotor-20231101135311-3-768x643.jpg 768w\" sizes=\"(max-width: 696px) 100vw, 696px\" \/>\t\t\t\t\t\t\t\t\t\t\t\t\t\t\t<\/div>\n\t\t\t\t<\/div>\n\t\t\t\t\t<\/div>\n\t\t<\/div>\n\t\t\t\t\t<\/div>\n\t\t<\/section>\n\t\t\t\t<section class=\"elementor-section elementor-top-section elementor-element elementor-element-2f4495a elementor-section-boxed elementor-section-height-default elementor-section-height-default\" data-id=\"2f4495a\" data-element_type=\"section\">\n\t\t\t\t\t\t<div class=\"elementor-container elementor-column-gap-default\">\n\t\t\t\t\t<div class=\"elementor-column elementor-col-100 elementor-top-column elementor-element elementor-element-c5e841c\" data-id=\"c5e841c\" data-element_type=\"column\">\n\t\t\t<div class=\"elementor-widget-wrap elementor-element-populated\">\n\t\t\t\t\t\t<div class=\"elementor-element elementor-element-dfff09c elementor-widget elementor-widget-text-editor\" data-id=\"dfff09c\" data-element_type=\"widget\" data-widget_type=\"text-editor.default\">\n\t\t\t\t<div class=\"elementor-widget-container\">\n\t\t\t\t\t\t\t\t\t<p>A Pol\u00edcia Civil de Santa Catarina, por meio da Delegacia de Pol\u00edcia da Comarca de Campo Belo do Sul, esclareceu crime de homic\u00eddio ocorrido no dia 21 de outubro de 2023, no bairro Lago Azul, no munic\u00edpio de Campo Belo do Sul. Neste data,&nbsp;<span style=\"font-family: var( --e-global-typography-text-font-family ), Sans-serif; font-size: var( --e-global-typography-text-font-size );\">v\u00edtima de 34 anos foi encontrada em \u00f3bito por seus familiares, na resid\u00eancia onde morava com ferimentos na regi\u00e3o posterior do pesco\u00e7o.<\/span><\/p>\n<p>Durante as investiga\u00e7\u00f5es, a Pol\u00edcia Civil de Campo Belo do Sul conseguiu obter s\u00f3lidas evid\u00eancias sobre a autoria do crime e, em menos de 60 dias, concluiu as investiga\u00e7\u00f5es, remetendo o Inqu\u00e9rito Policial ao Poder Judici\u00e1rio com o indiciamento do suspeito e o pedido de pris\u00e3o preventiva que foi acolhido pelo Ju\u00edzo da Comarca.&nbsp;<\/p>\n<p>Ap\u00f3s a expedi\u00e7\u00e3o do mandado de pris\u00e3o, os agentes da Delegacia de Pol\u00edcia passaram a trabalhar na localiza\u00e7\u00e3o do suspeito que foi preso por volta das 7h desta quarta-feira (03) e encaminhado ao Pres\u00eddio Masculino de Lages, onde ficar\u00e1 \u00e0 disposi\u00e7\u00e3o da Justi\u00e7a.<\/p>\n<div>&nbsp;<\/div>\t\t\t\t\t\t\t\t<\/div>\n\t\t\t\t<\/div>\n\t\t\t\t\t<\/div>\n\t\t<\/div>\n\t\t\t\t\t<\/div>\n\t\t<\/section>\n\t\t\t\t<\/div>\n\t\t","protected":false},"excerpt":{"rendered":"<p>Pol\u00edcia Civil esclarece homic\u00eddio ocorrido em Campo Belo do Sul A Pol\u00edcia Civil de Santa Catarina, por meio da Delegacia de Pol\u00edcia da Comarca de Campo Belo do Sul, esclareceu crime de homic\u00eddio ocorrido no dia 21 de outubro de 2023, no bairro Lago Azul, no munic\u00edpio de Campo Belo do Sul. Neste data,&nbsp;v\u00edtima de [&hellip;]<\/p>\n","protected":false},"author":5,"featured_media":15729,"comment_status":"closed","ping_status":"open","sticky":false,"template":"","format":"standard","meta":{"_monsterinsights_skip_tracking":false,"_monsterinsights_sitenote_active":false,"_monsterinsights_sitenote_note":"","_monsterinsights_sitenote_category":0,"footnotes":""},"categories":[1],"tags":[],"class_list":["post-16397","post","type-post","status-publish","format-standard","has-post-thumbnail","hentry","category-sem-categoria"],"_links":{"self":[{"href":"https:\/\/pc.sc.gov.br\/index.php?rest_route=\/wp\/v2\/posts\/16397","targetHints":{"allow":["GET"]}}],"collection":[{"href":"https:\/\/pc.sc.gov.br\/index.php?rest_route=\/wp\/v2\/posts"}],"about":[{"href":"https:\/\/pc.sc.gov.br\/index.php?rest_route=\/wp\/v2\/types\/post"}],"author":[{"embeddable":true,"href":"https:\/\/pc.sc.gov.br\/index.php?rest_route=\/wp\/v2\/users\/5"}],"replies":[{"embeddable":true,"href":"https:\/\/pc.sc.gov.br\/index.php?rest_route=%2Fwp%2Fv2%2Fcomments&post=16397"}],"version-history":[{"count":4,"href":"https:\/\/pc.sc.gov.br\/index.php?rest_route=\/wp\/v2\/posts\/16397\/revisions"}],"predecessor-version":[{"id":16401,"href":"https:\/\/pc.sc.gov.br\/index.php?rest_route=\/wp\/v2\/posts\/16397\/revisions\/16401"}],"wp:featuredmedia":[{"embeddable":true,"href":"https:\/\/pc.sc.gov.br\/index.php?rest_route=\/wp\/v2\/media\/15729"}],"wp:attachment":[{"href":"https:\/\/pc.sc.gov.br\/index.php?rest_route=%2Fwp%2Fv2%2Fmedia&parent=16397"}],"wp:term":[{"taxonomy":"category","embeddable":true,"href":"https:\/\/pc.sc.gov.br\/index.php?rest_route=%2Fwp%2Fv2%2Fcategories&post=16397"},{"taxonomy":"post_tag","embeddable":true,"href":"https:\/\/pc.sc.gov.br\/index.php?rest_route=%2Fwp%2Fv2%2Ftags&post=16397"}],"curies":[{"name":"wp","href":"https:\/\/api.w.org\/{rel}","templated":true}]}}