{"id":16402,"date":"2024-01-04T18:33:33","date_gmt":"2024-01-04T21:33:33","guid":{"rendered":"https:\/\/pc.sc.gov.br\/?p=16402"},"modified":"2024-01-04T18:38:02","modified_gmt":"2024-01-04T21:38:02","slug":"chapeco-registra-o-menor-numero-de-homicidios-dos-ultimos-14-anos-com-resolucao-de-95-dos-casos","status":"publish","type":"post","link":"https:\/\/pc.sc.gov.br\/?p=16402","title":{"rendered":"Chapec\u00f3 registra o menor n\u00famero de homic\u00eddios dos \u00faltimos 14 anos com resolu\u00e7\u00e3o de 95 % dos casos"},"content":{"rendered":"\t\t<div data-elementor-type=\"wp-post\" data-elementor-id=\"16402\" class=\"elementor elementor-16402\" data-elementor-post-type=\"post\">\n\t\t\t\t\t\t<section class=\"elementor-section elementor-top-section elementor-element elementor-element-cf443fe elementor-section-boxed elementor-section-height-default elementor-section-height-default\" data-id=\"cf443fe\" data-element_type=\"section\">\n\t\t\t\t\t\t<div class=\"elementor-container elementor-column-gap-default\">\n\t\t\t\t\t<div class=\"elementor-column elementor-col-100 elementor-top-column elementor-element elementor-element-858e68c\" data-id=\"858e68c\" data-element_type=\"column\">\n\t\t\t<div class=\"elementor-widget-wrap elementor-element-populated\">\n\t\t\t\t\t\t<div class=\"elementor-element elementor-element-5ba7775 elementor-widget elementor-widget-heading\" data-id=\"5ba7775\" data-element_type=\"widget\" data-widget_type=\"heading.default\">\n\t\t\t\t<div class=\"elementor-widget-container\">\n\t\t\t\t\t<h2 class=\"elementor-heading-title elementor-size-default\">Chapec\u00f3 registra o menor n\u00famero de homic\u00eddios dos \u00faltimos 14 anos com resolu\u00e7\u00e3o de 95 % dos casos<\/h2>\t\t\t\t<\/div>\n\t\t\t\t<\/div>\n\t\t\t\t\t<\/div>\n\t\t<\/div>\n\t\t\t\t\t<\/div>\n\t\t<\/section>\n\t\t\t\t<section class=\"elementor-section elementor-top-section elementor-element elementor-element-6413f2e elementor-section-boxed elementor-section-height-default elementor-section-height-default\" data-id=\"6413f2e\" data-element_type=\"section\">\n\t\t\t\t\t\t<div class=\"elementor-container elementor-column-gap-default\">\n\t\t\t\t\t<div class=\"elementor-column elementor-col-100 elementor-top-column elementor-element elementor-element-01657e5\" data-id=\"01657e5\" data-element_type=\"column\">\n\t\t\t<div class=\"elementor-widget-wrap elementor-element-populated\">\n\t\t\t\t\t\t<div class=\"elementor-element elementor-element-69e454a elementor-widget elementor-widget-image\" data-id=\"69e454a\" data-element_type=\"widget\" data-widget_type=\"image.default\">\n\t\t\t\t<div class=\"elementor-widget-container\">\n\t\t\t\t\t\t\t\t\t\t\t\t\t\t\t<img fetchpriority=\"high\" decoding=\"async\" width=\"696\" height=\"696\" src=\"https:\/\/pc.sc.gov.br\/\/wp-content\/uploads\/2024\/01\/DESTAQUE-CHAPECO-HOMICIDIOS-NOVO-1024x1024.png\" class=\"attachment-large size-large wp-image-16403\" alt=\"\" srcset=\"https:\/\/pc.sc.gov.br\/\/wp-content\/uploads\/2024\/01\/DESTAQUE-CHAPECO-HOMICIDIOS-NOVO-1024x1024.png 1024w, https:\/\/pc.sc.gov.br\/\/wp-content\/uploads\/2024\/01\/DESTAQUE-CHAPECO-HOMICIDIOS-NOVO-300x300.png 300w, https:\/\/pc.sc.gov.br\/\/wp-content\/uploads\/2024\/01\/DESTAQUE-CHAPECO-HOMICIDIOS-NOVO-150x150.png 150w, https:\/\/pc.sc.gov.br\/\/wp-content\/uploads\/2024\/01\/DESTAQUE-CHAPECO-HOMICIDIOS-NOVO-768x768.png 768w, https:\/\/pc.sc.gov.br\/\/wp-content\/uploads\/2024\/01\/DESTAQUE-CHAPECO-HOMICIDIOS-NOVO.png 1080w\" sizes=\"(max-width: 696px) 100vw, 696px\" \/>\t\t\t\t\t\t\t\t\t\t\t\t\t\t\t<\/div>\n\t\t\t\t<\/div>\n\t\t\t\t\t<\/div>\n\t\t<\/div>\n\t\t\t\t\t<\/div>\n\t\t<\/section>\n\t\t\t\t<section class=\"elementor-section elementor-top-section elementor-element elementor-element-4d7707a elementor-section-boxed elementor-section-height-default elementor-section-height-default\" data-id=\"4d7707a\" data-element_type=\"section\">\n\t\t\t\t\t\t<div class=\"elementor-container elementor-column-gap-default\">\n\t\t\t\t\t<div class=\"elementor-column elementor-col-100 elementor-top-column elementor-element elementor-element-4313a9b\" data-id=\"4313a9b\" data-element_type=\"column\">\n\t\t\t<div class=\"elementor-widget-wrap elementor-element-populated\">\n\t\t\t\t\t\t<div class=\"elementor-element elementor-element-8f82905 elementor-widget elementor-widget-text-editor\" data-id=\"8f82905\" data-element_type=\"widget\" data-widget_type=\"text-editor.default\">\n\t\t\t\t<div class=\"elementor-widget-container\">\n\t\t\t\t\t\t\t\t\t<p>A Pol\u00edcia Civil de SC, por meio da Diretoria de Pol\u00edcia da Fronteira (DIFRON) e da 12\u00aa Delegaria Regional de Pol\u00edcia da Fronteira de Chapec\u00f3, divulgou nesta quarta-feira (03\/01) os dados referentes aos crimes de homic\u00eddios ocorridos em Chapec\u00f3 no ano de 2023.<\/p><p>Durante todo o ano de 2023 ocorreram 21 crimes de homic\u00eddios em Chapec\u00f3. O n\u00famero de v\u00edtimas caiu 34,37 % em compara\u00e7\u00e3o com o ano anterior. O resultado \u00e9 o menor dos \u00faltimos 14 anos.\u00a0<\/p><p>Evolu\u00e7\u00e3o do quantitativo de homic\u00eddios em Chapec\u00f3 &#8211; 2010 (26); 2011 (43); 2012 (43); 2013 (48); 2014 (56); 2015 (38); 2016 (36); 2017 (31); 2018 (29); 2019 (34); 2020 (24); 2021 (30); 2022 (32).<\/p><p>A Divis\u00e3o de Investiga\u00e7\u00e3o Criminal da Fronteira de Chapec\u00f3 (DIC\/FRON), por meio da equipe do delegado \u00c9der Matte, j\u00e1 esclareceu 20 dos 21 homic\u00eddios registrados em 2023, obtendo uma resolu\u00e7\u00e3o de 95 % dos casos. O \u00fanico caso pendente ainda esta com a respectiva investiga\u00e7\u00e3o em andamento aguardando laudos periciais e outras dilig\u00eancias investigativas.<\/p><p>De acordo com levantamento, apurou-se que 48% das mortes foram provocadas com o emprego de arma de fogo e 38% com a utiliza\u00e7\u00e3o de arma branca e 43 % dos casos foram motivados por brigas e desaven\u00e7as. Entre as v\u00edtimas, dezesseis s\u00e3o do sexo masculino (76%) e cinco s\u00e3o do sexo feminino (24%).<\/p><p>O Delegado Regional de Pol\u00edcia Chapec\u00f3, Danilo da Silva Fernandes, destacou que o elevado n\u00famero de resolu\u00e7\u00e3o dos homic\u00eddios reduz o sentimento de impunidade, pela identifica\u00e7\u00e3o e pris\u00e3o dos suspeitos e, por consequ\u00eancia, melhora a preven\u00e7\u00e3o a mortes violentas.<\/p><p>Por sua vez, o Diretor de Pol\u00edcia da Fronteira (DIFRON) da Pol\u00edcia Civil, Delegado Fernando Callfass, ressaltou que a queda hist\u00f3rica do n\u00famero de homic\u00eddios \u00e9 fruto de muito trabalho e uni\u00e3o de esfor\u00e7os de todas as for\u00e7as de seguran\u00e7a de Chapec\u00f3. \u201cSomente no munic\u00edpio de Chapec\u00f3 a Pol\u00edcia Civil cumpriu 346 mandados de pris\u00e3o em 2023, o que representa um aumento de 39% em refer\u00eancia ao ano anterior,\u201d destacou o delegado Callfass.<\/p><div>\u00a0<\/div>\t\t\t\t\t\t\t\t<\/div>\n\t\t\t\t<\/div>\n\t\t\t\t\t<\/div>\n\t\t<\/div>\n\t\t\t\t\t<\/div>\n\t\t<\/section>\n\t\t\t\t<\/div>\n\t\t","protected":false},"excerpt":{"rendered":"<p>Chapec\u00f3 registra o menor n\u00famero de homic\u00eddios dos \u00faltimos 14 anos com resolu\u00e7\u00e3o de 95 % dos casos A Pol\u00edcia Civil de SC, por meio da Diretoria de Pol\u00edcia da Fronteira (DIFRON) e da 12\u00aa Delegaria Regional de Pol\u00edcia da Fronteira de Chapec\u00f3, divulgou nesta quarta-feira (03\/01) os dados referentes aos crimes de homic\u00eddios ocorridos [&hellip;]<\/p>\n","protected":false},"author":5,"featured_media":16404,"comment_status":"closed","ping_status":"open","sticky":false,"template":"","format":"standard","meta":{"_monsterinsights_skip_tracking":false,"_monsterinsights_sitenote_active":false,"_monsterinsights_sitenote_note":"","_monsterinsights_sitenote_category":0,"footnotes":""},"categories":[1],"tags":[],"class_list":["post-16402","post","type-post","status-publish","format-standard","has-post-thumbnail","hentry","category-sem-categoria"],"_links":{"self":[{"href":"https:\/\/pc.sc.gov.br\/index.php?rest_route=\/wp\/v2\/posts\/16402","targetHints":{"allow":["GET"]}}],"collection":[{"href":"https:\/\/pc.sc.gov.br\/index.php?rest_route=\/wp\/v2\/posts"}],"about":[{"href":"https:\/\/pc.sc.gov.br\/index.php?rest_route=\/wp\/v2\/types\/post"}],"author":[{"embeddable":true,"href":"https:\/\/pc.sc.gov.br\/index.php?rest_route=\/wp\/v2\/users\/5"}],"replies":[{"embeddable":true,"href":"https:\/\/pc.sc.gov.br\/index.php?rest_route=%2Fwp%2Fv2%2Fcomments&post=16402"}],"version-history":[{"count":3,"href":"https:\/\/pc.sc.gov.br\/index.php?rest_route=\/wp\/v2\/posts\/16402\/revisions"}],"predecessor-version":[{"id":16407,"href":"https:\/\/pc.sc.gov.br\/index.php?rest_route=\/wp\/v2\/posts\/16402\/revisions\/16407"}],"wp:featuredmedia":[{"embeddable":true,"href":"https:\/\/pc.sc.gov.br\/index.php?rest_route=\/wp\/v2\/media\/16404"}],"wp:attachment":[{"href":"https:\/\/pc.sc.gov.br\/index.php?rest_route=%2Fwp%2Fv2%2Fmedia&parent=16402"}],"wp:term":[{"taxonomy":"category","embeddable":true,"href":"https:\/\/pc.sc.gov.br\/index.php?rest_route=%2Fwp%2Fv2%2Fcategories&post=16402"},{"taxonomy":"post_tag","embeddable":true,"href":"https:\/\/pc.sc.gov.br\/index.php?rest_route=%2Fwp%2Fv2%2Ftags&post=16402"}],"curies":[{"name":"wp","href":"https:\/\/api.w.org\/{rel}","templated":true}]}}