{"id":16423,"date":"2024-01-05T16:24:17","date_gmt":"2024-01-05T19:24:17","guid":{"rendered":"https:\/\/pc.sc.gov.br\/?p=16423"},"modified":"2024-01-05T16:26:39","modified_gmt":"2024-01-05T19:26:39","slug":"dpcami-de-maravilha-prende-homem-que-atacou-ex-companheira-com-barra-de-metal-provocando-ferimentos-graves","status":"publish","type":"post","link":"https:\/\/pc.sc.gov.br\/?p=16423","title":{"rendered":"DPCAMI de Maravilha prende homem que atacou ex-companheira com barra de metal provocando ferimentos graves"},"content":{"rendered":"\t\t<div data-elementor-type=\"wp-post\" data-elementor-id=\"16423\" class=\"elementor elementor-16423\" data-elementor-post-type=\"post\">\n\t\t\t\t\t\t<section class=\"elementor-section elementor-top-section elementor-element elementor-element-bdce29e elementor-section-boxed elementor-section-height-default elementor-section-height-default\" data-id=\"bdce29e\" data-element_type=\"section\">\n\t\t\t\t\t\t<div class=\"elementor-container elementor-column-gap-default\">\n\t\t\t\t\t<div class=\"elementor-column elementor-col-100 elementor-top-column elementor-element elementor-element-9c3527b\" data-id=\"9c3527b\" data-element_type=\"column\">\n\t\t\t<div class=\"elementor-widget-wrap elementor-element-populated\">\n\t\t\t\t\t\t<div class=\"elementor-element elementor-element-4f2959c elementor-widget elementor-widget-heading\" data-id=\"4f2959c\" data-element_type=\"widget\" data-widget_type=\"heading.default\">\n\t\t\t\t<div class=\"elementor-widget-container\">\n\t\t\t\t\t<h2 class=\"elementor-heading-title elementor-size-default\">DPCAMI de Maravilha prende homem que atacou  ex-companheira com barra de metal provocando ferimentos graves na v\u00edtima<\/h2>\t\t\t\t<\/div>\n\t\t\t\t<\/div>\n\t\t\t\t\t<\/div>\n\t\t<\/div>\n\t\t\t\t\t<\/div>\n\t\t<\/section>\n\t\t\t\t<section class=\"elementor-section elementor-top-section elementor-element elementor-element-8600627 elementor-section-boxed elementor-section-height-default elementor-section-height-default\" data-id=\"8600627\" data-element_type=\"section\">\n\t\t\t\t\t\t<div class=\"elementor-container elementor-column-gap-default\">\n\t\t\t\t\t<div class=\"elementor-column elementor-col-100 elementor-top-column elementor-element elementor-element-e85ccd3\" data-id=\"e85ccd3\" data-element_type=\"column\">\n\t\t\t<div class=\"elementor-widget-wrap elementor-element-populated\">\n\t\t\t\t\t\t<div class=\"elementor-element elementor-element-025a062 elementor-widget elementor-widget-image\" data-id=\"025a062\" data-element_type=\"widget\" data-widget_type=\"image.default\">\n\t\t\t\t<div class=\"elementor-widget-container\">\n\t\t\t\t\t\t\t\t\t\t\t\t\t\t\t<img fetchpriority=\"high\" decoding=\"async\" width=\"696\" height=\"536\" src=\"https:\/\/pc.sc.gov.br\/\/wp-content\/uploads\/2024\/01\/WhatsApp-Image-2024-01-05-at-14.43.42-fotor-20240105162322.png\" class=\"attachment-large size-large wp-image-16428\" alt=\"\" srcset=\"https:\/\/pc.sc.gov.br\/\/wp-content\/uploads\/2024\/01\/WhatsApp-Image-2024-01-05-at-14.43.42-fotor-20240105162322.png 768w, https:\/\/pc.sc.gov.br\/\/wp-content\/uploads\/2024\/01\/WhatsApp-Image-2024-01-05-at-14.43.42-fotor-20240105162322-300x231.png 300w\" sizes=\"(max-width: 696px) 100vw, 696px\" \/>\t\t\t\t\t\t\t\t\t\t\t\t\t\t\t<\/div>\n\t\t\t\t<\/div>\n\t\t\t\t\t<\/div>\n\t\t<\/div>\n\t\t\t\t\t<\/div>\n\t\t<\/section>\n\t\t\t\t<section class=\"elementor-section elementor-top-section elementor-element elementor-element-7965b61 elementor-section-boxed elementor-section-height-default elementor-section-height-default\" data-id=\"7965b61\" data-element_type=\"section\">\n\t\t\t\t\t\t<div class=\"elementor-container elementor-column-gap-default\">\n\t\t\t\t\t<div class=\"elementor-column elementor-col-100 elementor-top-column elementor-element elementor-element-15c2d5a\" data-id=\"15c2d5a\" data-element_type=\"column\">\n\t\t\t<div class=\"elementor-widget-wrap elementor-element-populated\">\n\t\t\t\t\t\t<div class=\"elementor-element elementor-element-efbf72c elementor-widget elementor-widget-text-editor\" data-id=\"efbf72c\" data-element_type=\"widget\" data-widget_type=\"text-editor.default\">\n\t\t\t\t<div class=\"elementor-widget-container\">\n\t\t\t\t\t\t\t\t\t<p>A Pol\u00edcia Civil, por meio da Delegacia de Prote\u00e7\u00e3o \u00e0 Crian\u00e7a, ao Adolescente, \u00e0 Mulher e ao Idoso de Maravilha (DPCAMI) deflagrou opera\u00e7\u00e3o, na quinta-feira (04), para dar cumprimento a um mandado de pris\u00e3o contra um homem pela pr\u00e1tica crime de les\u00e3o corporal grav\u00edssima contra a ex-companheira.<\/p>\n<p><span style=\"font-family: var( --e-global-typography-primary-font-family ), Sans-serif; font-size: var( --e-global-typography-primary-font-size ); font-weight: var( --e-global-typography-primary-font-weight ); letter-spacing: var( --e-global-typography-primary-letter-spacing );\">Segundo apurado pela investiga\u00e7\u00e3o, a v\u00edtima e sua amiga teriam ido a um baile de final de ano, local em que o agressor tamb\u00e9m se encontrava j\u00e1 fazendo uso de bebidas alco\u00f3licas e apresentando comportamento provocativo, inclusive descumprindo medidas protetivas que o impediam de se aproximar da ex-companheira.<\/span><br><\/p>\n<p>Horas ap\u00f3s, o homem teria ido embora e as v\u00edtimas permaneceram no local. Ao chegarem em casa, as v\u00edtimas foram surpreendidas pelo agressor, que as atacou em uma emboscada. O agressor, munido de uma barra de metal, atingiu a amiga da v\u00edtima com um golpe na cabe\u00e7a e, em seguida, come\u00e7ou a agredir a ex-companheira, causando fraturas graves em seus bra\u00e7os, al\u00e9m de derrub\u00e1-la no ch\u00e3o, arrastando-a por cerca de 20 metros ao redor da resid\u00eancia, agravando suas les\u00f5es.<\/p>\n<p>As v\u00edtimas foram conduzidas ao hospital e a ex-companheira passou por v\u00e1rios procedimentos cir\u00fargicos e permanece internada. Considerando que o autor ainda fez amea\u00e7as de morte \u00e0s v\u00edtimas e j\u00e1 havia descumprido medidas protetivas anteriormente, a Pol\u00edcia Civil representou por sua pris\u00e3o preventiva, a qual foi deferida pelo Ju\u00edzo da Comarca.&nbsp;<\/p>\n<p>O agressor foi encontrado, pela equipe da Pol\u00edcia Civil, na resid\u00eancia de familiares e foi conduzido para a unidade prisional, onde permanece \u00e0 disposi\u00e7\u00e3o da Justi\u00e7a.<\/p>\n<div>&nbsp;<\/div>\t\t\t\t\t\t\t\t<\/div>\n\t\t\t\t<\/div>\n\t\t\t\t\t<\/div>\n\t\t<\/div>\n\t\t\t\t\t<\/div>\n\t\t<\/section>\n\t\t\t\t<\/div>\n\t\t","protected":false},"excerpt":{"rendered":"<p>DPCAMI de Maravilha prende homem que atacou ex-companheira com barra de metal provocando ferimentos graves na v\u00edtima A Pol\u00edcia Civil, por meio da Delegacia de Prote\u00e7\u00e3o \u00e0 Crian\u00e7a, ao Adolescente, \u00e0 Mulher e ao Idoso de Maravilha (DPCAMI) deflagrou opera\u00e7\u00e3o, na quinta-feira (04), para dar cumprimento a um mandado de pris\u00e3o contra um homem pela [&hellip;]<\/p>\n","protected":false},"author":5,"featured_media":16427,"comment_status":"closed","ping_status":"open","sticky":false,"template":"","format":"standard","meta":{"_monsterinsights_skip_tracking":false,"_monsterinsights_sitenote_active":false,"_monsterinsights_sitenote_note":"","_monsterinsights_sitenote_category":0,"footnotes":""},"categories":[1],"tags":[],"class_list":["post-16423","post","type-post","status-publish","format-standard","has-post-thumbnail","hentry","category-sem-categoria"],"_links":{"self":[{"href":"https:\/\/pc.sc.gov.br\/index.php?rest_route=\/wp\/v2\/posts\/16423","targetHints":{"allow":["GET"]}}],"collection":[{"href":"https:\/\/pc.sc.gov.br\/index.php?rest_route=\/wp\/v2\/posts"}],"about":[{"href":"https:\/\/pc.sc.gov.br\/index.php?rest_route=\/wp\/v2\/types\/post"}],"author":[{"embeddable":true,"href":"https:\/\/pc.sc.gov.br\/index.php?rest_route=\/wp\/v2\/users\/5"}],"replies":[{"embeddable":true,"href":"https:\/\/pc.sc.gov.br\/index.php?rest_route=%2Fwp%2Fv2%2Fcomments&post=16423"}],"version-history":[{"count":3,"href":"https:\/\/pc.sc.gov.br\/index.php?rest_route=\/wp\/v2\/posts\/16423\/revisions"}],"predecessor-version":[{"id":16431,"href":"https:\/\/pc.sc.gov.br\/index.php?rest_route=\/wp\/v2\/posts\/16423\/revisions\/16431"}],"wp:featuredmedia":[{"embeddable":true,"href":"https:\/\/pc.sc.gov.br\/index.php?rest_route=\/wp\/v2\/media\/16427"}],"wp:attachment":[{"href":"https:\/\/pc.sc.gov.br\/index.php?rest_route=%2Fwp%2Fv2%2Fmedia&parent=16423"}],"wp:term":[{"taxonomy":"category","embeddable":true,"href":"https:\/\/pc.sc.gov.br\/index.php?rest_route=%2Fwp%2Fv2%2Fcategories&post=16423"},{"taxonomy":"post_tag","embeddable":true,"href":"https:\/\/pc.sc.gov.br\/index.php?rest_route=%2Fwp%2Fv2%2Ftags&post=16423"}],"curies":[{"name":"wp","href":"https:\/\/api.w.org\/{rel}","templated":true}]}}