{"id":16442,"date":"2024-01-08T16:47:13","date_gmt":"2024-01-08T19:47:13","guid":{"rendered":"https:\/\/pc.sc.gov.br\/?p=16442"},"modified":"2024-01-08T16:48:39","modified_gmt":"2024-01-08T19:48:39","slug":"dic-de-sao-joaquim-elucida-desaparecimento-de-duas-mulheres-e-prende-autor-dos-crimes","status":"publish","type":"post","link":"https:\/\/pc.sc.gov.br\/?p=16442","title":{"rendered":"DIC de S\u00e3o Joaquim elucida desaparecimento de duas mulheres e prende autor dos crimes"},"content":{"rendered":"\t\t<div data-elementor-type=\"wp-post\" data-elementor-id=\"16442\" class=\"elementor elementor-16442\" data-elementor-post-type=\"post\">\n\t\t\t\t\t\t<section class=\"elementor-section elementor-top-section elementor-element elementor-element-e09aec7 elementor-section-boxed elementor-section-height-default elementor-section-height-default\" data-id=\"e09aec7\" data-element_type=\"section\">\n\t\t\t\t\t\t<div class=\"elementor-container elementor-column-gap-default\">\n\t\t\t\t\t<div class=\"elementor-column elementor-col-100 elementor-top-column elementor-element elementor-element-6e77466\" data-id=\"6e77466\" data-element_type=\"column\">\n\t\t\t<div class=\"elementor-widget-wrap elementor-element-populated\">\n\t\t\t\t\t\t<div class=\"elementor-element elementor-element-1c2ac23 elementor-widget elementor-widget-heading\" data-id=\"1c2ac23\" data-element_type=\"widget\" data-widget_type=\"heading.default\">\n\t\t\t\t<div class=\"elementor-widget-container\">\n\t\t\t\t\t<h2 class=\"elementor-heading-title elementor-size-default\">DIC de S\u00e3o Joaquim elucida desaparecimento de duas mulheres e prende autor dos crimes<\/h2>\t\t\t\t<\/div>\n\t\t\t\t<\/div>\n\t\t\t\t\t<\/div>\n\t\t<\/div>\n\t\t\t\t\t<\/div>\n\t\t<\/section>\n\t\t\t\t<section class=\"elementor-section elementor-top-section elementor-element elementor-element-8d43eb1 elementor-section-boxed elementor-section-height-default elementor-section-height-default\" data-id=\"8d43eb1\" data-element_type=\"section\">\n\t\t\t\t\t\t<div class=\"elementor-container elementor-column-gap-default\">\n\t\t\t\t\t<div class=\"elementor-column elementor-col-100 elementor-top-column elementor-element elementor-element-f24988c\" data-id=\"f24988c\" data-element_type=\"column\">\n\t\t\t<div class=\"elementor-widget-wrap elementor-element-populated\">\n\t\t\t\t\t\t<div class=\"elementor-element elementor-element-ea40ec8 elementor-widget elementor-widget-image\" data-id=\"ea40ec8\" data-element_type=\"widget\" data-widget_type=\"image.default\">\n\t\t\t\t<div class=\"elementor-widget-container\">\n\t\t\t\t\t\t\t\t\t\t\t\t\t\t\t<img fetchpriority=\"high\" decoding=\"async\" width=\"696\" height=\"527\" src=\"https:\/\/pc.sc.gov.br\/\/wp-content\/uploads\/2024\/01\/53c0936c-2723-471e-aafc-e394a8f317be-fotor-2024010815112.jpg\" class=\"attachment-large size-large wp-image-16443\" alt=\"\" srcset=\"https:\/\/pc.sc.gov.br\/\/wp-content\/uploads\/2024\/01\/53c0936c-2723-471e-aafc-e394a8f317be-fotor-2024010815112.jpg 768w, https:\/\/pc.sc.gov.br\/\/wp-content\/uploads\/2024\/01\/53c0936c-2723-471e-aafc-e394a8f317be-fotor-2024010815112-300x227.jpg 300w\" sizes=\"(max-width: 696px) 100vw, 696px\" \/>\t\t\t\t\t\t\t\t\t\t\t\t\t\t\t<\/div>\n\t\t\t\t<\/div>\n\t\t\t\t\t<\/div>\n\t\t<\/div>\n\t\t\t\t\t<\/div>\n\t\t<\/section>\n\t\t\t\t<section class=\"elementor-section elementor-top-section elementor-element elementor-element-65f0c68 elementor-section-boxed elementor-section-height-default elementor-section-height-default\" data-id=\"65f0c68\" data-element_type=\"section\">\n\t\t\t\t\t\t<div class=\"elementor-container elementor-column-gap-default\">\n\t\t\t\t\t<div class=\"elementor-column elementor-col-100 elementor-top-column elementor-element elementor-element-a225ad1\" data-id=\"a225ad1\" data-element_type=\"column\">\n\t\t\t<div class=\"elementor-widget-wrap elementor-element-populated\">\n\t\t\t\t\t\t<div class=\"elementor-element elementor-element-d85a79b elementor-widget elementor-widget-text-editor\" data-id=\"d85a79b\" data-element_type=\"widget\" data-widget_type=\"text-editor.default\">\n\t\t\t\t<div class=\"elementor-widget-container\">\n\t\t\t\t\t\t\t\t\t<p>A Pol\u00edcia Civil de Santa Catarina por meio da Divis\u00e3o de Investiga\u00e7\u00f5es Criminais (DIC) de S\u00e3o Joaquim conclui a investiga\u00e7\u00e3o acerca do desaparecimento de uma mulher, cujo boletim de ocorr\u00eancia foi registrado no dia 19\/08\/2023 por seu familiares. Desde ent\u00e3o, a Pol\u00edcia Civil passou a apurar o caso.<\/p>\n<p>De acordo com o delegado Fabiano Schmitt a investiga\u00e7\u00e3o era complexa, e a fim de esclarecer o fato no bojo do Inqu\u00e9rito Policial foram entabuladas diversas dilig\u00eancias tais como, oitivas, buscas, representa\u00e7\u00f5es por medidas cautelares e outras dilig\u00eancias que propiciaram a coleta e o cotejo das informa\u00e7\u00f5es.<\/p>\n<p>Da an\u00e1lise dos elementos informativos contidos no inqu\u00e9rito policial, depreendeu-se que o indiv\u00edduo que teve um relacionamento amoroso com a v\u00edtima \u00e9 tamb\u00e9m indicado como o poss\u00edvel autor de feminic\u00eddio e da oculta\u00e7\u00e3o do cad\u00e1ver.<\/p>\n<p>O desfecho do caso ocorreu por ocasi\u00e3o do interrogat\u00f3rio do investigado, momento, inclusive em que o mandado de pris\u00e3o preventiva foi cumprido. No procedimento o investigado confessou a autoria do fato e apontou o local onde o corpo da v\u00edtima foi enterrado.<\/p>\n<p>Ap\u00f3s a confiss\u00e3o, em conjunto com a Pol\u00edcia Cient\u00edfica e da Pol\u00edcia Penal, a Pol\u00edcia Civil esteve no local indicado pelo investigado onde estavam os restos mortais da v\u00edtima. Conforme investiga\u00e7\u00e3o j\u00e1 conclu\u00edda e encaminhada ao F\u00f3rum de Justi\u00e7a, o homem tamb\u00e9m \u00e9 apontado como autor do feminic\u00eddio de sua ex-companheira, fato que aconteceu no m\u00eas de setembro de 2023.<span style=\"color: var( --e-global-color-text ); font-family: var( --e-global-typography-primary-font-family ), Sans-serif; font-size: var( --e-global-typography-primary-font-size ); font-weight: var( --e-global-typography-primary-font-weight ); letter-spacing: var( --e-global-typography-primary-letter-spacing );\">&nbsp;<\/span><\/p>\t\t\t\t\t\t\t\t<\/div>\n\t\t\t\t<\/div>\n\t\t\t\t\t<\/div>\n\t\t<\/div>\n\t\t\t\t\t<\/div>\n\t\t<\/section>\n\t\t\t\t<\/div>\n\t\t","protected":false},"excerpt":{"rendered":"<p>DIC de S\u00e3o Joaquim elucida desaparecimento de duas mulheres e prende autor dos crimes A Pol\u00edcia Civil de Santa Catarina por meio da Divis\u00e3o de Investiga\u00e7\u00f5es Criminais (DIC) de S\u00e3o Joaquim conclui a investiga\u00e7\u00e3o acerca do desaparecimento de uma mulher, cujo boletim de ocorr\u00eancia foi registrado no dia 19\/08\/2023 por seu familiares. Desde ent\u00e3o, a [&hellip;]<\/p>\n","protected":false},"author":5,"featured_media":16443,"comment_status":"closed","ping_status":"open","sticky":false,"template":"","format":"standard","meta":{"_monsterinsights_skip_tracking":false,"_monsterinsights_sitenote_active":false,"_monsterinsights_sitenote_note":"","_monsterinsights_sitenote_category":0,"footnotes":""},"categories":[1],"tags":[],"class_list":["post-16442","post","type-post","status-publish","format-standard","has-post-thumbnail","hentry","category-sem-categoria"],"_links":{"self":[{"href":"https:\/\/pc.sc.gov.br\/index.php?rest_route=\/wp\/v2\/posts\/16442","targetHints":{"allow":["GET"]}}],"collection":[{"href":"https:\/\/pc.sc.gov.br\/index.php?rest_route=\/wp\/v2\/posts"}],"about":[{"href":"https:\/\/pc.sc.gov.br\/index.php?rest_route=\/wp\/v2\/types\/post"}],"author":[{"embeddable":true,"href":"https:\/\/pc.sc.gov.br\/index.php?rest_route=\/wp\/v2\/users\/5"}],"replies":[{"embeddable":true,"href":"https:\/\/pc.sc.gov.br\/index.php?rest_route=%2Fwp%2Fv2%2Fcomments&post=16442"}],"version-history":[{"count":7,"href":"https:\/\/pc.sc.gov.br\/index.php?rest_route=\/wp\/v2\/posts\/16442\/revisions"}],"predecessor-version":[{"id":16450,"href":"https:\/\/pc.sc.gov.br\/index.php?rest_route=\/wp\/v2\/posts\/16442\/revisions\/16450"}],"wp:featuredmedia":[{"embeddable":true,"href":"https:\/\/pc.sc.gov.br\/index.php?rest_route=\/wp\/v2\/media\/16443"}],"wp:attachment":[{"href":"https:\/\/pc.sc.gov.br\/index.php?rest_route=%2Fwp%2Fv2%2Fmedia&parent=16442"}],"wp:term":[{"taxonomy":"category","embeddable":true,"href":"https:\/\/pc.sc.gov.br\/index.php?rest_route=%2Fwp%2Fv2%2Fcategories&post=16442"},{"taxonomy":"post_tag","embeddable":true,"href":"https:\/\/pc.sc.gov.br\/index.php?rest_route=%2Fwp%2Fv2%2Ftags&post=16442"}],"curies":[{"name":"wp","href":"https:\/\/api.w.org\/{rel}","templated":true}]}}