{"id":16457,"date":"2024-01-10T14:07:50","date_gmt":"2024-01-10T17:07:50","guid":{"rendered":"https:\/\/pc.sc.gov.br\/?p=16457"},"modified":"2024-01-10T14:10:35","modified_gmt":"2024-01-10T17:10:35","slug":"em-menos-de-24-horas-acao-conjunta-da-dic-de-itajai-e-1obpm-esclarece-e-apreende-adolescente-suspeito-de-latrocinio-em-itajai","status":"publish","type":"post","link":"https:\/\/pc.sc.gov.br\/?p=16457","title":{"rendered":"Em menos de 24 horas, a\u00e7\u00e3o conjunta da DIC de Itaja\u00ed e 1\u00baBPM esclarece e apreende adolescente suspeito de latroc\u00ednio em Itaja\u00ed"},"content":{"rendered":"\t\t<div data-elementor-type=\"wp-post\" data-elementor-id=\"16457\" class=\"elementor elementor-16457\" data-elementor-post-type=\"post\">\n\t\t\t\t\t\t<section class=\"elementor-section elementor-top-section elementor-element elementor-element-ace6212 elementor-section-boxed elementor-section-height-default elementor-section-height-default\" data-id=\"ace6212\" data-element_type=\"section\">\n\t\t\t\t\t\t<div class=\"elementor-container elementor-column-gap-default\">\n\t\t\t\t\t<div class=\"elementor-column elementor-col-100 elementor-top-column elementor-element elementor-element-7db40e1\" data-id=\"7db40e1\" data-element_type=\"column\">\n\t\t\t<div class=\"elementor-widget-wrap elementor-element-populated\">\n\t\t\t\t\t\t<div class=\"elementor-element elementor-element-4363ae5 elementor-widget elementor-widget-heading\" data-id=\"4363ae5\" data-element_type=\"widget\" data-widget_type=\"heading.default\">\n\t\t\t\t<div class=\"elementor-widget-container\">\n\t\t\t\t\t<h2 class=\"elementor-heading-title elementor-size-default\">A\u00e7\u00e3o conjunta da DIC de Itaja\u00ed e 1\u00ba BPm esclarece e apreende adolescente suspeito de latroc\u00ednio em Itaja\u00ed<\/h2>\t\t\t\t<\/div>\n\t\t\t\t<\/div>\n\t\t\t\t\t<\/div>\n\t\t<\/div>\n\t\t\t\t\t<\/div>\n\t\t<\/section>\n\t\t\t\t<section class=\"elementor-section elementor-top-section elementor-element elementor-element-25a2718 elementor-section-boxed elementor-section-height-default elementor-section-height-default\" data-id=\"25a2718\" data-element_type=\"section\">\n\t\t\t\t\t\t<div class=\"elementor-container elementor-column-gap-default\">\n\t\t\t\t\t<div class=\"elementor-column elementor-col-100 elementor-top-column elementor-element elementor-element-7fa509f\" data-id=\"7fa509f\" data-element_type=\"column\">\n\t\t\t<div class=\"elementor-widget-wrap elementor-element-populated\">\n\t\t\t\t\t\t<div class=\"elementor-element elementor-element-2a3c51d elementor-widget elementor-widget-image\" data-id=\"2a3c51d\" data-element_type=\"widget\" data-widget_type=\"image.default\">\n\t\t\t\t<div class=\"elementor-widget-container\">\n\t\t\t\t\t\t\t\t\t\t\t\t\t\t\t<img fetchpriority=\"high\" decoding=\"async\" width=\"696\" height=\"464\" src=\"https:\/\/pc.sc.gov.br\/\/wp-content\/uploads\/2024\/01\/dsc_0720_51468326894_o-1024x683.jpg\" class=\"attachment-large size-large wp-image-16458\" alt=\"\" srcset=\"https:\/\/pc.sc.gov.br\/\/wp-content\/uploads\/2024\/01\/dsc_0720_51468326894_o-1024x683.jpg 1024w, https:\/\/pc.sc.gov.br\/\/wp-content\/uploads\/2024\/01\/dsc_0720_51468326894_o-300x200.jpg 300w, https:\/\/pc.sc.gov.br\/\/wp-content\/uploads\/2024\/01\/dsc_0720_51468326894_o-768x512.jpg 768w, https:\/\/pc.sc.gov.br\/\/wp-content\/uploads\/2024\/01\/dsc_0720_51468326894_o-1536x1024.jpg 1536w, https:\/\/pc.sc.gov.br\/\/wp-content\/uploads\/2024\/01\/dsc_0720_51468326894_o-2048x1365.jpg 2048w\" sizes=\"(max-width: 696px) 100vw, 696px\" \/>\t\t\t\t\t\t\t\t\t\t\t\t\t\t\t<\/div>\n\t\t\t\t<\/div>\n\t\t\t\t\t<\/div>\n\t\t<\/div>\n\t\t\t\t\t<\/div>\n\t\t<\/section>\n\t\t\t\t<section class=\"elementor-section elementor-top-section elementor-element elementor-element-904ed2d elementor-section-boxed elementor-section-height-default elementor-section-height-default\" data-id=\"904ed2d\" data-element_type=\"section\">\n\t\t\t\t\t\t<div class=\"elementor-container elementor-column-gap-default\">\n\t\t\t\t\t<div class=\"elementor-column elementor-col-100 elementor-top-column elementor-element elementor-element-ac8ffe8\" data-id=\"ac8ffe8\" data-element_type=\"column\">\n\t\t\t<div class=\"elementor-widget-wrap elementor-element-populated\">\n\t\t\t\t\t\t<div class=\"elementor-element elementor-element-32aca80 elementor-widget elementor-widget-text-editor\" data-id=\"32aca80\" data-element_type=\"widget\" data-widget_type=\"text-editor.default\">\n\t\t\t\t<div class=\"elementor-widget-container\">\n\t\t\t\t\t\t\t\t\t<p>Na tarde de segunda-feira (8) uma mulher de 40 anos foi encontrada em \u00f3bito em sua resid\u00eancia no bairro Fazenda, Itaja\u00ed. A v\u00edtima foi morta a facadas e foram subtra\u00eddos alguns bens da mesma (rel\u00f3gio, celular e uma mochila). O autor tamb\u00e9m foi subtraiu um celular em uma casa vizinha.\u00a0<\/p><p>Diante dos fatos, iniciou-se a\u00e7\u00e3o conjunta da Pol\u00edcia Civil, por meio da Divis\u00e3o de Investiga\u00e7\u00e3o Criminal (DIC) de Itaja\u00ed e da Pol\u00edcia Militar, por meio do 1\u00ba BPM, para esclarecimento do crime. O suspeito foi identificado como um adolescente e capturado na tarde de ter\u00e7a-feira (09) em uma resid\u00eancia no bairro da Murta. O adolescente se encontrava junto a um adultoe com eles foram os bens apreendidos, as roupas e a bicicleta usada no momento da fuga e um rev\u00f3lver calibre .32 sem numera\u00e7\u00e3o.<\/p><p>O adulto foi autuado em flagrante pelo crime de posse irregular de arma de fogo de uso restrito e corrup\u00e7\u00e3o de menores. O adolescente foi apreendido por atos infracionais an\u00e1logos ao crime de latroc\u00ednio, furto e posse irregular de arma de fogo de uso restrito. A autoridade policial representou ao Poder Judici\u00e1rio pela interna\u00e7\u00e3o do adolescente a investiga\u00e7\u00e3o ser\u00e1 conclu\u00edda em at\u00e9 45 dias.<\/p><div>\u00a0<\/div>\t\t\t\t\t\t\t\t<\/div>\n\t\t\t\t<\/div>\n\t\t\t\t\t<\/div>\n\t\t<\/div>\n\t\t\t\t\t<\/div>\n\t\t<\/section>\n\t\t\t\t<\/div>\n\t\t","protected":false},"excerpt":{"rendered":"<p>A\u00e7\u00e3o conjunta da DIC de Itaja\u00ed e 1\u00ba BPm esclarece e apreende adolescente suspeito de latroc\u00ednio em Itaja\u00ed Na tarde de segunda-feira (8) uma mulher de 40 anos foi encontrada em \u00f3bito em sua resid\u00eancia no bairro Fazenda, Itaja\u00ed. A v\u00edtima foi morta a facadas e foram subtra\u00eddos alguns bens da mesma (rel\u00f3gio, celular e [&hellip;]<\/p>\n","protected":false},"author":5,"featured_media":16458,"comment_status":"closed","ping_status":"open","sticky":false,"template":"","format":"standard","meta":{"_monsterinsights_skip_tracking":false,"_monsterinsights_sitenote_active":false,"_monsterinsights_sitenote_note":"","_monsterinsights_sitenote_category":0,"footnotes":""},"categories":[1],"tags":[],"class_list":["post-16457","post","type-post","status-publish","format-standard","has-post-thumbnail","hentry","category-sem-categoria"],"_links":{"self":[{"href":"https:\/\/pc.sc.gov.br\/index.php?rest_route=\/wp\/v2\/posts\/16457","targetHints":{"allow":["GET"]}}],"collection":[{"href":"https:\/\/pc.sc.gov.br\/index.php?rest_route=\/wp\/v2\/posts"}],"about":[{"href":"https:\/\/pc.sc.gov.br\/index.php?rest_route=\/wp\/v2\/types\/post"}],"author":[{"embeddable":true,"href":"https:\/\/pc.sc.gov.br\/index.php?rest_route=\/wp\/v2\/users\/5"}],"replies":[{"embeddable":true,"href":"https:\/\/pc.sc.gov.br\/index.php?rest_route=%2Fwp%2Fv2%2Fcomments&post=16457"}],"version-history":[{"count":3,"href":"https:\/\/pc.sc.gov.br\/index.php?rest_route=\/wp\/v2\/posts\/16457\/revisions"}],"predecessor-version":[{"id":16461,"href":"https:\/\/pc.sc.gov.br\/index.php?rest_route=\/wp\/v2\/posts\/16457\/revisions\/16461"}],"wp:featuredmedia":[{"embeddable":true,"href":"https:\/\/pc.sc.gov.br\/index.php?rest_route=\/wp\/v2\/media\/16458"}],"wp:attachment":[{"href":"https:\/\/pc.sc.gov.br\/index.php?rest_route=%2Fwp%2Fv2%2Fmedia&parent=16457"}],"wp:term":[{"taxonomy":"category","embeddable":true,"href":"https:\/\/pc.sc.gov.br\/index.php?rest_route=%2Fwp%2Fv2%2Fcategories&post=16457"},{"taxonomy":"post_tag","embeddable":true,"href":"https:\/\/pc.sc.gov.br\/index.php?rest_route=%2Fwp%2Fv2%2Ftags&post=16457"}],"curies":[{"name":"wp","href":"https:\/\/api.w.org\/{rel}","templated":true}]}}