{"id":16462,"date":"2024-01-10T14:54:47","date_gmt":"2024-01-10T17:54:47","guid":{"rendered":"https:\/\/pc.sc.gov.br\/?p=16462"},"modified":"2024-01-10T14:56:26","modified_gmt":"2024-01-10T17:56:26","slug":"operacao-conjunta-entre-pcsc-e-pmsc-identifica-e-prende-preventivamente-homem-que-matou-o-amigo-em-garopaba","status":"publish","type":"post","link":"https:\/\/pc.sc.gov.br\/?p=16462","title":{"rendered":"Opera\u00e7\u00e3o conjunta entre PCSC e PMSC identifica e prende preventivamente homem que matou o amigo em Garopaba"},"content":{"rendered":"\t\t<div data-elementor-type=\"wp-post\" data-elementor-id=\"16462\" class=\"elementor elementor-16462\" data-elementor-post-type=\"post\">\n\t\t\t\t\t\t<section class=\"elementor-section elementor-top-section elementor-element elementor-element-3b3103f elementor-section-boxed elementor-section-height-default elementor-section-height-default\" data-id=\"3b3103f\" data-element_type=\"section\">\n\t\t\t\t\t\t<div class=\"elementor-container elementor-column-gap-default\">\n\t\t\t\t\t<div class=\"elementor-column elementor-col-100 elementor-top-column elementor-element elementor-element-ea4f8be\" data-id=\"ea4f8be\" data-element_type=\"column\">\n\t\t\t<div class=\"elementor-widget-wrap elementor-element-populated\">\n\t\t\t\t\t\t<div class=\"elementor-element elementor-element-560cadf elementor-widget elementor-widget-heading\" data-id=\"560cadf\" data-element_type=\"widget\" data-widget_type=\"heading.default\">\n\t\t\t\t<div class=\"elementor-widget-container\">\n\t\t\t\t\t<h2 class=\"elementor-heading-title elementor-size-default\">Opera\u00e7\u00e3o conjunta entre PCSC e PMSC identifica e prende preventivamente homem que matou o amigo em Garopaba<\/h2>\t\t\t\t<\/div>\n\t\t\t\t<\/div>\n\t\t\t\t\t<\/div>\n\t\t<\/div>\n\t\t\t\t\t<\/div>\n\t\t<\/section>\n\t\t\t\t<section class=\"elementor-section elementor-top-section elementor-element elementor-element-21cf1b8 elementor-section-boxed elementor-section-height-default elementor-section-height-default\" data-id=\"21cf1b8\" data-element_type=\"section\">\n\t\t\t\t\t\t<div class=\"elementor-container elementor-column-gap-default\">\n\t\t\t\t\t<div class=\"elementor-column elementor-col-100 elementor-top-column elementor-element elementor-element-8d00863\" data-id=\"8d00863\" data-element_type=\"column\">\n\t\t\t<div class=\"elementor-widget-wrap elementor-element-populated\">\n\t\t\t\t\t\t<div class=\"elementor-element elementor-element-3eeaa9a elementor-widget elementor-widget-image\" data-id=\"3eeaa9a\" data-element_type=\"widget\" data-widget_type=\"image.default\">\n\t\t\t\t<div class=\"elementor-widget-container\">\n\t\t\t\t\t\t\t\t\t\t\t\t\t\t\t<img fetchpriority=\"high\" decoding=\"async\" width=\"696\" height=\"598\" src=\"https:\/\/pc.sc.gov.br\/\/wp-content\/uploads\/2024\/01\/fa556ef8-2988-47b8-845d-5e34931c5b08-fotor-20240110145327.jpg\" class=\"attachment-large size-large wp-image-16463\" alt=\"\" srcset=\"https:\/\/pc.sc.gov.br\/\/wp-content\/uploads\/2024\/01\/fa556ef8-2988-47b8-845d-5e34931c5b08-fotor-20240110145327.jpg 775w, https:\/\/pc.sc.gov.br\/\/wp-content\/uploads\/2024\/01\/fa556ef8-2988-47b8-845d-5e34931c5b08-fotor-20240110145327-300x258.jpg 300w, https:\/\/pc.sc.gov.br\/\/wp-content\/uploads\/2024\/01\/fa556ef8-2988-47b8-845d-5e34931c5b08-fotor-20240110145327-768x660.jpg 768w\" sizes=\"(max-width: 696px) 100vw, 696px\" \/>\t\t\t\t\t\t\t\t\t\t\t\t\t\t\t<\/div>\n\t\t\t\t<\/div>\n\t\t\t\t\t<\/div>\n\t\t<\/div>\n\t\t\t\t\t<\/div>\n\t\t<\/section>\n\t\t\t\t<section class=\"elementor-section elementor-top-section elementor-element elementor-element-7a7ff43 elementor-section-boxed elementor-section-height-default elementor-section-height-default\" data-id=\"7a7ff43\" data-element_type=\"section\">\n\t\t\t\t\t\t<div class=\"elementor-container elementor-column-gap-default\">\n\t\t\t\t\t<div class=\"elementor-column elementor-col-100 elementor-top-column elementor-element elementor-element-d5edc88\" data-id=\"d5edc88\" data-element_type=\"column\">\n\t\t\t<div class=\"elementor-widget-wrap elementor-element-populated\">\n\t\t\t\t\t\t<div class=\"elementor-element elementor-element-438eb08 elementor-widget elementor-widget-text-editor\" data-id=\"438eb08\" data-element_type=\"widget\" data-widget_type=\"text-editor.default\">\n\t\t\t\t<div class=\"elementor-widget-container\">\n\t\t\t\t\t\t\t\t\t<p>Na manh\u00e3 da \u00faltima segunda-feira (dia 8), o corpo de um homem, com diversas les\u00f5es, foi encontrado no interior de um ve\u00edculo estacionado \u00e0 margem da Rodovia Jovino Piucco, Areias de Macacu, Garopaba, por uma guarni\u00e7\u00e3o da Pol\u00edcia Militar.&nbsp;<\/p>\n<p>Imediatamente, a Pol\u00edcia Civil foi acionada, dando in\u00edcio \u00e0 investiga\u00e7\u00e3o, com o apoio das for\u00e7as de seguran\u00e7a locais. Os elementos colhidos levaram \u00e0 conclus\u00e3o de que a v\u00edtima teria sido morta por um amigo. Segundo apurado at\u00e9 o momento, o autor teria decidido matar seu amigo por desconfiar que sua ex-companheira teria se relacionado com a v\u00edtima.&nbsp;<\/p>\n<p>Ent\u00e3o, na noite de domingo (07), o autor, ap\u00f3s consumir altas doses de drogas, teria atra\u00eddo a v\u00edtima at\u00e9 sua casa nas proximidades da Praia do Siri\u00fa, onde acabou por agredi-la at\u00e9 a morte, com socos, chutes e facadas. Em seguida, teria colocado o corpo no ve\u00edculo da v\u00edtima e o levado at\u00e9 o local onde foi encontrado. Ap\u00f3s abandonar o ve\u00edculo com a v\u00edtima, o autor teria empreendido fuga, levando consigo o aparelho celular subtra\u00eddo da v\u00edtima.<\/p>\n<p>Descoberta a autoria do crime, a autoridade policial representou pela decreta\u00e7\u00e3o da pris\u00e3o preventiva do homicida, tendo em vista que informa\u00e7\u00f5es colhidas na cidade davam conta de que ele pretendia fugir do estado. Assim, obtido o decreto prisional por meio do plant\u00e3o do Poder Judici\u00e1rio estadual com a concord\u00e2ncia do Minist\u00e9rio P\u00fablico, os policiais civis e os policiais militares de Garopaba localizaram o autor do crime j\u00e1 pr\u00f3ximo da meia noite de ter\u00e7a-feira (09).&nbsp;<\/p>\n<p>O investigado estava a bordo de um ve\u00edculo rumo \u00e0 sa\u00edda de Garopaba, com uma mala de roupas e certa quantidade de dinheiro, o que confirmou a suspeita de que estava buscando fugir da cidade.<\/p>\n<p>O homem foi encaminhado ao Pres\u00eddio de Imbituba, onde permanecer\u00e1 \u00e0 disposi\u00e7\u00e3o da Justi\u00e7a, ao passo que o inqu\u00e9rito policial ser\u00e1 remetido ao ju\u00edzo nos pr\u00f3ximos dias. Importante d<span style=\"font-family: var( --e-global-typography-text-font-family ), Sans-serif; font-size: var( --e-global-typography-text-font-size );\">estacar a atua\u00e7\u00e3o integrada das for\u00e7as policiais (Pol\u00edcias Civil, Militar e Cient\u00edfica) e dos \u00f3rg\u00e3os da persecu\u00e7\u00e3o penal (Poder Judici\u00e1rio e Minist\u00e9rio P\u00fablico), que permitiu a r\u00e1pida e efetiva resposta do estado frente a t\u00e3o b\u00e1rbaro crime.<\/span><\/p>\n<p><b>Colabore com a Pol\u00edcia Civil. Denuncie! Disque 181, escreva para (48) 98844-0011 (WhatsApp) ou acesse www.pc.sc.gov.br.<\/b><span style=\"color: var( --e-global-color-text ); font-family: var( --e-global-typography-primary-font-family ), Sans-serif; font-size: var( --e-global-typography-primary-font-size ); font-weight: var( --e-global-typography-primary-font-weight ); letter-spacing: var( --e-global-typography-primary-letter-spacing );\">&nbsp;<\/span><\/p>\t\t\t\t\t\t\t\t<\/div>\n\t\t\t\t<\/div>\n\t\t\t\t\t<\/div>\n\t\t<\/div>\n\t\t\t\t\t<\/div>\n\t\t<\/section>\n\t\t\t\t<\/div>\n\t\t","protected":false},"excerpt":{"rendered":"<p>Opera\u00e7\u00e3o conjunta entre PCSC e PMSC identifica e prende preventivamente homem que matou o amigo em Garopaba Na manh\u00e3 da \u00faltima segunda-feira (dia 8), o corpo de um homem, com diversas les\u00f5es, foi encontrado no interior de um ve\u00edculo estacionado \u00e0 margem da Rodovia Jovino Piucco, Areias de Macacu, Garopaba, por uma guarni\u00e7\u00e3o da Pol\u00edcia [&hellip;]<\/p>\n","protected":false},"author":5,"featured_media":16463,"comment_status":"closed","ping_status":"open","sticky":false,"template":"","format":"standard","meta":{"_monsterinsights_skip_tracking":false,"_monsterinsights_sitenote_active":false,"_monsterinsights_sitenote_note":"","_monsterinsights_sitenote_category":0,"footnotes":""},"categories":[1],"tags":[],"class_list":["post-16462","post","type-post","status-publish","format-standard","has-post-thumbnail","hentry","category-sem-categoria"],"_links":{"self":[{"href":"https:\/\/pc.sc.gov.br\/index.php?rest_route=\/wp\/v2\/posts\/16462","targetHints":{"allow":["GET"]}}],"collection":[{"href":"https:\/\/pc.sc.gov.br\/index.php?rest_route=\/wp\/v2\/posts"}],"about":[{"href":"https:\/\/pc.sc.gov.br\/index.php?rest_route=\/wp\/v2\/types\/post"}],"author":[{"embeddable":true,"href":"https:\/\/pc.sc.gov.br\/index.php?rest_route=\/wp\/v2\/users\/5"}],"replies":[{"embeddable":true,"href":"https:\/\/pc.sc.gov.br\/index.php?rest_route=%2Fwp%2Fv2%2Fcomments&post=16462"}],"version-history":[{"count":4,"href":"https:\/\/pc.sc.gov.br\/index.php?rest_route=\/wp\/v2\/posts\/16462\/revisions"}],"predecessor-version":[{"id":16467,"href":"https:\/\/pc.sc.gov.br\/index.php?rest_route=\/wp\/v2\/posts\/16462\/revisions\/16467"}],"wp:featuredmedia":[{"embeddable":true,"href":"https:\/\/pc.sc.gov.br\/index.php?rest_route=\/wp\/v2\/media\/16463"}],"wp:attachment":[{"href":"https:\/\/pc.sc.gov.br\/index.php?rest_route=%2Fwp%2Fv2%2Fmedia&parent=16462"}],"wp:term":[{"taxonomy":"category","embeddable":true,"href":"https:\/\/pc.sc.gov.br\/index.php?rest_route=%2Fwp%2Fv2%2Fcategories&post=16462"},{"taxonomy":"post_tag","embeddable":true,"href":"https:\/\/pc.sc.gov.br\/index.php?rest_route=%2Fwp%2Fv2%2Ftags&post=16462"}],"curies":[{"name":"wp","href":"https:\/\/api.w.org\/{rel}","templated":true}]}}