{"id":16468,"date":"2024-01-10T17:23:37","date_gmt":"2024-01-10T20:23:37","guid":{"rendered":"https:\/\/pc.sc.gov.br\/?p=16468"},"modified":"2024-01-10T17:30:18","modified_gmt":"2024-01-10T20:30:18","slug":"policias-civil-de-sc-e-do-parana-deflagram-operacao-conexao-e-elucidam-duplo-homicidio-ocorrido-na-praia-do-rosa-em-imbituba","status":"publish","type":"post","link":"https:\/\/pc.sc.gov.br\/?p=16468","title":{"rendered":"Pol\u00edcias Civil de SC e do Paran\u00e1 deflagram opera\u00e7\u00e3o \u201cConex\u00e3o\u201d e elucidam duplo homic\u00eddio ocorrido na Praia do Rosa, em Imbituba"},"content":{"rendered":"\t\t<div data-elementor-type=\"wp-post\" data-elementor-id=\"16468\" class=\"elementor elementor-16468\" data-elementor-post-type=\"post\">\n\t\t\t\t\t\t<section class=\"elementor-section elementor-top-section elementor-element elementor-element-d3731da elementor-section-boxed elementor-section-height-default elementor-section-height-default\" data-id=\"d3731da\" data-element_type=\"section\">\n\t\t\t\t\t\t<div class=\"elementor-container elementor-column-gap-default\">\n\t\t\t\t\t<div class=\"elementor-column elementor-col-100 elementor-top-column elementor-element elementor-element-512a4c1\" data-id=\"512a4c1\" data-element_type=\"column\">\n\t\t\t<div class=\"elementor-widget-wrap elementor-element-populated\">\n\t\t\t\t\t\t<div class=\"elementor-element elementor-element-0d8eca1 elementor-widget elementor-widget-heading\" data-id=\"0d8eca1\" data-element_type=\"widget\" data-widget_type=\"heading.default\">\n\t\t\t\t<div class=\"elementor-widget-container\">\n\t\t\t\t\t<h2 class=\"elementor-heading-title elementor-size-default\">Pol\u00edcias Civil de SC e do Paran\u00e1 deflagram opera\u00e7\u00e3o \u201cConex\u00e3o\u201d e elucidam duplo homic\u00eddio de irm\u00e3os ocorrido na Praia do Rosa, em Imbituba<\/h2>\t\t\t\t<\/div>\n\t\t\t\t<\/div>\n\t\t\t\t\t<\/div>\n\t\t<\/div>\n\t\t\t\t\t<\/div>\n\t\t<\/section>\n\t\t\t\t<section class=\"elementor-section elementor-top-section elementor-element elementor-element-0309304 elementor-section-boxed elementor-section-height-default elementor-section-height-default\" data-id=\"0309304\" data-element_type=\"section\">\n\t\t\t\t\t\t<div class=\"elementor-container elementor-column-gap-default\">\n\t\t\t\t\t<div class=\"elementor-column elementor-col-100 elementor-top-column elementor-element elementor-element-0846b04\" data-id=\"0846b04\" data-element_type=\"column\">\n\t\t\t<div class=\"elementor-widget-wrap elementor-element-populated\">\n\t\t\t\t\t\t<div class=\"elementor-element elementor-element-6601d9e elementor-widget elementor-widget-image\" data-id=\"6601d9e\" data-element_type=\"widget\" data-widget_type=\"image.default\">\n\t\t\t\t<div class=\"elementor-widget-container\">\n\t\t\t\t\t\t\t\t\t\t\t\t\t\t\t<img fetchpriority=\"high\" decoding=\"async\" width=\"696\" height=\"313\" src=\"https:\/\/pc.sc.gov.br\/\/wp-content\/uploads\/2024\/01\/f5a9b963-b56c-4288-b83f-6853e34b45b9-fotor-2024011017182-1024x460.jpg\" class=\"attachment-large size-large wp-image-16469\" alt=\"\" srcset=\"https:\/\/pc.sc.gov.br\/\/wp-content\/uploads\/2024\/01\/f5a9b963-b56c-4288-b83f-6853e34b45b9-fotor-2024011017182-1024x460.jpg 1024w, https:\/\/pc.sc.gov.br\/\/wp-content\/uploads\/2024\/01\/f5a9b963-b56c-4288-b83f-6853e34b45b9-fotor-2024011017182-300x135.jpg 300w, https:\/\/pc.sc.gov.br\/\/wp-content\/uploads\/2024\/01\/f5a9b963-b56c-4288-b83f-6853e34b45b9-fotor-2024011017182-768x345.jpg 768w, https:\/\/pc.sc.gov.br\/\/wp-content\/uploads\/2024\/01\/f5a9b963-b56c-4288-b83f-6853e34b45b9-fotor-2024011017182.jpg 1083w\" sizes=\"(max-width: 696px) 100vw, 696px\" \/>\t\t\t\t\t\t\t\t\t\t\t\t\t\t\t<\/div>\n\t\t\t\t<\/div>\n\t\t\t\t\t<\/div>\n\t\t<\/div>\n\t\t\t\t\t<\/div>\n\t\t<\/section>\n\t\t\t\t<section class=\"elementor-section elementor-top-section elementor-element elementor-element-6e661d4 elementor-section-boxed elementor-section-height-default elementor-section-height-default\" data-id=\"6e661d4\" data-element_type=\"section\">\n\t\t\t\t\t\t<div class=\"elementor-container elementor-column-gap-default\">\n\t\t\t\t\t<div class=\"elementor-column elementor-col-100 elementor-top-column elementor-element elementor-element-bf8816b\" data-id=\"bf8816b\" data-element_type=\"column\">\n\t\t\t<div class=\"elementor-widget-wrap elementor-element-populated\">\n\t\t\t\t\t\t<div class=\"elementor-element elementor-element-fd539d5 elementor-widget elementor-widget-text-editor\" data-id=\"fd539d5\" data-element_type=\"widget\" data-widget_type=\"text-editor.default\">\n\t\t\t\t<div class=\"elementor-widget-container\">\n\t\t\t\t\t\t\t\t\t<p>A Pol\u00edcia Civil de Santa Catarina, por interm\u00e9dio da Delegacia de Pol\u00edcia de Imbituba, com o aux\u00edlio da Delegacia de Pol\u00edcia de Barra Velha; a Pol\u00edcia Civil do Paran\u00e1, por meio do DENARC de Londrina e DHPP de Curitiba, com o aux\u00edlio do DENARC de Curitiba, DENARC de Maring\u00e1, COPE de Curitiba, NOC\/DENARC de Londrina, NOC\/DENARC de Maring\u00e1, 9\u00aa SDP, 10\u00aa SDP, 17\u00aa SDP e 22\u00aa SDP; e a Secretaria Nacional Antidrogas (Senad) do Paraguai deflagraram nesta quarta-feira (10), a opera\u00e7\u00e3o \u201cConex\u00e3o\u201d.\u00a0<\/p><p>O objetivo da a\u00e7\u00e3o foi dar cumprimento a 38 ordens judiciais, sendo 29 mandados de busca e apreens\u00e3o e nove mandados de pris\u00e3o preventiva, em investiga\u00e7\u00e3o coordenada pela Delegacia de Pol\u00edcia de Imbituba que elucidou a pr\u00e1tica de um duplo homic\u00eddio ocorrido em mar\u00e7o do ano passado, no bairro Praia do Rosa, em Imbituba.<\/p><p>No dia 06\/03\/2023, durante a madrugada, as pol\u00edcias Civil e Militar de Imbituba foram acionadas para atendimento de um duplo homic\u00eddio ocorrido no bairro Ibiraquera (Praia do Rosa), em Imbituba. No local, restou constatado que as v\u00edtimas (que s\u00e3o irm\u00e3os) foram alvejadas por dezenas de disparos de arma de fogo, incluindo disparos com fuzis e pistolas, sendo que o crime ocorreu na frente das respectivas esposas e filhos pequenos.<\/p><p>Logo no in\u00edcio das apura\u00e7\u00f5es, o setor de investiga\u00e7\u00e3o da Delegacia de Pol\u00edcia de Imbituba, com o aux\u00edlio da Ag\u00eancia de Intelig\u00eancia da Pol\u00edcia Militar de Imbituba, logrou \u00eaxito em identificar que os autores se deslocaram do Paran\u00e1 para Imbituba utilizando pelo menos dois ve\u00edculos. Al\u00e9m disso, os policiais identificaram os hot\u00e9is\/pousadas que os investigados permaneceram hospedados em Imbituba e Itapema antes e depois do crime.<\/p><p>A partir da identifica\u00e7\u00e3o dos ve\u00edculos, a Delegacia de Pol\u00edcia de Imbituba passou a monitorar os autores e, ap\u00f3s troca de informa\u00e7\u00f5es com a Pol\u00edcia Rodovi\u00e1ria Federal, foi poss\u00edvel a abordagem de um dos ve\u00edculos utilizados, sendo apreendidos, na ocasi\u00e3o, aproximadamente 225 quilos de maconha, resultando na pris\u00e3o em flagrante de dois suspeitos.<\/p><p>Ao longo das investiga\u00e7\u00f5es, a Delegacia de Pol\u00edcia de Imbituba contou com o apoio irrestrito da Pol\u00edcia Civil do Paran\u00e1, especialmente do DENARC de Londrina, da DHPP de Curitiba e, ainda, do GAECO de Londrina. Ainda, no curso das investiga\u00e7\u00f5es, foi identificado que a mesma organiza\u00e7\u00e3o criminosa respons\u00e1vel pelo duplo homic\u00eddio praticado em Imbituba teria sido respons\u00e1vel por v\u00e1rios outros assassinatos ocorridos recentemente no estado do Paran\u00e1: outro duplo homic\u00eddio ocorrido em Londrina em 19\/03\/2023 e um homic\u00eddio ocorrido em Maring\u00e1 em 30\/05\/2023, o qual resultou na pris\u00e3o em flagrante de 03(tr\u00eas) membros da organiza\u00e7\u00e3o criminosa e na apreens\u00e3o de v\u00e1rias armas de fogo, incluindo um fuzil.<\/p><p>Importante destacar que a partir de uma s\u00e9rie de dilig\u00eancias investigativas, a Pol\u00edcia Civil de Imbituba identificou que o duplo homic\u00eddio praticado na Praia do Rosa contou com ao menos dois mandantes, cinco executores diretos e ao menos dois auxiliares que participaram da premedita\u00e7\u00e3o e do recolhimento\/transporte das armas ap\u00f3s o crime.<\/p><div>\u00a0<\/div>\t\t\t\t\t\t\t\t<\/div>\n\t\t\t\t<\/div>\n\t\t\t\t\t<\/div>\n\t\t<\/div>\n\t\t\t\t\t<\/div>\n\t\t<\/section>\n\t\t\t\t<\/div>\n\t\t","protected":false},"excerpt":{"rendered":"<p>Pol\u00edcias Civil de SC e do Paran\u00e1 deflagram opera\u00e7\u00e3o \u201cConex\u00e3o\u201d e elucidam duplo homic\u00eddio de irm\u00e3os ocorrido na Praia do Rosa, em Imbituba A Pol\u00edcia Civil de Santa Catarina, por interm\u00e9dio da Delegacia de Pol\u00edcia de Imbituba, com o aux\u00edlio da Delegacia de Pol\u00edcia de Barra Velha; a Pol\u00edcia Civil do Paran\u00e1, por meio do [&hellip;]<\/p>\n","protected":false},"author":5,"featured_media":16469,"comment_status":"closed","ping_status":"open","sticky":false,"template":"","format":"standard","meta":{"_monsterinsights_skip_tracking":false,"_monsterinsights_sitenote_active":false,"_monsterinsights_sitenote_note":"","_monsterinsights_sitenote_category":0,"footnotes":""},"categories":[1],"tags":[],"class_list":["post-16468","post","type-post","status-publish","format-standard","has-post-thumbnail","hentry","category-sem-categoria"],"_links":{"self":[{"href":"https:\/\/pc.sc.gov.br\/index.php?rest_route=\/wp\/v2\/posts\/16468","targetHints":{"allow":["GET"]}}],"collection":[{"href":"https:\/\/pc.sc.gov.br\/index.php?rest_route=\/wp\/v2\/posts"}],"about":[{"href":"https:\/\/pc.sc.gov.br\/index.php?rest_route=\/wp\/v2\/types\/post"}],"author":[{"embeddable":true,"href":"https:\/\/pc.sc.gov.br\/index.php?rest_route=\/wp\/v2\/users\/5"}],"replies":[{"embeddable":true,"href":"https:\/\/pc.sc.gov.br\/index.php?rest_route=%2Fwp%2Fv2%2Fcomments&post=16468"}],"version-history":[{"count":7,"href":"https:\/\/pc.sc.gov.br\/index.php?rest_route=\/wp\/v2\/posts\/16468\/revisions"}],"predecessor-version":[{"id":16476,"href":"https:\/\/pc.sc.gov.br\/index.php?rest_route=\/wp\/v2\/posts\/16468\/revisions\/16476"}],"wp:featuredmedia":[{"embeddable":true,"href":"https:\/\/pc.sc.gov.br\/index.php?rest_route=\/wp\/v2\/media\/16469"}],"wp:attachment":[{"href":"https:\/\/pc.sc.gov.br\/index.php?rest_route=%2Fwp%2Fv2%2Fmedia&parent=16468"}],"wp:term":[{"taxonomy":"category","embeddable":true,"href":"https:\/\/pc.sc.gov.br\/index.php?rest_route=%2Fwp%2Fv2%2Fcategories&post=16468"},{"taxonomy":"post_tag","embeddable":true,"href":"https:\/\/pc.sc.gov.br\/index.php?rest_route=%2Fwp%2Fv2%2Ftags&post=16468"}],"curies":[{"name":"wp","href":"https:\/\/api.w.org\/{rel}","templated":true}]}}