{"id":16491,"date":"2024-01-12T12:55:04","date_gmt":"2024-01-12T15:55:04","guid":{"rendered":"https:\/\/pc.sc.gov.br\/?p=16491"},"modified":"2024-01-12T13:19:53","modified_gmt":"2024-01-12T16:19:53","slug":"dic-de-laguna-em-conjunto-com-a-dp-de-guaratuba-localiza-e-prende-homicida-foragido-ha-mais-de-10-anos-de-sc","status":"publish","type":"post","link":"https:\/\/pc.sc.gov.br\/?p=16491","title":{"rendered":"DIC de Laguna, em conjunto com a DP de Guaratuba, localiza e prende homicida foragido h\u00e1 mais de 10 anos de SC"},"content":{"rendered":"\t\t<div data-elementor-type=\"wp-post\" data-elementor-id=\"16491\" class=\"elementor elementor-16491\" data-elementor-post-type=\"post\">\n\t\t\t\t\t\t<section class=\"elementor-section elementor-top-section elementor-element elementor-element-0d5a430 elementor-section-boxed elementor-section-height-default elementor-section-height-default\" data-id=\"0d5a430\" data-element_type=\"section\">\n\t\t\t\t\t\t<div class=\"elementor-container elementor-column-gap-default\">\n\t\t\t\t\t<div class=\"elementor-column elementor-col-100 elementor-top-column elementor-element elementor-element-251e493\" data-id=\"251e493\" data-element_type=\"column\">\n\t\t\t<div class=\"elementor-widget-wrap elementor-element-populated\">\n\t\t\t\t\t\t<div class=\"elementor-element elementor-element-788607a elementor-widget elementor-widget-heading\" data-id=\"788607a\" data-element_type=\"widget\" data-widget_type=\"heading.default\">\n\t\t\t\t<div class=\"elementor-widget-container\">\n\t\t\t\t\t<h2 class=\"elementor-heading-title elementor-size-default\">DIC de Laguna, em conjunto com a DP de Guaratuba, localiza e prende homicida foragido h\u00e1 mais de 10 anos de SC<\/h2>\t\t\t\t<\/div>\n\t\t\t\t<\/div>\n\t\t\t\t\t<\/div>\n\t\t<\/div>\n\t\t\t\t\t<\/div>\n\t\t<\/section>\n\t\t\t\t<section class=\"elementor-section elementor-top-section elementor-element elementor-element-06815f8 elementor-section-boxed elementor-section-height-default elementor-section-height-default\" data-id=\"06815f8\" data-element_type=\"section\">\n\t\t\t\t\t\t<div class=\"elementor-container elementor-column-gap-default\">\n\t\t\t\t\t<div class=\"elementor-column elementor-col-100 elementor-top-column elementor-element elementor-element-58bcd3c\" data-id=\"58bcd3c\" data-element_type=\"column\">\n\t\t\t<div class=\"elementor-widget-wrap elementor-element-populated\">\n\t\t\t\t\t\t<div class=\"elementor-element elementor-element-202e761 elementor-widget elementor-widget-image\" data-id=\"202e761\" data-element_type=\"widget\" data-widget_type=\"image.default\">\n\t\t\t\t<div class=\"elementor-widget-container\">\n\t\t\t\t\t\t\t\t\t\t\t\t\t\t\t<img fetchpriority=\"high\" decoding=\"async\" width=\"696\" height=\"331\" src=\"https:\/\/pc.sc.gov.br\/\/wp-content\/uploads\/2024\/01\/WhatsApp-Image-2024-01-11-at-19.45.34-1-fotor-20240112131641-1024x487.jpg\" class=\"attachment-large size-large wp-image-16500\" alt=\"\" srcset=\"https:\/\/pc.sc.gov.br\/\/wp-content\/uploads\/2024\/01\/WhatsApp-Image-2024-01-11-at-19.45.34-1-fotor-20240112131641-1024x487.jpg 1024w, https:\/\/pc.sc.gov.br\/\/wp-content\/uploads\/2024\/01\/WhatsApp-Image-2024-01-11-at-19.45.34-1-fotor-20240112131641-300x143.jpg 300w, https:\/\/pc.sc.gov.br\/\/wp-content\/uploads\/2024\/01\/WhatsApp-Image-2024-01-11-at-19.45.34-1-fotor-20240112131641-768x365.jpg 768w, https:\/\/pc.sc.gov.br\/\/wp-content\/uploads\/2024\/01\/WhatsApp-Image-2024-01-11-at-19.45.34-1-fotor-20240112131641.jpg 1216w\" sizes=\"(max-width: 696px) 100vw, 696px\" \/>\t\t\t\t\t\t\t\t\t\t\t\t\t\t\t<\/div>\n\t\t\t\t<\/div>\n\t\t\t\t\t<\/div>\n\t\t<\/div>\n\t\t\t\t\t<\/div>\n\t\t<\/section>\n\t\t\t\t<section class=\"elementor-section elementor-top-section elementor-element elementor-element-8a53abe elementor-section-boxed elementor-section-height-default elementor-section-height-default\" data-id=\"8a53abe\" data-element_type=\"section\">\n\t\t\t\t\t\t<div class=\"elementor-container elementor-column-gap-default\">\n\t\t\t\t\t<div class=\"elementor-column elementor-col-100 elementor-top-column elementor-element elementor-element-674a9dc\" data-id=\"674a9dc\" data-element_type=\"column\">\n\t\t\t<div class=\"elementor-widget-wrap elementor-element-populated\">\n\t\t\t\t\t\t<div class=\"elementor-element elementor-element-442f746 elementor-widget elementor-widget-text-editor\" data-id=\"442f746\" data-element_type=\"widget\" data-widget_type=\"text-editor.default\">\n\t\t\t\t<div class=\"elementor-widget-container\">\n\t\t\t\t\t\t\t\t\t<p>A Pol\u00edcia Civil de Santa Catarina, por meio da Divis\u00e3o de Investiga\u00e7\u00e3o Criminal (DIC) de Laguna, em opera\u00e7\u00e3o conjunta com a Delegacia de Pol\u00edcia de Guaratuba (PR) prendeu na quinta-feira (11) um homem natural de Laguna, condenado pelo conselho de senten\u00e7a do Tribunal do J\u00fari da comarca de Laguna, no ano de 2013, \u00e0 pena de 14 anos, por homic\u00eddio duplamente qualificado, ocorrido na Praia do Gi, em Laguna. Os fatos j\u00e1 transitaram em julgado e o nome do acusado j\u00e1 foi inserido no rol dos culpados.<\/p><p>H\u00e1 mais de 10 anos, data em que o homic\u00eddio foi praticado, ele se encontrava nessa condi\u00e7\u00e3o de foragido, sendo ent\u00e3o o homem que por mais tempo conseguiu ostentar a condi\u00e7\u00e3o de foragido da comarca de Laguna. Por\u00e9m, a Pol\u00edcia Civil nunca parou de buscar informa\u00e7\u00f5es sobre o seu paradeiro at\u00e9 efetivar a sua pris\u00e3o.\u00a0<\/p>\t\t\t\t\t\t\t\t<\/div>\n\t\t\t\t<\/div>\n\t\t\t\t\t<\/div>\n\t\t<\/div>\n\t\t\t\t\t<\/div>\n\t\t<\/section>\n\t\t\t\t<\/div>\n\t\t","protected":false},"excerpt":{"rendered":"<p>DIC de Laguna, em conjunto com a DP de Guaratuba, localiza e prende homicida foragido h\u00e1 mais de 10 anos de SC A Pol\u00edcia Civil de Santa Catarina, por meio da Divis\u00e3o de Investiga\u00e7\u00e3o Criminal (DIC) de Laguna, em opera\u00e7\u00e3o conjunta com a Delegacia de Pol\u00edcia de Guaratuba (PR) prendeu na quinta-feira (11) um homem [&hellip;]<\/p>\n","protected":false},"author":5,"featured_media":16500,"comment_status":"closed","ping_status":"open","sticky":false,"template":"","format":"standard","meta":{"_monsterinsights_skip_tracking":false,"_monsterinsights_sitenote_active":false,"_monsterinsights_sitenote_note":"","_monsterinsights_sitenote_category":0,"footnotes":""},"categories":[1],"tags":[],"class_list":["post-16491","post","type-post","status-publish","format-standard","has-post-thumbnail","hentry","category-sem-categoria"],"_links":{"self":[{"href":"https:\/\/pc.sc.gov.br\/index.php?rest_route=\/wp\/v2\/posts\/16491","targetHints":{"allow":["GET"]}}],"collection":[{"href":"https:\/\/pc.sc.gov.br\/index.php?rest_route=\/wp\/v2\/posts"}],"about":[{"href":"https:\/\/pc.sc.gov.br\/index.php?rest_route=\/wp\/v2\/types\/post"}],"author":[{"embeddable":true,"href":"https:\/\/pc.sc.gov.br\/index.php?rest_route=\/wp\/v2\/users\/5"}],"replies":[{"embeddable":true,"href":"https:\/\/pc.sc.gov.br\/index.php?rest_route=%2Fwp%2Fv2%2Fcomments&post=16491"}],"version-history":[{"count":3,"href":"https:\/\/pc.sc.gov.br\/index.php?rest_route=\/wp\/v2\/posts\/16491\/revisions"}],"predecessor-version":[{"id":16503,"href":"https:\/\/pc.sc.gov.br\/index.php?rest_route=\/wp\/v2\/posts\/16491\/revisions\/16503"}],"wp:featuredmedia":[{"embeddable":true,"href":"https:\/\/pc.sc.gov.br\/index.php?rest_route=\/wp\/v2\/media\/16500"}],"wp:attachment":[{"href":"https:\/\/pc.sc.gov.br\/index.php?rest_route=%2Fwp%2Fv2%2Fmedia&parent=16491"}],"wp:term":[{"taxonomy":"category","embeddable":true,"href":"https:\/\/pc.sc.gov.br\/index.php?rest_route=%2Fwp%2Fv2%2Fcategories&post=16491"},{"taxonomy":"post_tag","embeddable":true,"href":"https:\/\/pc.sc.gov.br\/index.php?rest_route=%2Fwp%2Fv2%2Ftags&post=16491"}],"curies":[{"name":"wp","href":"https:\/\/api.w.org\/{rel}","templated":true}]}}