{"id":16492,"date":"2024-01-12T13:10:18","date_gmt":"2024-01-12T16:10:18","guid":{"rendered":"https:\/\/pc.sc.gov.br\/?p=16492"},"modified":"2024-01-12T13:12:30","modified_gmt":"2024-01-12T16:12:30","slug":"acao-verao-seguro-da-policia-civil-contara-com-o-apoio-de-tres-quadriciclos-nesta-temporada","status":"publish","type":"post","link":"https:\/\/pc.sc.gov.br\/?p=16492","title":{"rendered":"A\u00e7\u00e3o Ver\u00e3o Seguro da Pol\u00edcia Civil contar\u00e1 com o apoio de tr\u00eas quadriciclos nesta temporada"},"content":{"rendered":"\t\t<div data-elementor-type=\"wp-post\" data-elementor-id=\"16492\" class=\"elementor elementor-16492\" data-elementor-post-type=\"post\">\n\t\t\t\t\t\t<section class=\"elementor-section elementor-top-section elementor-element elementor-element-8844a92 elementor-section-boxed elementor-section-height-default elementor-section-height-default\" data-id=\"8844a92\" data-element_type=\"section\">\n\t\t\t\t\t\t<div class=\"elementor-container elementor-column-gap-default\">\n\t\t\t\t\t<div class=\"elementor-column elementor-col-100 elementor-top-column elementor-element elementor-element-86ba34b\" data-id=\"86ba34b\" data-element_type=\"column\">\n\t\t\t<div class=\"elementor-widget-wrap elementor-element-populated\">\n\t\t\t\t\t\t<div class=\"elementor-element elementor-element-44ca8f8 elementor-widget elementor-widget-heading\" data-id=\"44ca8f8\" data-element_type=\"widget\" data-widget_type=\"heading.default\">\n\t\t\t\t<div class=\"elementor-widget-container\">\n\t\t\t\t\t<h2 class=\"elementor-heading-title elementor-size-default\">A\u00e7\u00e3o Ver\u00e3o Seguro da Pol\u00edcia Civil contar\u00e1 com o apoio de tr\u00eas quadriciclos nesta temporada<\/h2>\t\t\t\t<\/div>\n\t\t\t\t<\/div>\n\t\t\t\t\t<\/div>\n\t\t<\/div>\n\t\t\t\t\t<\/div>\n\t\t<\/section>\n\t\t\t\t<section class=\"elementor-section elementor-top-section elementor-element elementor-element-8d3307b elementor-section-boxed elementor-section-height-default elementor-section-height-default\" data-id=\"8d3307b\" data-element_type=\"section\">\n\t\t\t\t\t\t<div class=\"elementor-container elementor-column-gap-default\">\n\t\t\t\t\t<div class=\"elementor-column elementor-col-100 elementor-top-column elementor-element elementor-element-40c227b\" data-id=\"40c227b\" data-element_type=\"column\">\n\t\t\t<div class=\"elementor-widget-wrap elementor-element-populated\">\n\t\t\t\t\t\t<div class=\"elementor-element elementor-element-de9a387 elementor-widget elementor-widget-image\" data-id=\"de9a387\" data-element_type=\"widget\" data-widget_type=\"image.default\">\n\t\t\t\t<div class=\"elementor-widget-container\">\n\t\t\t\t\t\t\t\t\t\t\t\t\t\t\t<img fetchpriority=\"high\" decoding=\"async\" width=\"696\" height=\"682\" src=\"https:\/\/pc.sc.gov.br\/\/wp-content\/uploads\/2024\/01\/WhatsApp-Image-2024-01-12-at-12.59.38.jpeg\" class=\"attachment-large size-large wp-image-16493\" alt=\"\" srcset=\"https:\/\/pc.sc.gov.br\/\/wp-content\/uploads\/2024\/01\/WhatsApp-Image-2024-01-12-at-12.59.38.jpeg 1024w, https:\/\/pc.sc.gov.br\/\/wp-content\/uploads\/2024\/01\/WhatsApp-Image-2024-01-12-at-12.59.38-300x294.jpeg 300w, https:\/\/pc.sc.gov.br\/\/wp-content\/uploads\/2024\/01\/WhatsApp-Image-2024-01-12-at-12.59.38-768x752.jpeg 768w\" sizes=\"(max-width: 696px) 100vw, 696px\" \/>\t\t\t\t\t\t\t\t\t\t\t\t\t\t\t<\/div>\n\t\t\t\t<\/div>\n\t\t\t\t\t<\/div>\n\t\t<\/div>\n\t\t\t\t\t<\/div>\n\t\t<\/section>\n\t\t\t\t<section class=\"elementor-section elementor-top-section elementor-element elementor-element-0cf1aa4 elementor-section-boxed elementor-section-height-default elementor-section-height-default\" data-id=\"0cf1aa4\" data-element_type=\"section\">\n\t\t\t\t\t\t<div class=\"elementor-container elementor-column-gap-default\">\n\t\t\t\t\t<div class=\"elementor-column elementor-col-100 elementor-top-column elementor-element elementor-element-40f3d6c\" data-id=\"40f3d6c\" data-element_type=\"column\">\n\t\t\t<div class=\"elementor-widget-wrap elementor-element-populated\">\n\t\t\t\t\t\t<div class=\"elementor-element elementor-element-ed41ac6 elementor-widget elementor-widget-text-editor\" data-id=\"ed41ac6\" data-element_type=\"widget\" data-widget_type=\"text-editor.default\">\n\t\t\t\t<div class=\"elementor-widget-container\">\n\t\t\t\t\t\t\t\t\t<p>Nesta sexta-feira (12), a Pol\u00edcia Civil de Santa Catarina, por meio da Delegacia-geral, realizou a entrega para a Diretoria de Pol\u00edcia da Grande Florian\u00f3polis e para as delegacias regionais de Laguna e Balne\u00e1rio Cambori\u00fa de tr\u00eas quadriciclos que ser\u00e3o usados na Opera\u00e7\u00e3o Esta\u00e7\u00e3o Ver\u00e3o nesta temporada. <br>Os ve\u00edculos foram doados pela Secretaria de Estado da Seguran\u00e7a P\u00fablica para a Pol\u00edcia Civil de Santa Catarina e auxiliar\u00e3o principalmente na a\u00e7\u00e3o Ver\u00e3o Seguro, que consiste na entrega de pulseirinhas e distintivos de policiais mirins para crian\u00e7as nas praias catarinenses. <br>O ato de entrega dos quadriciclos para as unidades da Pol\u00edcia Civil contou com a presen\u00e7a, al\u00e9m do delegado-geral Ulisses Gabriel, do Secret\u00e1rio Adjunto de Seguran\u00e7a P\u00fablica de Santa Catarina, Coronel Freibergue Rubem do Nascimento; da delegada Regional de Laguna, Vivian Garcia Selig; do delegado Regional de Balne\u00e1rio Cambori\u00fa Giancarlo Rossini; do gerente de Setor de Opera\u00e7\u00e3o da PCSC, Thiago Freitas Nogueira; e do delegado Raphael Giordani.<br><\/p>\t\t\t\t\t\t\t\t<\/div>\n\t\t\t\t<\/div>\n\t\t\t\t\t<\/div>\n\t\t<\/div>\n\t\t\t\t\t<\/div>\n\t\t<\/section>\n\t\t\t\t<\/div>\n\t\t","protected":false},"excerpt":{"rendered":"<p>A\u00e7\u00e3o Ver\u00e3o Seguro da Pol\u00edcia Civil contar\u00e1 com o apoio de tr\u00eas quadriciclos nesta temporada Nesta sexta-feira (12), a Pol\u00edcia Civil de Santa Catarina, por meio da Delegacia-geral, realizou a entrega para a Diretoria de Pol\u00edcia da Grande Florian\u00f3polis e para as delegacias regionais de Laguna e Balne\u00e1rio Cambori\u00fa de tr\u00eas quadriciclos que ser\u00e3o usados [&hellip;]<\/p>\n","protected":false},"author":5,"featured_media":16493,"comment_status":"closed","ping_status":"open","sticky":false,"template":"","format":"standard","meta":{"_monsterinsights_skip_tracking":false,"_monsterinsights_sitenote_active":false,"_monsterinsights_sitenote_note":"","_monsterinsights_sitenote_category":0,"footnotes":""},"categories":[1],"tags":[],"class_list":["post-16492","post","type-post","status-publish","format-standard","has-post-thumbnail","hentry","category-sem-categoria"],"_links":{"self":[{"href":"https:\/\/pc.sc.gov.br\/index.php?rest_route=\/wp\/v2\/posts\/16492","targetHints":{"allow":["GET"]}}],"collection":[{"href":"https:\/\/pc.sc.gov.br\/index.php?rest_route=\/wp\/v2\/posts"}],"about":[{"href":"https:\/\/pc.sc.gov.br\/index.php?rest_route=\/wp\/v2\/types\/post"}],"author":[{"embeddable":true,"href":"https:\/\/pc.sc.gov.br\/index.php?rest_route=\/wp\/v2\/users\/5"}],"replies":[{"embeddable":true,"href":"https:\/\/pc.sc.gov.br\/index.php?rest_route=%2Fwp%2Fv2%2Fcomments&post=16492"}],"version-history":[{"count":4,"href":"https:\/\/pc.sc.gov.br\/index.php?rest_route=\/wp\/v2\/posts\/16492\/revisions"}],"predecessor-version":[{"id":16497,"href":"https:\/\/pc.sc.gov.br\/index.php?rest_route=\/wp\/v2\/posts\/16492\/revisions\/16497"}],"wp:featuredmedia":[{"embeddable":true,"href":"https:\/\/pc.sc.gov.br\/index.php?rest_route=\/wp\/v2\/media\/16493"}],"wp:attachment":[{"href":"https:\/\/pc.sc.gov.br\/index.php?rest_route=%2Fwp%2Fv2%2Fmedia&parent=16492"}],"wp:term":[{"taxonomy":"category","embeddable":true,"href":"https:\/\/pc.sc.gov.br\/index.php?rest_route=%2Fwp%2Fv2%2Fcategories&post=16492"},{"taxonomy":"post_tag","embeddable":true,"href":"https:\/\/pc.sc.gov.br\/index.php?rest_route=%2Fwp%2Fv2%2Ftags&post=16492"}],"curies":[{"name":"wp","href":"https:\/\/api.w.org\/{rel}","templated":true}]}}