{"id":16517,"date":"2024-01-12T16:04:25","date_gmt":"2024-01-12T19:04:25","guid":{"rendered":"https:\/\/pc.sc.gov.br\/?p=16517"},"modified":"2024-01-12T16:21:57","modified_gmt":"2024-01-12T19:21:57","slug":"jovens-que-morreram-em-veiculo-na-cidade-de-balneario-camboriu-sofreram-asfixia-por-monoxido-de-carbono","status":"publish","type":"post","link":"https:\/\/pc.sc.gov.br\/?p=16517","title":{"rendered":"Jovens que morreram em ve\u00edculo na cidade de Balne\u00e1rio Cambori\u00fa sofreram asfixia por mon\u00f3xido de carbono"},"content":{"rendered":"\t\t<div data-elementor-type=\"wp-post\" data-elementor-id=\"16517\" class=\"elementor elementor-16517\" data-elementor-post-type=\"post\">\n\t\t\t\t\t\t<section class=\"elementor-section elementor-top-section elementor-element elementor-element-6c8fb6a elementor-section-boxed elementor-section-height-default elementor-section-height-default\" data-id=\"6c8fb6a\" data-element_type=\"section\">\n\t\t\t\t\t\t<div class=\"elementor-container elementor-column-gap-default\">\n\t\t\t\t\t<div class=\"elementor-column elementor-col-100 elementor-top-column elementor-element elementor-element-b44bf85\" data-id=\"b44bf85\" data-element_type=\"column\">\n\t\t\t<div class=\"elementor-widget-wrap elementor-element-populated\">\n\t\t\t\t\t\t<div class=\"elementor-element elementor-element-6d110b4 elementor-widget elementor-widget-image\" data-id=\"6d110b4\" data-element_type=\"widget\" data-widget_type=\"image.default\">\n\t\t\t\t<div class=\"elementor-widget-container\">\n\t\t\t\t\t\t\t\t\t\t\t\t\t\t\t<img fetchpriority=\"high\" decoding=\"async\" width=\"696\" height=\"464\" src=\"https:\/\/pc.sc.gov.br\/\/wp-content\/uploads\/2024\/01\/53459323256_6b5f731696_k-1024x683.jpg\" class=\"attachment-large size-large wp-image-16518\" alt=\"\" srcset=\"https:\/\/pc.sc.gov.br\/\/wp-content\/uploads\/2024\/01\/53459323256_6b5f731696_k-1024x683.jpg 1024w, https:\/\/pc.sc.gov.br\/\/wp-content\/uploads\/2024\/01\/53459323256_6b5f731696_k-300x200.jpg 300w, https:\/\/pc.sc.gov.br\/\/wp-content\/uploads\/2024\/01\/53459323256_6b5f731696_k-768x512.jpg 768w, https:\/\/pc.sc.gov.br\/\/wp-content\/uploads\/2024\/01\/53459323256_6b5f731696_k-1536x1024.jpg 1536w, https:\/\/pc.sc.gov.br\/\/wp-content\/uploads\/2024\/01\/53459323256_6b5f731696_k.jpg 2048w\" sizes=\"(max-width: 696px) 100vw, 696px\" \/>\t\t\t\t\t\t\t\t\t\t\t\t\t\t\t<\/div>\n\t\t\t\t<\/div>\n\t\t\t\t\t<\/div>\n\t\t<\/div>\n\t\t\t\t\t<\/div>\n\t\t<\/section>\n\t\t\t\t<section class=\"elementor-section elementor-top-section elementor-element elementor-element-3f51065 elementor-section-boxed elementor-section-height-default elementor-section-height-default\" data-id=\"3f51065\" data-element_type=\"section\">\n\t\t\t\t\t\t<div class=\"elementor-container elementor-column-gap-default\">\n\t\t\t\t\t<div class=\"elementor-column elementor-col-100 elementor-top-column elementor-element elementor-element-d088554\" data-id=\"d088554\" data-element_type=\"column\">\n\t\t\t<div class=\"elementor-widget-wrap elementor-element-populated\">\n\t\t\t\t\t\t<div class=\"elementor-element elementor-element-ec47196 elementor-widget elementor-widget-text-editor\" data-id=\"ec47196\" data-element_type=\"widget\" data-widget_type=\"text-editor.default\">\n\t\t\t\t<div class=\"elementor-widget-container\">\n\t\t\t\t\t\t\t\t\t<p>O Governo do Estado realizou nesta sexta-feira, 12, coletiva de imprensa para esclarecer o pol\u00eamico caso da morte de quatro jovens que estavam em ve\u00edculo localizado na rodovi\u00e1ria de Balne\u00e1rio Cambori\u00fa, no dia 1\u00ba de janeiro de 2024. A entrevista contou com a participa\u00e7\u00e3o da Secretaria de Seguran\u00e7a P\u00fablica, das pol\u00edcias Cient\u00edfica e Civil, al\u00e9m da Superintend\u00eancia de Urg\u00eancia e Emerg\u00eancia da Secretaria da Sa\u00fade.\u00a0<\/p><p>O secret\u00e1rio adjunto da Secretaria de Estado da Seguran\u00e7a P\u00fablica, Freibergue Rubem do Nascimento, destacou que a uni\u00e3o das for\u00e7as de seguran\u00e7a foi fundamental para o r\u00e1pido esclarecimento do caso. \u201cIsso \u00e9 reflexo da qualidade dos profissionais e dos investimentos que o governador Jorginho vem fazendo na seguran\u00e7a p\u00fablica.\u201d\u00a0\u00a0<\/p><p>O delegado-geral da Pol\u00edcia Civil de Santa Catarina, Ulisses Gabriel, tamb\u00e9m destacou a qualidade do trabalho desenvolvido por todas as institui\u00e7\u00f5es que atuaram no atendimento do caso e, mesmo no per\u00edodo de alta temporada, a Pol\u00edcia Civil e a Pol\u00edcia Cient\u00edfica mobilizaram suas equipes para esclarecer os fatos. \u201cO governador Jorginho pediu que aument\u00e1ssemos o efetivo da PCSC onde h\u00e1 intensa concentra\u00e7\u00e3o de pessoas. Essa diretriz foi fundamental para que pud\u00e9ssemos dar uma resposta r\u00e1pida aos familiares das v\u00edtimas e \u00e0 sociedade.\u201d\u00a0<\/p><p>Segundo a perita-geral da Pol\u00edcia Cient\u00edfica, Andressa Boer Fronza, o chefe do Executivo catarinense tamb\u00e9m monitorou pessoalmente os trabalhos das equipes periciais, \u00e0s quais pediu m\u00e1ximo empenho e celeridade. Para isso, Andressa Fronza revela que a PCISC envolveu seis \u00e1reas t\u00e9cnicas e 22 policiais cient\u00edficos, que at\u00e9 o momento j\u00e1 realizaram 18 exames periciais relacionados \u00e0 ocorr\u00eancia.\u00a0<\/p><p>\u201cNunca sabemos o que vamos encontrar numa cena de crime, portanto, temos sempre um grande desafio a ser desvendado em torno dos vest\u00edgios de cada ocorr\u00eancia. Quero parabenizar todos os policiais envolvidos no atendimento, especialmente, os nossos policiais cient\u00edficos, que realizaram um trabalho r\u00e1pido e preciso na apura\u00e7\u00e3o da din\u00e2mica dos fatos. As provas periciais produzidas pelos peritos oficiais trazem a garantia do devido processo legal e confirmam as mortes por asfixia de mon\u00f3xido de carbono, por conta de altera\u00e7\u00f5es irregulares no sistema de escapamento do ve\u00edculo.\u00a0<\/p><p>Trabalho pericial<\/p><p>A Pol\u00edcia Cient\u00edfica chegou na rodovi\u00e1ria de Balne\u00e1rio Cambori\u00fa por volta das 08:50h para atendimento de local de crime. Os corpos j\u00e1 sem vida estavam dispostos fora do carro, sob a cal\u00e7ada, depois do atendimento de urg\u00eancia e emerg\u00eancia do SAMU. N\u00e3o foi identificada a presen\u00e7a de drogas no ve\u00edculo e nem sinais de viol\u00eancia nas v\u00edtimas. Foram realizadas an\u00e1lises preliminares no ve\u00edculo.<\/p><p>Os corpos chegaram ao setor de Medicina Legal da PCISC \u00e0s 10:15h, e os exames necrosc\u00f3picos iniciaram \u00e0s 10:40h. Como as v\u00edtimas apresentavam evidentes caracter\u00edsticas de asfixia, foram colhidas amostras de sangue e urina para realiza\u00e7\u00e3o de exames laboratoriais necess\u00e1rios \u00e0 elucida\u00e7\u00e3o do caso, incluindo a quantifica\u00e7\u00e3o de mon\u00f3xido de carbono. Os corpos n\u00e3o apresentavam les\u00f5es traum\u00e1ticas, descartando poss\u00edveis a\u00e7\u00f5es de terceiros.\u00a0<\/p><p>O setor de Toxicologia Forense analisou as amostras e descartou a presen\u00e7a de entorpecentes, venenos e bebidas alco\u00f3licas nas v\u00edtimas. J\u00e1 os exames de carboxihemoglobina acusaram n\u00edveis fatais de mon\u00f3xido de carbono, superiores a 50% em tr\u00eas v\u00edtimas e, entre 49% e 50%, na quarta v\u00edtima, confirmando asfixia por mon\u00f3xido de carbono como causa das mortes.<\/p><p>Altera\u00e7\u00f5es irregulares causaram as mortes<\/p><p>O Setor de Engenharia Forense da Pol\u00edcia Cient\u00edfica realizou uma s\u00e9rie de exames periciais no ve\u00edculo onde se encontravam os jovens, contando em alguns deles com o suporte e apoio t\u00e9cnico da empresa fabricante. Durante os trabalhos foram identificadas quatro altera\u00e7\u00f5es na estrutura original, realizadas com o prop\u00f3sito de aumentar a pot\u00eancia e o ronco do motor.\u00a0<\/p><p>Uma delas consistiu na retirada de uma pe\u00e7a original do ve\u00edculo onde se encontra o catalisador, sistema que elimina at\u00e9 90% do mon\u00f3xido de carbono gerado pelo motor, dando lugar a pe\u00e7a similar conhecida como downpipe. No entanto, al\u00e9m de n\u00e3o apresentar o sistema de filtragem dos gases, o novo componente se rompeu durante o uso e provocou a satura\u00e7\u00e3o do ambiente interno do ve\u00edculo com mon\u00f3xido de carbono, fato causador das mortes.\u00a0<\/p><p>De acordo com a Divis\u00e3o de Engenharia Forense da PCISC, ao medir o n\u00edvel de mon\u00f3xido de carbono no interior do ve\u00edculo, com o ar-condicionado ligado, em 16 minutos foi obtida contagem de 1.000 ppm, n\u00edvel m\u00e1ximo de alcance do aparelho medidor. Sem a presen\u00e7a do ar-condicionado, esse n\u00edvel foi zero. Em compara\u00e7\u00e3o com um ve\u00edculo de estrutura original preservada, mesmo medindo diretamente na sa\u00edda do escapamento esse n\u00edvel \u00e9 de 30 a 40 ppm.<\/p><p>Inqu\u00e9rito policial\u00a0<\/p><p>Na entrevista coletiva, o delegado Bruno Effori contou que havia acabado de entrar no plant\u00e3o quando recebeu a informa\u00e7\u00e3o da ocorr\u00eancia. Logo ap\u00f3s chegar ao local dos fatos, tomou as primeiras provid\u00eancias e colheu informa\u00e7\u00f5es preliminares sobre o caso.<\/p><p>Como havia mortes, posteriormente, o caso foi encaminhado para Divis\u00e3o de Investiga\u00e7\u00e3o Criminal (DIC) de Balne\u00e1rio Cambori\u00fa e o inqu\u00e9rito passou a ser conduzido pelo delegado Vicente Soares. \u201cAnalisamos as imagens e coletamos depoimentos para a identifica\u00e7\u00e3o da din\u00e2mica dos fatos. J\u00e1 ouvimos testemunhas e familiares. Nos pr\u00f3ximos dias ouviremos os respons\u00e1veis pela customiza\u00e7\u00e3o identificada no ve\u00edculo\u201d, assinalou.<\/p><p>O inqu\u00e9rito ainda n\u00e3o foi finalizado e as pessoas que realizaram as altera\u00e7\u00f5es no carro poder\u00e3o ser indiciadas por homic\u00eddio culposo.<\/p><p>Participaram da entrevista coletiva:<\/p><p>Secretaria de Seguran\u00e7a P\u00fablica<\/p><p>&#8211; Secret\u00e1rio adjunto da Seguran\u00e7a P\u00fablica, Freibergue Rubem<\/p><p>Pol\u00edcia Cient\u00edfica de Santa Catarina<\/p><p>&#8211; Perita-geral Andressa Boer Fronza<\/p><p>&#8211; Perito-geral adjunto Douglas de Oliveira Balen<\/p><p>&#8211; Diretor de Medicina Legal, perito m\u00e9dico legista Fernando Oliva da Fonseca<\/p><p>&#8211; Perita Criminal bioqu\u00edmica, Bruna de Souza Boff\u00a0<\/p><p>&#8211; Perito criminal Luiz Gabriel Alves de Deus\u00a0<\/p><p>&#8211; Perito criminal Islas Buth\u00a0<\/p><p>Pol\u00edcia Civil<\/p><p>Delegado-geral Ulisses Gabriel<\/p><p>Delegado Vicente Soares, titular da Divis\u00e3o de Investiga\u00e7\u00e3o Criminal (DIC) de Balne\u00e1rio Cambori\u00fa, que preside o inqu\u00e9rito policial<\/p><p>Delegado Bruno Effori, delegado plantonista que atendeu a ocorr\u00eancia<\/p><p>Secretaria da Sa\u00fade<\/p><p>Superintendente de Urg\u00eancia e Emerg\u00eancia, Marcos Ant\u00f4nio Fonseca<\/p>\t\t\t\t\t\t\t\t<\/div>\n\t\t\t\t<\/div>\n\t\t\t\t\t<\/div>\n\t\t<\/div>\n\t\t\t\t\t<\/div>\n\t\t<\/section>\n\t\t\t\t<\/div>\n\t\t","protected":false},"excerpt":{"rendered":"<p>O Governo do Estado realizou nesta sexta-feira, 12, coletiva de imprensa para esclarecer o pol\u00eamico caso da morte de quatro jovens que estavam em ve\u00edculo localizado na rodovi\u00e1ria de Balne\u00e1rio Cambori\u00fa, no dia 1\u00ba de janeiro de 2024. A entrevista contou com a participa\u00e7\u00e3o da Secretaria de Seguran\u00e7a P\u00fablica, das pol\u00edcias Cient\u00edfica e Civil, al\u00e9m [&hellip;]<\/p>\n","protected":false},"author":5,"featured_media":16518,"comment_status":"closed","ping_status":"open","sticky":false,"template":"","format":"standard","meta":{"_monsterinsights_skip_tracking":false,"_monsterinsights_sitenote_active":false,"_monsterinsights_sitenote_note":"","_monsterinsights_sitenote_category":0,"footnotes":""},"categories":[1],"tags":[],"class_list":["post-16517","post","type-post","status-publish","format-standard","has-post-thumbnail","hentry","category-sem-categoria"],"_links":{"self":[{"href":"https:\/\/pc.sc.gov.br\/index.php?rest_route=\/wp\/v2\/posts\/16517","targetHints":{"allow":["GET"]}}],"collection":[{"href":"https:\/\/pc.sc.gov.br\/index.php?rest_route=\/wp\/v2\/posts"}],"about":[{"href":"https:\/\/pc.sc.gov.br\/index.php?rest_route=\/wp\/v2\/types\/post"}],"author":[{"embeddable":true,"href":"https:\/\/pc.sc.gov.br\/index.php?rest_route=\/wp\/v2\/users\/5"}],"replies":[{"embeddable":true,"href":"https:\/\/pc.sc.gov.br\/index.php?rest_route=%2Fwp%2Fv2%2Fcomments&post=16517"}],"version-history":[{"count":3,"href":"https:\/\/pc.sc.gov.br\/index.php?rest_route=\/wp\/v2\/posts\/16517\/revisions"}],"predecessor-version":[{"id":16521,"href":"https:\/\/pc.sc.gov.br\/index.php?rest_route=\/wp\/v2\/posts\/16517\/revisions\/16521"}],"wp:featuredmedia":[{"embeddable":true,"href":"https:\/\/pc.sc.gov.br\/index.php?rest_route=\/wp\/v2\/media\/16518"}],"wp:attachment":[{"href":"https:\/\/pc.sc.gov.br\/index.php?rest_route=%2Fwp%2Fv2%2Fmedia&parent=16517"}],"wp:term":[{"taxonomy":"category","embeddable":true,"href":"https:\/\/pc.sc.gov.br\/index.php?rest_route=%2Fwp%2Fv2%2Fcategories&post=16517"},{"taxonomy":"post_tag","embeddable":true,"href":"https:\/\/pc.sc.gov.br\/index.php?rest_route=%2Fwp%2Fv2%2Ftags&post=16517"}],"curies":[{"name":"wp","href":"https:\/\/api.w.org\/{rel}","templated":true}]}}