{"id":16522,"date":"2024-01-15T13:52:50","date_gmt":"2024-01-15T16:52:50","guid":{"rendered":"https:\/\/pc.sc.gov.br\/?p=16522"},"modified":"2024-01-15T13:55:32","modified_gmt":"2024-01-15T16:55:32","slug":"policia-civil-prende-homem-por-trafico-de-drogas-em-cerro-negro","status":"publish","type":"post","link":"https:\/\/pc.sc.gov.br\/?p=16522","title":{"rendered":"Pol\u00edcia Civil prende homem por tr\u00e1fico de drogas em Cerro Negro"},"content":{"rendered":"\t\t<div data-elementor-type=\"wp-post\" data-elementor-id=\"16522\" class=\"elementor elementor-16522\" data-elementor-post-type=\"post\">\n\t\t\t\t\t\t<section class=\"elementor-section elementor-top-section elementor-element elementor-element-f7dc8c6 elementor-section-boxed elementor-section-height-default elementor-section-height-default\" data-id=\"f7dc8c6\" data-element_type=\"section\">\n\t\t\t\t\t\t<div class=\"elementor-container elementor-column-gap-default\">\n\t\t\t\t\t<div class=\"elementor-column elementor-col-100 elementor-top-column elementor-element elementor-element-c1d432e\" data-id=\"c1d432e\" data-element_type=\"column\">\n\t\t\t<div class=\"elementor-widget-wrap elementor-element-populated\">\n\t\t\t\t\t\t<div class=\"elementor-element elementor-element-2c3ac59 elementor-widget elementor-widget-heading\" data-id=\"2c3ac59\" data-element_type=\"widget\" data-widget_type=\"heading.default\">\n\t\t\t\t<div class=\"elementor-widget-container\">\n\t\t\t\t\t<h2 class=\"elementor-heading-title elementor-size-default\">Pol\u00edcia Civil prende homem por tr\u00e1fico de drogas em Cerro Negro<\/h2>\t\t\t\t<\/div>\n\t\t\t\t<\/div>\n\t\t\t\t\t<\/div>\n\t\t<\/div>\n\t\t\t\t\t<\/div>\n\t\t<\/section>\n\t\t\t\t<section class=\"elementor-section elementor-top-section elementor-element elementor-element-b77d87f elementor-section-boxed elementor-section-height-default elementor-section-height-default\" data-id=\"b77d87f\" data-element_type=\"section\">\n\t\t\t\t\t\t<div class=\"elementor-container elementor-column-gap-default\">\n\t\t\t\t\t<div class=\"elementor-column elementor-col-100 elementor-top-column elementor-element elementor-element-6f5dbb7\" data-id=\"6f5dbb7\" data-element_type=\"column\">\n\t\t\t<div class=\"elementor-widget-wrap\">\n\t\t\t\t\t\t\t<\/div>\n\t\t<\/div>\n\t\t\t\t\t<\/div>\n\t\t<\/section>\n\t\t\t\t<section class=\"elementor-section elementor-top-section elementor-element elementor-element-acff1b3 elementor-section-boxed elementor-section-height-default elementor-section-height-default\" data-id=\"acff1b3\" data-element_type=\"section\">\n\t\t\t\t\t\t<div class=\"elementor-container elementor-column-gap-default\">\n\t\t\t\t\t<div class=\"elementor-column elementor-col-100 elementor-top-column elementor-element elementor-element-af6f50a\" data-id=\"af6f50a\" data-element_type=\"column\">\n\t\t\t<div class=\"elementor-widget-wrap elementor-element-populated\">\n\t\t\t\t\t\t<div class=\"elementor-element elementor-element-366d1e3 elementor-widget elementor-widget-text-editor\" data-id=\"366d1e3\" data-element_type=\"widget\" data-widget_type=\"text-editor.default\">\n\t\t\t\t<div class=\"elementor-widget-container\">\n\t\t\t\t\t\t\t\t\t<p>Na sexta-feira (12), a Pol\u00edcia Civil de Santa Catarina, por meio das Delegacias de Pol\u00edcia de Campo Belo do Sul e de Cerro Negro, com apoio de policiais da Delegacia de Pol\u00edcia de Anita Garibaldi, realizaram uma opera\u00e7\u00e3o para cumprir mandados de busca e apreens\u00e3o contra suspeitos envolvidos na pr\u00e1tica de tr\u00e1fico de drogas na cidade de Cerro Negro e regi\u00e3o.<br \/>Ap\u00f3s meses de investiga\u00e7\u00e3o e obten\u00e7\u00e3o de s\u00f3lidos ind\u00edcios que demonstraram a participa\u00e7\u00e3o dos suspeitos no tr\u00e1fico de entorpecentes, a Pol\u00edcia Civil solicitou ao Poder Judici\u00e1rio autoriza\u00e7\u00e3o para cumprimento de mandados de busca e apreens\u00e3o nas resid\u00eancias dos investigados. <br \/>Com os mandados expedidos, a opera\u00e7\u00e3o policial foi desencadeada e, na resid\u00eancia de um dos suspeitos, foram encontrados e apreendidos mais de 2 quilos de maconha, buchas de coca\u00edna, 135 gramas da droga conhecida como MD.<br \/>Al\u00e9m das drogas, foram apreendidos dinheiro, balan\u00e7a de precis\u00e3o e filme pl\u00e1stico, que s\u00e3o apetrechos utilizados para pesar e embalar a droga. Na opera\u00e7\u00e3o, tamb\u00e9m foram apreendidos diversos telefones celulares.<br \/>Ao final das dilig\u00eancias, o suspeito foi autuado em flagrante pelo crime de tr\u00e1fico de drogas e encaminhado ao Sistema Penitenci\u00e1rio, onde permanecer\u00e1 \u00e0 disposi\u00e7\u00e3o da Justi\u00e7a.<\/p>\t\t\t\t\t\t\t\t<\/div>\n\t\t\t\t<\/div>\n\t\t\t\t<div class=\"elementor-element elementor-element-fdfe874 elementor-widget elementor-widget-image\" data-id=\"fdfe874\" data-element_type=\"widget\" data-widget_type=\"image.default\">\n\t\t\t\t<div class=\"elementor-widget-container\">\n\t\t\t\t\t\t\t\t\t\t\t\t\t\t\t<img fetchpriority=\"high\" decoding=\"async\" width=\"696\" height=\"384\" src=\"https:\/\/pc.sc.gov.br\/\/wp-content\/uploads\/2024\/01\/Foto_MBA_Flavio-1024x565.jpeg\" class=\"attachment-large size-large wp-image-16523\" alt=\"\" srcset=\"https:\/\/pc.sc.gov.br\/\/wp-content\/uploads\/2024\/01\/Foto_MBA_Flavio-1024x565.jpeg 1024w, https:\/\/pc.sc.gov.br\/\/wp-content\/uploads\/2024\/01\/Foto_MBA_Flavio-300x165.jpeg 300w, https:\/\/pc.sc.gov.br\/\/wp-content\/uploads\/2024\/01\/Foto_MBA_Flavio-768x424.jpeg 768w, https:\/\/pc.sc.gov.br\/\/wp-content\/uploads\/2024\/01\/Foto_MBA_Flavio-1536x847.jpeg 1536w, https:\/\/pc.sc.gov.br\/\/wp-content\/uploads\/2024\/01\/Foto_MBA_Flavio.jpeg 1590w\" sizes=\"(max-width: 696px) 100vw, 696px\" \/>\t\t\t\t\t\t\t\t\t\t\t\t\t\t\t<\/div>\n\t\t\t\t<\/div>\n\t\t\t\t\t<\/div>\n\t\t<\/div>\n\t\t\t\t\t<\/div>\n\t\t<\/section>\n\t\t\t\t<\/div>\n\t\t","protected":false},"excerpt":{"rendered":"<p>Pol\u00edcia Civil prende homem por tr\u00e1fico de drogas em Cerro Negro Na sexta-feira (12), a Pol\u00edcia Civil de Santa Catarina, por meio das Delegacias de Pol\u00edcia de Campo Belo do Sul e de Cerro Negro, com apoio de policiais da Delegacia de Pol\u00edcia de Anita Garibaldi, realizaram uma opera\u00e7\u00e3o para cumprir mandados de busca e [&hellip;]<\/p>\n","protected":false},"author":5,"featured_media":16523,"comment_status":"closed","ping_status":"open","sticky":false,"template":"","format":"standard","meta":{"_monsterinsights_skip_tracking":false,"_monsterinsights_sitenote_active":false,"_monsterinsights_sitenote_note":"","_monsterinsights_sitenote_category":0,"footnotes":""},"categories":[1],"tags":[],"class_list":["post-16522","post","type-post","status-publish","format-standard","has-post-thumbnail","hentry","category-sem-categoria"],"_links":{"self":[{"href":"https:\/\/pc.sc.gov.br\/index.php?rest_route=\/wp\/v2\/posts\/16522","targetHints":{"allow":["GET"]}}],"collection":[{"href":"https:\/\/pc.sc.gov.br\/index.php?rest_route=\/wp\/v2\/posts"}],"about":[{"href":"https:\/\/pc.sc.gov.br\/index.php?rest_route=\/wp\/v2\/types\/post"}],"author":[{"embeddable":true,"href":"https:\/\/pc.sc.gov.br\/index.php?rest_route=\/wp\/v2\/users\/5"}],"replies":[{"embeddable":true,"href":"https:\/\/pc.sc.gov.br\/index.php?rest_route=%2Fwp%2Fv2%2Fcomments&post=16522"}],"version-history":[{"count":4,"href":"https:\/\/pc.sc.gov.br\/index.php?rest_route=\/wp\/v2\/posts\/16522\/revisions"}],"predecessor-version":[{"id":16527,"href":"https:\/\/pc.sc.gov.br\/index.php?rest_route=\/wp\/v2\/posts\/16522\/revisions\/16527"}],"wp:featuredmedia":[{"embeddable":true,"href":"https:\/\/pc.sc.gov.br\/index.php?rest_route=\/wp\/v2\/media\/16523"}],"wp:attachment":[{"href":"https:\/\/pc.sc.gov.br\/index.php?rest_route=%2Fwp%2Fv2%2Fmedia&parent=16522"}],"wp:term":[{"taxonomy":"category","embeddable":true,"href":"https:\/\/pc.sc.gov.br\/index.php?rest_route=%2Fwp%2Fv2%2Fcategories&post=16522"},{"taxonomy":"post_tag","embeddable":true,"href":"https:\/\/pc.sc.gov.br\/index.php?rest_route=%2Fwp%2Fv2%2Ftags&post=16522"}],"curies":[{"name":"wp","href":"https:\/\/api.w.org\/{rel}","templated":true}]}}