{"id":16528,"date":"2024-01-15T14:15:23","date_gmt":"2024-01-15T17:15:23","guid":{"rendered":"https:\/\/pc.sc.gov.br\/?p=16528"},"modified":"2024-01-15T14:46:04","modified_gmt":"2024-01-15T17:46:04","slug":"dpcami-de-chapeco-prende-homem-investigado-por-abuso-sexual-e-armazenamento-de-mais-de-15-mil-imagens-com-pornografia-infantojuvenil","status":"publish","type":"post","link":"https:\/\/pc.sc.gov.br\/?p=16528","title":{"rendered":"DPCAMI de Chapec\u00f3 prende homem investigado por abuso sexual e armazenamento de mais de 15 mil imagens com pornografia infantojuvenil"},"content":{"rendered":"\t\t<div data-elementor-type=\"wp-post\" data-elementor-id=\"16528\" class=\"elementor elementor-16528\" data-elementor-post-type=\"post\">\n\t\t\t\t\t\t<section class=\"elementor-section elementor-top-section elementor-element elementor-element-40b5d0f elementor-section-boxed elementor-section-height-default elementor-section-height-default\" data-id=\"40b5d0f\" data-element_type=\"section\">\n\t\t\t\t\t\t<div class=\"elementor-container elementor-column-gap-default\">\n\t\t\t\t\t<div class=\"elementor-column elementor-col-100 elementor-top-column elementor-element elementor-element-0ad9a99\" data-id=\"0ad9a99\" data-element_type=\"column\">\n\t\t\t<div class=\"elementor-widget-wrap elementor-element-populated\">\n\t\t\t\t\t\t<div class=\"elementor-element elementor-element-b63343b elementor-widget elementor-widget-heading\" data-id=\"b63343b\" data-element_type=\"widget\" data-widget_type=\"heading.default\">\n\t\t\t\t<div class=\"elementor-widget-container\">\n\t\t\t\t\t<h2 class=\"elementor-heading-title elementor-size-default\">DPCAMI de Chapec\u00f3 prende homem investigado por abusar sexualmente de crian\u00e7as e por armazenar mais de 15 mil imagens com pornografia infantojuvenil<\/h2>\t\t\t\t<\/div>\n\t\t\t\t<\/div>\n\t\t\t\t\t<\/div>\n\t\t<\/div>\n\t\t\t\t\t<\/div>\n\t\t<\/section>\n\t\t\t\t<section class=\"elementor-section elementor-top-section elementor-element elementor-element-49386ca elementor-section-boxed elementor-section-height-default elementor-section-height-default\" data-id=\"49386ca\" data-element_type=\"section\">\n\t\t\t\t\t\t<div class=\"elementor-container elementor-column-gap-default\">\n\t\t\t\t\t<div class=\"elementor-column elementor-col-100 elementor-top-column elementor-element elementor-element-20d98d8\" data-id=\"20d98d8\" data-element_type=\"column\">\n\t\t\t<div class=\"elementor-widget-wrap elementor-element-populated\">\n\t\t\t\t\t\t<div class=\"elementor-element elementor-element-20690c7 elementor-widget elementor-widget-image\" data-id=\"20690c7\" data-element_type=\"widget\" data-widget_type=\"image.default\">\n\t\t\t\t<div class=\"elementor-widget-container\">\n\t\t\t\t\t\t\t\t\t\t\t\t\t\t\t<img fetchpriority=\"high\" decoding=\"async\" width=\"696\" height=\"693\" src=\"https:\/\/pc.sc.gov.br\/\/wp-content\/uploads\/2024\/01\/WhatsApp-Image-2024-01-13-at-08.59.05-1024x1020.jpeg\" class=\"attachment-large size-large wp-image-16529\" alt=\"\" srcset=\"https:\/\/pc.sc.gov.br\/\/wp-content\/uploads\/2024\/01\/WhatsApp-Image-2024-01-13-at-08.59.05-1024x1020.jpeg 1024w, https:\/\/pc.sc.gov.br\/\/wp-content\/uploads\/2024\/01\/WhatsApp-Image-2024-01-13-at-08.59.05-300x300.jpeg 300w, https:\/\/pc.sc.gov.br\/\/wp-content\/uploads\/2024\/01\/WhatsApp-Image-2024-01-13-at-08.59.05-150x150.jpeg 150w, https:\/\/pc.sc.gov.br\/\/wp-content\/uploads\/2024\/01\/WhatsApp-Image-2024-01-13-at-08.59.05-768x765.jpeg 768w, https:\/\/pc.sc.gov.br\/\/wp-content\/uploads\/2024\/01\/WhatsApp-Image-2024-01-13-at-08.59.05.jpeg 1079w\" sizes=\"(max-width: 696px) 100vw, 696px\" \/>\t\t\t\t\t\t\t\t\t\t\t\t\t\t\t<\/div>\n\t\t\t\t<\/div>\n\t\t\t\t\t<\/div>\n\t\t<\/div>\n\t\t\t\t\t<\/div>\n\t\t<\/section>\n\t\t\t\t<section class=\"elementor-section elementor-top-section elementor-element elementor-element-e0ab507 elementor-section-boxed elementor-section-height-default elementor-section-height-default\" data-id=\"e0ab507\" data-element_type=\"section\">\n\t\t\t\t\t\t<div class=\"elementor-container elementor-column-gap-default\">\n\t\t\t\t\t<div class=\"elementor-column elementor-col-100 elementor-top-column elementor-element elementor-element-43b43dc\" data-id=\"43b43dc\" data-element_type=\"column\">\n\t\t\t<div class=\"elementor-widget-wrap elementor-element-populated\">\n\t\t\t\t\t\t<div class=\"elementor-element elementor-element-66e317a elementor-widget elementor-widget-text-editor\" data-id=\"66e317a\" data-element_type=\"widget\" data-widget_type=\"text-editor.default\">\n\t\t\t\t<div class=\"elementor-widget-container\">\n\t\t\t\t\t\t\t\t\t<p>Policiais civis da Delegacia de Prote\u00e7\u00e3o \u00e0 Crian\u00e7a, ao Adolescente, \u00e0 Mulher e ao Idoso (DPCAMI) de Chapec\u00f3 prenderam no s\u00e1bado (13) um homem investigado pela pr\u00e1tica do crime de estupro de vulner\u00e1vel e por armazenar material pornogr\u00e1fico com fotografias e v\u00eddeos de crian\u00e7as e adolescentes.&nbsp;<span style=\"font-family: var( --e-global-typography-text-font-family ), Sans-serif; font-size: var( --e-global-typography-text-font-size );\">A investiga\u00e7\u00e3o teve in\u00edcio em raz\u00e3o de suspeitas de abuso sexual praticado contra uma crian\u00e7a que frequentava a resid\u00eancia do autor. Os pais dessa crian\u00e7a, tendo em conta as queixas da v\u00edtima, procuraram a equipe da DPCAMI.<\/span><\/p>\n<p>Durante o trabalho investigativo, al\u00e9m de confirmada a suspeita de estupro, foram identificados ind\u00edcios de que o autor pode ter abusado sexualmente de outras v\u00edtimas, inclusive crian\u00e7a do seu n\u00facleo familiar. As v\u00edtimas t\u00eam em torno de 10 anos de idade.<\/p>\n<p>Tamb\u00e9m foram apreendidos celular e computadores na resid\u00eancia do suspeito, onde foi localizado cerca de 15 mil fotografias e v\u00eddeos protagonizados por crian\u00e7as.&nbsp;<span style=\"font-family: var( --e-global-typography-text-font-family ), Sans-serif; font-size: var( --e-global-typography-text-font-size );\">Em raz\u00e3o desses fatos, a Pol\u00edcia Civil representou pela pris\u00e3o preventiva do criminoso, pedido acolhido pelo Minist\u00e9rio P\u00fablico e Poder Judici\u00e1rio. T\u00e3o logo foi preso, o investigado foi interrogado sobre os fatos, mas preferiu ficar em sil\u00eancio.<\/span><\/p>\n<p>A partir de agora, ser\u00e3o realizadas dilig\u00eancias complementares \u00e0s j\u00e1 conclu\u00eddas pela Pol\u00edcia Civil e finalizada a investiga\u00e7\u00e3o no prazo legal, com remessa do Inqu\u00e9rito Policial ao Poder Judici\u00e1rio.&nbsp;<span style=\"font-family: var( --e-global-typography-text-font-family ), Sans-serif; font-size: var( --e-global-typography-text-font-size );\">O suspeito ser\u00e1 indiciado pela pr\u00e1tica do crime de estupro de vulner\u00e1vel, que prev\u00ea pena de 8 a 15 anos de reclus\u00e3o e por armazenar material pornogr\u00e1fico infantojuvenil, crime que prev\u00ea pena de 1 a 4 anos de reclus\u00e3o.<\/span><\/p>\n<p>Os \u00edndices de viol\u00eancia sexual contra crian\u00e7as e de consumo de material pornogr\u00e1fico infantojuvenil t\u00eam aumentado e exigem uma atua\u00e7\u00e3o firme do Estado, compromisso da Pol\u00edcia Civil por meio da DPCAMI.<span style=\"color: var( --e-global-color-text ); font-family: var( --e-global-typography-primary-font-family ), Sans-serif; font-size: var( --e-global-typography-primary-font-size ); font-weight: var( --e-global-typography-primary-font-weight ); letter-spacing: var( --e-global-typography-primary-letter-spacing );\">&nbsp;<\/span><\/p>\t\t\t\t\t\t\t\t<\/div>\n\t\t\t\t<\/div>\n\t\t\t\t\t<\/div>\n\t\t<\/div>\n\t\t\t\t\t<\/div>\n\t\t<\/section>\n\t\t\t\t<\/div>\n\t\t","protected":false},"excerpt":{"rendered":"<p>DPCAMI de Chapec\u00f3 prende homem investigado por abusar sexualmente de crian\u00e7as e por armazenar mais de 15 mil imagens com pornografia infantojuvenil Policiais civis da Delegacia de Prote\u00e7\u00e3o \u00e0 Crian\u00e7a, ao Adolescente, \u00e0 Mulher e ao Idoso (DPCAMI) de Chapec\u00f3 prenderam no s\u00e1bado (13) um homem investigado pela pr\u00e1tica do crime de estupro de vulner\u00e1vel [&hellip;]<\/p>\n","protected":false},"author":5,"featured_media":16529,"comment_status":"closed","ping_status":"open","sticky":false,"template":"","format":"standard","meta":{"_monsterinsights_skip_tracking":false,"_monsterinsights_sitenote_active":false,"_monsterinsights_sitenote_note":"","_monsterinsights_sitenote_category":0,"footnotes":""},"categories":[1],"tags":[],"class_list":["post-16528","post","type-post","status-publish","format-standard","has-post-thumbnail","hentry","category-sem-categoria"],"_links":{"self":[{"href":"https:\/\/pc.sc.gov.br\/index.php?rest_route=\/wp\/v2\/posts\/16528","targetHints":{"allow":["GET"]}}],"collection":[{"href":"https:\/\/pc.sc.gov.br\/index.php?rest_route=\/wp\/v2\/posts"}],"about":[{"href":"https:\/\/pc.sc.gov.br\/index.php?rest_route=\/wp\/v2\/types\/post"}],"author":[{"embeddable":true,"href":"https:\/\/pc.sc.gov.br\/index.php?rest_route=\/wp\/v2\/users\/5"}],"replies":[{"embeddable":true,"href":"https:\/\/pc.sc.gov.br\/index.php?rest_route=%2Fwp%2Fv2%2Fcomments&post=16528"}],"version-history":[{"count":3,"href":"https:\/\/pc.sc.gov.br\/index.php?rest_route=\/wp\/v2\/posts\/16528\/revisions"}],"predecessor-version":[{"id":16532,"href":"https:\/\/pc.sc.gov.br\/index.php?rest_route=\/wp\/v2\/posts\/16528\/revisions\/16532"}],"wp:featuredmedia":[{"embeddable":true,"href":"https:\/\/pc.sc.gov.br\/index.php?rest_route=\/wp\/v2\/media\/16529"}],"wp:attachment":[{"href":"https:\/\/pc.sc.gov.br\/index.php?rest_route=%2Fwp%2Fv2%2Fmedia&parent=16528"}],"wp:term":[{"taxonomy":"category","embeddable":true,"href":"https:\/\/pc.sc.gov.br\/index.php?rest_route=%2Fwp%2Fv2%2Fcategories&post=16528"},{"taxonomy":"post_tag","embeddable":true,"href":"https:\/\/pc.sc.gov.br\/index.php?rest_route=%2Fwp%2Fv2%2Ftags&post=16528"}],"curies":[{"name":"wp","href":"https:\/\/api.w.org\/{rel}","templated":true}]}}