{"id":16533,"date":"2024-01-16T13:54:17","date_gmt":"2024-01-16T16:54:17","guid":{"rendered":"https:\/\/pc.sc.gov.br\/?p=16533"},"modified":"2024-01-16T13:55:27","modified_gmt":"2024-01-16T16:55:27","slug":"policiais-civis-de-herval-doeste-e-erval-velho-prendem-homem-suspeito-de-trafico-em-joacaba","status":"publish","type":"post","link":"https:\/\/pc.sc.gov.br\/?p=16533","title":{"rendered":"Policiais civis de Herval d\u2019Oeste e Erval Velho prendem homem suspeito de tr\u00e1fico em Joa\u00e7aba"},"content":{"rendered":"\t\t<div data-elementor-type=\"wp-post\" data-elementor-id=\"16533\" class=\"elementor elementor-16533\" data-elementor-post-type=\"post\">\n\t\t\t\t\t\t<section class=\"elementor-section elementor-top-section elementor-element elementor-element-c3961b7 elementor-section-boxed elementor-section-height-default elementor-section-height-default\" data-id=\"c3961b7\" data-element_type=\"section\">\n\t\t\t\t\t\t<div class=\"elementor-container elementor-column-gap-default\">\n\t\t\t\t\t<div class=\"elementor-column elementor-col-100 elementor-top-column elementor-element elementor-element-51d56e6\" data-id=\"51d56e6\" data-element_type=\"column\">\n\t\t\t<div class=\"elementor-widget-wrap elementor-element-populated\">\n\t\t\t\t\t\t<div class=\"elementor-element elementor-element-3004720 elementor-widget elementor-widget-heading\" data-id=\"3004720\" data-element_type=\"widget\" data-widget_type=\"heading.default\">\n\t\t\t\t<div class=\"elementor-widget-container\">\n\t\t\t\t\t<h2 class=\"elementor-heading-title elementor-size-default\">Policiais civis de Herval d\u2019Oeste e Erval Velho prendem homem suspeito de tr\u00e1fico em Joa\u00e7aba<\/h2>\t\t\t\t<\/div>\n\t\t\t\t<\/div>\n\t\t\t\t\t<\/div>\n\t\t<\/div>\n\t\t\t\t\t<\/div>\n\t\t<\/section>\n\t\t\t\t<section class=\"elementor-section elementor-top-section elementor-element elementor-element-eadc527 elementor-section-boxed elementor-section-height-default elementor-section-height-default\" data-id=\"eadc527\" data-element_type=\"section\">\n\t\t\t\t\t\t<div class=\"elementor-container elementor-column-gap-default\">\n\t\t\t\t\t<div class=\"elementor-column elementor-col-100 elementor-top-column elementor-element elementor-element-3199127\" data-id=\"3199127\" data-element_type=\"column\">\n\t\t\t<div class=\"elementor-widget-wrap elementor-element-populated\">\n\t\t\t\t\t\t<div class=\"elementor-element elementor-element-e210559 elementor-widget elementor-widget-image\" data-id=\"e210559\" data-element_type=\"widget\" data-widget_type=\"image.default\">\n\t\t\t\t<div class=\"elementor-widget-container\">\n\t\t\t\t\t\t\t\t\t\t\t\t\t\t\t<img fetchpriority=\"high\" decoding=\"async\" width=\"696\" height=\"522\" src=\"https:\/\/pc.sc.gov.br\/\/wp-content\/uploads\/2024\/01\/WhatsApp-Image-2024-01-16-at-13.44.27-1-1024x768.jpeg\" class=\"attachment-large size-large wp-image-16534\" alt=\"\" srcset=\"https:\/\/pc.sc.gov.br\/\/wp-content\/uploads\/2024\/01\/WhatsApp-Image-2024-01-16-at-13.44.27-1-1024x768.jpeg 1024w, https:\/\/pc.sc.gov.br\/\/wp-content\/uploads\/2024\/01\/WhatsApp-Image-2024-01-16-at-13.44.27-1-300x225.jpeg 300w, https:\/\/pc.sc.gov.br\/\/wp-content\/uploads\/2024\/01\/WhatsApp-Image-2024-01-16-at-13.44.27-1-768x576.jpeg 768w, https:\/\/pc.sc.gov.br\/\/wp-content\/uploads\/2024\/01\/WhatsApp-Image-2024-01-16-at-13.44.27-1-1536x1152.jpeg 1536w, https:\/\/pc.sc.gov.br\/\/wp-content\/uploads\/2024\/01\/WhatsApp-Image-2024-01-16-at-13.44.27-1.jpeg 1600w\" sizes=\"(max-width: 696px) 100vw, 696px\" \/>\t\t\t\t\t\t\t\t\t\t\t\t\t\t\t<\/div>\n\t\t\t\t<\/div>\n\t\t\t\t\t<\/div>\n\t\t<\/div>\n\t\t\t\t\t<\/div>\n\t\t<\/section>\n\t\t\t\t<section class=\"elementor-section elementor-top-section elementor-element elementor-element-b8c046e elementor-section-boxed elementor-section-height-default elementor-section-height-default\" data-id=\"b8c046e\" data-element_type=\"section\">\n\t\t\t\t\t\t<div class=\"elementor-container elementor-column-gap-default\">\n\t\t\t\t\t<div class=\"elementor-column elementor-col-100 elementor-top-column elementor-element elementor-element-3e5ed43\" data-id=\"3e5ed43\" data-element_type=\"column\">\n\t\t\t<div class=\"elementor-widget-wrap elementor-element-populated\">\n\t\t\t\t\t\t<div class=\"elementor-element elementor-element-4be810a elementor-widget elementor-widget-text-editor\" data-id=\"4be810a\" data-element_type=\"widget\" data-widget_type=\"text-editor.default\">\n\t\t\t\t<div class=\"elementor-widget-container\">\n\t\t\t\t\t\t\t\t\t<p>Policiais Civis de Herval d&#8217;Oeste e Erval Velho aprenderam na noite de domingo (14) 1,9 quilo de haxixe, 101,4 gramas de coca\u00edna em p\u00f3 e 103,5 gramas de crack, al\u00e9m de duas balan\u00e7as de precis\u00e3o, usadas para pesagem de droga a ser vendida. Um homem foi preso em flagrante. Os fatos ocorreram na Vila Remor, em Joa\u00e7aba.&nbsp;<\/p>\n<p><span style=\"font-family: var( --e-global-typography-text-font-family ), Sans-serif; font-size: var( --e-global-typography-text-font-size );\">Da investiga\u00e7\u00e3o&nbsp;<\/span><\/p>\n<p><span style=\"font-family: var( --e-global-typography-text-font-family ), Sans-serif; font-size: var( --e-global-typography-text-font-size );\">Um dos policiais civis, de folga, recebeu informa\u00e7\u00e3o de que um indiv\u00edduo, que, at\u00e9 o final de 2023, residia em Herval d&#8217;Oeste e sobre o qual j\u00e1 havia informa\u00e7\u00f5es de que comercializava entorpecentes, estaria para receber uma quantidade significativa de drogas, por\u00e9m, ele havia se mudado para Joa\u00e7aba.&nbsp;<\/span><\/p>\n<p>Comunicado ao delegado de plant\u00e3o, Leandro Antonio de Sales, formou-se uma equipe de policiais para verificar a informa\u00e7\u00e3o e, eventualmente, abordar os indiv\u00edduos, por\u00e9m, o momento da transa\u00e7\u00e3o era incerto.&nbsp;<\/p>\n<p>Nas dilig\u00eancias foi constatado que o investigado j\u00e1 havia recebido a droga e que estava dentro da casa manuseando subst\u00e2ncias semelhantes e inv\u00f3lucros de drogas. Ao se aproximarem da porta do im\u00f3vel, j\u00e1 foi poss\u00edvel perceber que havia v\u00e1rias por\u00e7\u00f5es de haxixe, al\u00e9m de coca\u00edna e crack sobre a mesa sendo pesadas pelo propriet\u00e1rio.&nbsp;&nbsp;<\/p>\n<p>O morador respons\u00e1vel pelo im\u00f3vel foi preso em flagrante, sendo que outras pessoas que estavam no local, vizinhos, acabaram sendo conduzidos para a delegacia, foram ouvidos e liberados. Ap\u00f3s a conclus\u00e3o do Auto de Pris\u00e3o em Flagrante, foi representado pela convers\u00e3o em pris\u00e3o preventiva, que foi acatado pelo Poder Judici\u00e1rio e Minist\u00e9rio P\u00fablico na Audi\u00eancia de Cust\u00f3dia.<span style=\"color: var( --e-global-color-text ); font-family: var( --e-global-typography-primary-font-family ), Sans-serif; font-size: var( --e-global-typography-primary-font-size ); font-weight: var( --e-global-typography-primary-font-weight ); letter-spacing: var( --e-global-typography-primary-letter-spacing );\">&nbsp;<\/span><\/p>\t\t\t\t\t\t\t\t<\/div>\n\t\t\t\t<\/div>\n\t\t\t\t\t<\/div>\n\t\t<\/div>\n\t\t\t\t\t<\/div>\n\t\t<\/section>\n\t\t\t\t<\/div>\n\t\t","protected":false},"excerpt":{"rendered":"<p>Policiais civis de Herval d\u2019Oeste e Erval Velho prendem homem suspeito de tr\u00e1fico em Joa\u00e7aba Policiais Civis de Herval d&#8217;Oeste e Erval Velho aprenderam na noite de domingo (14) 1,9 quilo de haxixe, 101,4 gramas de coca\u00edna em p\u00f3 e 103,5 gramas de crack, al\u00e9m de duas balan\u00e7as de precis\u00e3o, usadas para pesagem de droga [&hellip;]<\/p>\n","protected":false},"author":5,"featured_media":16534,"comment_status":"closed","ping_status":"open","sticky":false,"template":"","format":"standard","meta":{"_monsterinsights_skip_tracking":false,"_monsterinsights_sitenote_active":false,"_monsterinsights_sitenote_note":"","_monsterinsights_sitenote_category":0,"footnotes":""},"categories":[1],"tags":[],"class_list":["post-16533","post","type-post","status-publish","format-standard","has-post-thumbnail","hentry","category-sem-categoria"],"_links":{"self":[{"href":"https:\/\/pc.sc.gov.br\/index.php?rest_route=\/wp\/v2\/posts\/16533","targetHints":{"allow":["GET"]}}],"collection":[{"href":"https:\/\/pc.sc.gov.br\/index.php?rest_route=\/wp\/v2\/posts"}],"about":[{"href":"https:\/\/pc.sc.gov.br\/index.php?rest_route=\/wp\/v2\/types\/post"}],"author":[{"embeddable":true,"href":"https:\/\/pc.sc.gov.br\/index.php?rest_route=\/wp\/v2\/users\/5"}],"replies":[{"embeddable":true,"href":"https:\/\/pc.sc.gov.br\/index.php?rest_route=%2Fwp%2Fv2%2Fcomments&post=16533"}],"version-history":[{"count":4,"href":"https:\/\/pc.sc.gov.br\/index.php?rest_route=\/wp\/v2\/posts\/16533\/revisions"}],"predecessor-version":[{"id":16538,"href":"https:\/\/pc.sc.gov.br\/index.php?rest_route=\/wp\/v2\/posts\/16533\/revisions\/16538"}],"wp:featuredmedia":[{"embeddable":true,"href":"https:\/\/pc.sc.gov.br\/index.php?rest_route=\/wp\/v2\/media\/16534"}],"wp:attachment":[{"href":"https:\/\/pc.sc.gov.br\/index.php?rest_route=%2Fwp%2Fv2%2Fmedia&parent=16533"}],"wp:term":[{"taxonomy":"category","embeddable":true,"href":"https:\/\/pc.sc.gov.br\/index.php?rest_route=%2Fwp%2Fv2%2Fcategories&post=16533"},{"taxonomy":"post_tag","embeddable":true,"href":"https:\/\/pc.sc.gov.br\/index.php?rest_route=%2Fwp%2Fv2%2Ftags&post=16533"}],"curies":[{"name":"wp","href":"https:\/\/api.w.org\/{rel}","templated":true}]}}