{"id":16539,"date":"2024-01-16T15:20:43","date_gmt":"2024-01-16T18:20:43","guid":{"rendered":"https:\/\/pc.sc.gov.br\/?p=16539"},"modified":"2024-01-16T15:23:21","modified_gmt":"2024-01-16T18:23:21","slug":"em-imbituba-policia-civil-recupera-embarcacao-furtada-em-tramandai-rs","status":"publish","type":"post","link":"https:\/\/pc.sc.gov.br\/?p=16539","title":{"rendered":"Em Imbituba, Pol\u00edcia Civil recupera embarca\u00e7\u00e3o furtada em Tramanda\u00ed (RS)"},"content":{"rendered":"\t\t<div data-elementor-type=\"wp-post\" data-elementor-id=\"16539\" class=\"elementor elementor-16539\" data-elementor-post-type=\"post\">\n\t\t\t\t\t\t<section class=\"elementor-section elementor-top-section elementor-element elementor-element-064555e elementor-section-boxed elementor-section-height-default elementor-section-height-default\" data-id=\"064555e\" data-element_type=\"section\">\n\t\t\t\t\t\t<div class=\"elementor-container elementor-column-gap-default\">\n\t\t\t\t\t<div class=\"elementor-column elementor-col-100 elementor-top-column elementor-element elementor-element-ebd0e94\" data-id=\"ebd0e94\" data-element_type=\"column\">\n\t\t\t<div class=\"elementor-widget-wrap elementor-element-populated\">\n\t\t\t\t\t\t<div class=\"elementor-element elementor-element-29595ec elementor-widget elementor-widget-heading\" data-id=\"29595ec\" data-element_type=\"widget\" data-widget_type=\"heading.default\">\n\t\t\t\t<div class=\"elementor-widget-container\">\n\t\t\t\t\t<h2 class=\"elementor-heading-title elementor-size-default\">Em Imbituba, Pol\u00edcia Civil recupera embarca\u00e7\u00e3o furtada em Tramanda\u00ed (RS)<\/h2>\t\t\t\t<\/div>\n\t\t\t\t<\/div>\n\t\t\t\t\t<\/div>\n\t\t<\/div>\n\t\t\t\t\t<\/div>\n\t\t<\/section>\n\t\t\t\t<section class=\"elementor-section elementor-top-section elementor-element elementor-element-31f9d01 elementor-section-boxed elementor-section-height-default elementor-section-height-default\" data-id=\"31f9d01\" data-element_type=\"section\">\n\t\t\t\t\t\t<div class=\"elementor-container elementor-column-gap-default\">\n\t\t\t\t\t<div class=\"elementor-column elementor-col-100 elementor-top-column elementor-element elementor-element-d00a47e\" data-id=\"d00a47e\" data-element_type=\"column\">\n\t\t\t<div class=\"elementor-widget-wrap elementor-element-populated\">\n\t\t\t\t\t\t<div class=\"elementor-element elementor-element-cdcaf09 elementor-widget elementor-widget-image\" data-id=\"cdcaf09\" data-element_type=\"widget\" data-widget_type=\"image.default\">\n\t\t\t\t<div class=\"elementor-widget-container\">\n\t\t\t\t\t\t\t\t\t\t\t\t\t\t\t<img fetchpriority=\"high\" decoding=\"async\" width=\"531\" height=\"288\" src=\"https:\/\/pc.sc.gov.br\/\/wp-content\/uploads\/2024\/01\/63d584dc-bd21-4baf-8720-6a18d0f60967-fotor-20240116152050.jpg\" class=\"attachment-large size-large wp-image-16541\" alt=\"\" srcset=\"https:\/\/pc.sc.gov.br\/\/wp-content\/uploads\/2024\/01\/63d584dc-bd21-4baf-8720-6a18d0f60967-fotor-20240116152050.jpg 531w, https:\/\/pc.sc.gov.br\/\/wp-content\/uploads\/2024\/01\/63d584dc-bd21-4baf-8720-6a18d0f60967-fotor-20240116152050-300x163.jpg 300w\" sizes=\"(max-width: 531px) 100vw, 531px\" \/>\t\t\t\t\t\t\t\t\t\t\t\t\t\t\t<\/div>\n\t\t\t\t<\/div>\n\t\t\t\t\t<\/div>\n\t\t<\/div>\n\t\t\t\t\t<\/div>\n\t\t<\/section>\n\t\t\t\t<section class=\"elementor-section elementor-top-section elementor-element elementor-element-06d1b12 elementor-section-boxed elementor-section-height-default elementor-section-height-default\" data-id=\"06d1b12\" data-element_type=\"section\">\n\t\t\t\t\t\t<div class=\"elementor-container elementor-column-gap-default\">\n\t\t\t\t\t<div class=\"elementor-column elementor-col-100 elementor-top-column elementor-element elementor-element-5d97db2\" data-id=\"5d97db2\" data-element_type=\"column\">\n\t\t\t<div class=\"elementor-widget-wrap elementor-element-populated\">\n\t\t\t\t\t\t<div class=\"elementor-element elementor-element-c594f95 elementor-widget elementor-widget-text-editor\" data-id=\"c594f95\" data-element_type=\"widget\" data-widget_type=\"text-editor.default\">\n\t\t\t\t<div class=\"elementor-widget-container\">\n\t\t\t\t\t\t\t\t\t<p>A Delegacia de Pol\u00edcia de Imbituba cumpriu nesta segunda-feira (15) mandado de busca e apreens\u00e3o e recuperou uma embarca\u00e7\u00e3o, subtra\u00edda no dia 23\/10\/2023, em Tramanda\u00ed (RS).&nbsp;<span style=\"font-family: var( --e-global-typography-primary-font-family ), Sans-serif; font-size: var( --e-global-typography-primary-font-size ); font-weight: var( --e-global-typography-primary-font-weight ); letter-spacing: var( --e-global-typography-primary-letter-spacing );\">O mandado foi expedido pelo Poder Judici\u00e1rio ga\u00facho.&nbsp;<\/span><\/p><p><span style=\"font-family: var( --e-global-typography-primary-font-family ), Sans-serif; font-size: var( --e-global-typography-primary-font-size ); font-weight: var( --e-global-typography-primary-font-weight ); letter-spacing: var( --e-global-typography-primary-letter-spacing );\">Ap\u00f3s dilig\u00eancias realizadas pelo Setor de Investiga\u00e7\u00e3o, a embarca\u00e7\u00e3o foi devidamente localizada e apreendida pela Pol\u00edcia Civil, em Imbituba.&nbsp;<\/span><\/p>\n<div>&nbsp;<\/div>\t\t\t\t\t\t\t\t<\/div>\n\t\t\t\t<\/div>\n\t\t\t\t\t<\/div>\n\t\t<\/div>\n\t\t\t\t\t<\/div>\n\t\t<\/section>\n\t\t\t\t<\/div>\n\t\t","protected":false},"excerpt":{"rendered":"<p>Em Imbituba, Pol\u00edcia Civil recupera embarca\u00e7\u00e3o furtada em Tramanda\u00ed (RS) A Delegacia de Pol\u00edcia de Imbituba cumpriu nesta segunda-feira (15) mandado de busca e apreens\u00e3o e recuperou uma embarca\u00e7\u00e3o, subtra\u00edda no dia 23\/10\/2023, em Tramanda\u00ed (RS).&nbsp;O mandado foi expedido pelo Poder Judici\u00e1rio ga\u00facho.&nbsp; Ap\u00f3s dilig\u00eancias realizadas pelo Setor de Investiga\u00e7\u00e3o, a embarca\u00e7\u00e3o foi devidamente localizada [&hellip;]<\/p>\n","protected":false},"author":5,"featured_media":16541,"comment_status":"closed","ping_status":"open","sticky":false,"template":"","format":"standard","meta":{"_monsterinsights_skip_tracking":false,"_monsterinsights_sitenote_active":false,"_monsterinsights_sitenote_note":"","_monsterinsights_sitenote_category":0,"footnotes":""},"categories":[1],"tags":[],"class_list":["post-16539","post","type-post","status-publish","format-standard","has-post-thumbnail","hentry","category-sem-categoria"],"_links":{"self":[{"href":"https:\/\/pc.sc.gov.br\/index.php?rest_route=\/wp\/v2\/posts\/16539","targetHints":{"allow":["GET"]}}],"collection":[{"href":"https:\/\/pc.sc.gov.br\/index.php?rest_route=\/wp\/v2\/posts"}],"about":[{"href":"https:\/\/pc.sc.gov.br\/index.php?rest_route=\/wp\/v2\/types\/post"}],"author":[{"embeddable":true,"href":"https:\/\/pc.sc.gov.br\/index.php?rest_route=\/wp\/v2\/users\/5"}],"replies":[{"embeddable":true,"href":"https:\/\/pc.sc.gov.br\/index.php?rest_route=%2Fwp%2Fv2%2Fcomments&post=16539"}],"version-history":[{"count":3,"href":"https:\/\/pc.sc.gov.br\/index.php?rest_route=\/wp\/v2\/posts\/16539\/revisions"}],"predecessor-version":[{"id":16544,"href":"https:\/\/pc.sc.gov.br\/index.php?rest_route=\/wp\/v2\/posts\/16539\/revisions\/16544"}],"wp:featuredmedia":[{"embeddable":true,"href":"https:\/\/pc.sc.gov.br\/index.php?rest_route=\/wp\/v2\/media\/16541"}],"wp:attachment":[{"href":"https:\/\/pc.sc.gov.br\/index.php?rest_route=%2Fwp%2Fv2%2Fmedia&parent=16539"}],"wp:term":[{"taxonomy":"category","embeddable":true,"href":"https:\/\/pc.sc.gov.br\/index.php?rest_route=%2Fwp%2Fv2%2Fcategories&post=16539"},{"taxonomy":"post_tag","embeddable":true,"href":"https:\/\/pc.sc.gov.br\/index.php?rest_route=%2Fwp%2Fv2%2Ftags&post=16539"}],"curies":[{"name":"wp","href":"https:\/\/api.w.org\/{rel}","templated":true}]}}