{"id":16545,"date":"2024-01-16T18:12:13","date_gmt":"2024-01-16T21:12:13","guid":{"rendered":"https:\/\/pc.sc.gov.br\/?p=16545"},"modified":"2024-01-16T18:13:10","modified_gmt":"2024-01-16T21:13:10","slug":"em-ararangua-policia-civil-prende-homem-que-exigia-dinheiro-para-devolver-bicicleta-furtada","status":"publish","type":"post","link":"https:\/\/pc.sc.gov.br\/?p=16545","title":{"rendered":"Em Ararangu\u00e1, Pol\u00edcia Civil prende homem que exigia dinheiro para devolver bicicleta furtada"},"content":{"rendered":"\t\t<div data-elementor-type=\"wp-post\" data-elementor-id=\"16545\" class=\"elementor elementor-16545\" data-elementor-post-type=\"post\">\n\t\t\t\t\t\t<section class=\"elementor-section elementor-top-section elementor-element elementor-element-ac6ef52 elementor-section-boxed elementor-section-height-default elementor-section-height-default\" data-id=\"ac6ef52\" data-element_type=\"section\">\n\t\t\t\t\t\t<div class=\"elementor-container elementor-column-gap-default\">\n\t\t\t\t\t<div class=\"elementor-column elementor-col-100 elementor-top-column elementor-element elementor-element-8c511d4\" data-id=\"8c511d4\" data-element_type=\"column\">\n\t\t\t<div class=\"elementor-widget-wrap elementor-element-populated\">\n\t\t\t\t\t\t<div class=\"elementor-element elementor-element-2a4fbbf elementor-widget elementor-widget-heading\" data-id=\"2a4fbbf\" data-element_type=\"widget\" data-widget_type=\"heading.default\">\n\t\t\t\t<div class=\"elementor-widget-container\">\n\t\t\t\t\t<h2 class=\"elementor-heading-title elementor-size-default\">Em Ararangu\u00e1, Pol\u00edcia Civil prende homem que exigia dinheiro para devolver bicicleta furtada<\/h2>\t\t\t\t<\/div>\n\t\t\t\t<\/div>\n\t\t\t\t\t<\/div>\n\t\t<\/div>\n\t\t\t\t\t<\/div>\n\t\t<\/section>\n\t\t\t\t<section class=\"elementor-section elementor-top-section elementor-element elementor-element-f8acf79 elementor-section-boxed elementor-section-height-default elementor-section-height-default\" data-id=\"f8acf79\" data-element_type=\"section\">\n\t\t\t\t\t\t<div class=\"elementor-container elementor-column-gap-default\">\n\t\t\t\t\t<div class=\"elementor-column elementor-col-100 elementor-top-column elementor-element elementor-element-e808ae1\" data-id=\"e808ae1\" data-element_type=\"column\">\n\t\t\t<div class=\"elementor-widget-wrap elementor-element-populated\">\n\t\t\t\t\t\t<div class=\"elementor-element elementor-element-2b07660 elementor-widget elementor-widget-image\" data-id=\"2b07660\" data-element_type=\"widget\" data-widget_type=\"image.default\">\n\t\t\t\t<div class=\"elementor-widget-container\">\n\t\t\t\t\t\t\t\t\t\t\t\t\t\t\t<img fetchpriority=\"high\" decoding=\"async\" width=\"696\" height=\"522\" src=\"https:\/\/pc.sc.gov.br\/\/wp-content\/uploads\/2024\/01\/WhatsApp-Image-2024-01-16-at-17.56.16-1-1024x768.jpeg\" class=\"attachment-large size-large wp-image-16546\" alt=\"\" srcset=\"https:\/\/pc.sc.gov.br\/\/wp-content\/uploads\/2024\/01\/WhatsApp-Image-2024-01-16-at-17.56.16-1-1024x768.jpeg 1024w, https:\/\/pc.sc.gov.br\/\/wp-content\/uploads\/2024\/01\/WhatsApp-Image-2024-01-16-at-17.56.16-1-300x225.jpeg 300w, https:\/\/pc.sc.gov.br\/\/wp-content\/uploads\/2024\/01\/WhatsApp-Image-2024-01-16-at-17.56.16-1-768x576.jpeg 768w, https:\/\/pc.sc.gov.br\/\/wp-content\/uploads\/2024\/01\/WhatsApp-Image-2024-01-16-at-17.56.16-1.jpeg 1152w\" sizes=\"(max-width: 696px) 100vw, 696px\" \/>\t\t\t\t\t\t\t\t\t\t\t\t\t\t\t<\/div>\n\t\t\t\t<\/div>\n\t\t\t\t\t<\/div>\n\t\t<\/div>\n\t\t\t\t\t<\/div>\n\t\t<\/section>\n\t\t\t\t<section class=\"elementor-section elementor-top-section elementor-element elementor-element-658fd07 elementor-section-boxed elementor-section-height-default elementor-section-height-default\" data-id=\"658fd07\" data-element_type=\"section\">\n\t\t\t\t\t\t<div class=\"elementor-container elementor-column-gap-default\">\n\t\t\t\t\t<div class=\"elementor-column elementor-col-100 elementor-top-column elementor-element elementor-element-7a49934\" data-id=\"7a49934\" data-element_type=\"column\">\n\t\t\t<div class=\"elementor-widget-wrap elementor-element-populated\">\n\t\t\t\t\t\t<div class=\"elementor-element elementor-element-b15e3f5 elementor-widget elementor-widget-text-editor\" data-id=\"b15e3f5\" data-element_type=\"widget\" data-widget_type=\"text-editor.default\">\n\t\t\t\t<div class=\"elementor-widget-container\">\n\t\t\t\t\t\t\t\t\t<p>A Pol\u00edcia Civil de Santa Catarina, por meio da 1\u00aa Delegacia de Pol\u00edcia de Ararangu\u00e1, efetuou nesta ter\u00e7a feira (16) a pris\u00e3o de um jovem e recuperou uma bicicleta furtada.<\/p><p>No dia 10\/01\/2024 a v\u00edtima teve a garagem de seu condom\u00ednio invadida e do local subtra\u00eddo sua bicicleta avaliada em R$ 2,5 mil. Ap\u00f3s anunciar o furto nas redes sociais, a v\u00edtima recebeu um contato do criminoso que exigia certa quantia em dinheiro para devolver o bem. A v\u00edtima procurou a 1\u00aa DP nesta ter\u00e7a-feira (16), solicitando apoio na recupera\u00e7\u00e3o da bicicleta, uma vez que o autor havia marcado um local para entregar o bem, sob exig\u00eancia de pagamento.<\/p><p>Os policiais civis coordenados pelo delegado Lucas Fernandes da Rosa, se deslocaram at\u00e9 as margens do Rio Ararangu\u00e1, pr\u00f3ximo \u00e0 ponte, onde localizaram o suspeito e a bicicleta furtada.<\/p><p>O jovem de 18 anos confessou que estava solicitando dinheiro para entregar a bicicleta, negou o furto e afirmou que outra pessoa havia comprado o bem. O indiv\u00edduo foi autuado pelo delegado plantonista e preso sendo posteriormente encaminhado ao Pres\u00eddio local, onde aguarda audi\u00eancia de cust\u00f3dia.<\/p>\t\t\t\t\t\t\t\t<\/div>\n\t\t\t\t<\/div>\n\t\t\t\t\t<\/div>\n\t\t<\/div>\n\t\t\t\t\t<\/div>\n\t\t<\/section>\n\t\t\t\t<\/div>\n\t\t","protected":false},"excerpt":{"rendered":"<p>Em Ararangu\u00e1, Pol\u00edcia Civil prende homem que exigia dinheiro para devolver bicicleta furtada A Pol\u00edcia Civil de Santa Catarina, por meio da 1\u00aa Delegacia de Pol\u00edcia de Ararangu\u00e1, efetuou nesta ter\u00e7a feira (16) a pris\u00e3o de um jovem e recuperou uma bicicleta furtada. No dia 10\/01\/2024 a v\u00edtima teve a garagem de seu condom\u00ednio invadida [&hellip;]<\/p>\n","protected":false},"author":5,"featured_media":16546,"comment_status":"closed","ping_status":"open","sticky":false,"template":"","format":"standard","meta":{"_monsterinsights_skip_tracking":false,"_monsterinsights_sitenote_active":false,"_monsterinsights_sitenote_note":"","_monsterinsights_sitenote_category":0,"footnotes":""},"categories":[1],"tags":[],"class_list":["post-16545","post","type-post","status-publish","format-standard","has-post-thumbnail","hentry","category-sem-categoria"],"_links":{"self":[{"href":"https:\/\/pc.sc.gov.br\/index.php?rest_route=\/wp\/v2\/posts\/16545","targetHints":{"allow":["GET"]}}],"collection":[{"href":"https:\/\/pc.sc.gov.br\/index.php?rest_route=\/wp\/v2\/posts"}],"about":[{"href":"https:\/\/pc.sc.gov.br\/index.php?rest_route=\/wp\/v2\/types\/post"}],"author":[{"embeddable":true,"href":"https:\/\/pc.sc.gov.br\/index.php?rest_route=\/wp\/v2\/users\/5"}],"replies":[{"embeddable":true,"href":"https:\/\/pc.sc.gov.br\/index.php?rest_route=%2Fwp%2Fv2%2Fcomments&post=16545"}],"version-history":[{"count":4,"href":"https:\/\/pc.sc.gov.br\/index.php?rest_route=\/wp\/v2\/posts\/16545\/revisions"}],"predecessor-version":[{"id":16550,"href":"https:\/\/pc.sc.gov.br\/index.php?rest_route=\/wp\/v2\/posts\/16545\/revisions\/16550"}],"wp:featuredmedia":[{"embeddable":true,"href":"https:\/\/pc.sc.gov.br\/index.php?rest_route=\/wp\/v2\/media\/16546"}],"wp:attachment":[{"href":"https:\/\/pc.sc.gov.br\/index.php?rest_route=%2Fwp%2Fv2%2Fmedia&parent=16545"}],"wp:term":[{"taxonomy":"category","embeddable":true,"href":"https:\/\/pc.sc.gov.br\/index.php?rest_route=%2Fwp%2Fv2%2Fcategories&post=16545"},{"taxonomy":"post_tag","embeddable":true,"href":"https:\/\/pc.sc.gov.br\/index.php?rest_route=%2Fwp%2Fv2%2Ftags&post=16545"}],"curies":[{"name":"wp","href":"https:\/\/api.w.org\/{rel}","templated":true}]}}