{"id":16558,"date":"2024-01-16T18:26:40","date_gmt":"2024-01-16T21:26:40","guid":{"rendered":"https:\/\/pc.sc.gov.br\/?p=16558"},"modified":"2024-01-16T18:27:38","modified_gmt":"2024-01-16T21:27:38","slug":"delegacia-de-xaxim-indicia-filha-e-genro-por-furto-qualificado-em-conta-bancaria-da-mae","status":"publish","type":"post","link":"https:\/\/pc.sc.gov.br\/?p=16558","title":{"rendered":"Delegacia de Xaxim indicia filha e genro por furto qualificado em conta banc\u00e1ria da m\u00e3e"},"content":{"rendered":"\t\t<div data-elementor-type=\"wp-post\" data-elementor-id=\"16558\" class=\"elementor elementor-16558\" data-elementor-post-type=\"post\">\n\t\t\t\t\t\t<section class=\"elementor-section elementor-top-section elementor-element elementor-element-273c92f elementor-section-boxed elementor-section-height-default elementor-section-height-default\" data-id=\"273c92f\" data-element_type=\"section\">\n\t\t\t\t\t\t<div class=\"elementor-container elementor-column-gap-default\">\n\t\t\t\t\t<div class=\"elementor-column elementor-col-100 elementor-top-column elementor-element elementor-element-3d6e39f\" data-id=\"3d6e39f\" data-element_type=\"column\">\n\t\t\t<div class=\"elementor-widget-wrap elementor-element-populated\">\n\t\t\t\t\t\t<div class=\"elementor-element elementor-element-8a1ba14 elementor-widget elementor-widget-heading\" data-id=\"8a1ba14\" data-element_type=\"widget\" data-widget_type=\"heading.default\">\n\t\t\t\t<div class=\"elementor-widget-container\">\n\t\t\t\t\t<h2 class=\"elementor-heading-title elementor-size-default\">Delegacia de Xaxim indicia filha e genro por furto qualificado em conta banc\u00e1ria da m\u00e3e<\/h2>\t\t\t\t<\/div>\n\t\t\t\t<\/div>\n\t\t\t\t\t<\/div>\n\t\t<\/div>\n\t\t\t\t\t<\/div>\n\t\t<\/section>\n\t\t\t\t<section class=\"elementor-section elementor-top-section elementor-element elementor-element-7b59389 elementor-section-boxed elementor-section-height-default elementor-section-height-default\" data-id=\"7b59389\" data-element_type=\"section\">\n\t\t\t\t\t\t<div class=\"elementor-container elementor-column-gap-default\">\n\t\t\t\t\t<div class=\"elementor-column elementor-col-100 elementor-top-column elementor-element elementor-element-3f207bf\" data-id=\"3f207bf\" data-element_type=\"column\">\n\t\t\t<div class=\"elementor-widget-wrap elementor-element-populated\">\n\t\t\t\t\t\t<div class=\"elementor-element elementor-element-a3f083f elementor-widget elementor-widget-image\" data-id=\"a3f083f\" data-element_type=\"widget\" data-widget_type=\"image.default\">\n\t\t\t\t<div class=\"elementor-widget-container\">\n\t\t\t\t\t\t\t\t\t\t\t\t\t\t\t<img fetchpriority=\"high\" decoding=\"async\" width=\"696\" height=\"388\" src=\"https:\/\/pc.sc.gov.br\/\/wp-content\/uploads\/2024\/01\/WhatsApp-Image-2024-01-16-at-17.20.47-1024x571.jpeg\" class=\"attachment-large size-large wp-image-16559\" alt=\"\" srcset=\"https:\/\/pc.sc.gov.br\/\/wp-content\/uploads\/2024\/01\/WhatsApp-Image-2024-01-16-at-17.20.47-1024x571.jpeg 1024w, https:\/\/pc.sc.gov.br\/\/wp-content\/uploads\/2024\/01\/WhatsApp-Image-2024-01-16-at-17.20.47-300x167.jpeg 300w, https:\/\/pc.sc.gov.br\/\/wp-content\/uploads\/2024\/01\/WhatsApp-Image-2024-01-16-at-17.20.47-768x428.jpeg 768w, https:\/\/pc.sc.gov.br\/\/wp-content\/uploads\/2024\/01\/WhatsApp-Image-2024-01-16-at-17.20.47.jpeg 1170w\" sizes=\"(max-width: 696px) 100vw, 696px\" \/>\t\t\t\t\t\t\t\t\t\t\t\t\t\t\t<\/div>\n\t\t\t\t<\/div>\n\t\t\t\t\t<\/div>\n\t\t<\/div>\n\t\t\t\t\t<\/div>\n\t\t<\/section>\n\t\t\t\t<section class=\"elementor-section elementor-top-section elementor-element elementor-element-d2f7a66 elementor-section-boxed elementor-section-height-default elementor-section-height-default\" data-id=\"d2f7a66\" data-element_type=\"section\">\n\t\t\t\t\t\t<div class=\"elementor-container elementor-column-gap-default\">\n\t\t\t\t\t<div class=\"elementor-column elementor-col-100 elementor-top-column elementor-element elementor-element-10dfa1b\" data-id=\"10dfa1b\" data-element_type=\"column\">\n\t\t\t<div class=\"elementor-widget-wrap elementor-element-populated\">\n\t\t\t\t\t\t<div class=\"elementor-element elementor-element-06ea314 elementor-widget elementor-widget-text-editor\" data-id=\"06ea314\" data-element_type=\"widget\" data-widget_type=\"text-editor.default\">\n\t\t\t\t<div class=\"elementor-widget-container\">\n\t\t\t\t\t\t\t\t\t<p>A Pol\u00edcia Civil do Estado de Santa Catarina, por meio da Delegacia de Pol\u00edcia Civil de Xaxim, concluiu o Inqu\u00e9rito Policial instaurado para apurar a subtra\u00e7\u00e3o de R$ 88.536,00, por meio de compras e saques, da conta corrente de um uma mulher, de 51 anos de idade, em ag\u00eancia banc\u00e1ria da cidade, em v\u00e1rios meses do ano 2022.<\/p>\n<p>A v\u00edtima procurou a Delegacia de Pol\u00edcia, a fim de registrar a subtra\u00e7\u00e3o reiterada de valores monet\u00e1rios, em decorr\u00eancia de compras efetivadas em sal\u00f5es de beleza, lojas de vestu\u00e1rio, restaurantes e hot\u00e9is. Em an\u00e1lise aos dados banc\u00e1rios, chegou-se ao endere\u00e7o dos locais em que as compras foram realizadas.<\/p>\n<p>Na sequ\u00eancia, os investigadores, mediante a an\u00e1lise dos documentos banc\u00e1rios, da oitiva dos propriet\u00e1rios dos estabelecimentos comerciais e das imagens captadas pelas c\u00e2meras de vigil\u00e2ncia, identificaram a filha e o genro da v\u00edtima como sendo os respons\u00e1veis pela utiliza\u00e7\u00e3o indevida do cart\u00e3o de cr\u00e9dito\/d\u00e9bito.&nbsp;<span style=\"font-family: var( --e-global-typography-primary-font-family ), Sans-serif; font-size: var( --e-global-typography-primary-font-size ); font-weight: var( --e-global-typography-primary-font-weight ); letter-spacing: var( --e-global-typography-primary-letter-spacing );\">Ap\u00f3s a utiliza\u00e7\u00e3o, o cart\u00e3o da conta banc\u00e1ria era realocado no mesmo lugar, com a finalidade de n\u00e3o levantar suspeitas da v\u00edtima.<\/span><\/p>\n<p>O Inqu\u00e9rito Policial, que documenta todas as dilig\u00eancias realizadas pela Pol\u00edcia Civil, foi conclu\u00eddo e encaminhado ao Poder Judici\u00e1rio e ao Minist\u00e9rio P\u00fablico, para as demais provid\u00eancias cab\u00edveis no \u00e2mbito da persecu\u00e7\u00e3o penal.<\/p>\n<p>Os suspeitos (filha e genro) restaram indiciados pelo crime de furto qualificado pelo abuso de confian\u00e7a e pelo concurso de pessoa, com pena prevista de 02 (dois) a 08 (oito) anos de reclus\u00e3o, diante da aus\u00eancia dos requisitos para a decreta\u00e7\u00e3o da pris\u00e3o preventiva, respondem ao crime em liberdade.<\/p>\n<p><\/p>\t\t\t\t\t\t\t\t<\/div>\n\t\t\t\t<\/div>\n\t\t\t\t\t<\/div>\n\t\t<\/div>\n\t\t\t\t\t<\/div>\n\t\t<\/section>\n\t\t\t\t<\/div>\n\t\t","protected":false},"excerpt":{"rendered":"<p>Delegacia de Xaxim indicia filha e genro por furto qualificado em conta banc\u00e1ria da m\u00e3e A Pol\u00edcia Civil do Estado de Santa Catarina, por meio da Delegacia de Pol\u00edcia Civil de Xaxim, concluiu o Inqu\u00e9rito Policial instaurado para apurar a subtra\u00e7\u00e3o de R$ 88.536,00, por meio de compras e saques, da conta corrente de um [&hellip;]<\/p>\n","protected":false},"author":5,"featured_media":16559,"comment_status":"closed","ping_status":"open","sticky":false,"template":"","format":"standard","meta":{"_monsterinsights_skip_tracking":false,"_monsterinsights_sitenote_active":false,"_monsterinsights_sitenote_note":"","_monsterinsights_sitenote_category":0,"footnotes":""},"categories":[1],"tags":[],"class_list":["post-16558","post","type-post","status-publish","format-standard","has-post-thumbnail","hentry","category-sem-categoria"],"_links":{"self":[{"href":"https:\/\/pc.sc.gov.br\/index.php?rest_route=\/wp\/v2\/posts\/16558","targetHints":{"allow":["GET"]}}],"collection":[{"href":"https:\/\/pc.sc.gov.br\/index.php?rest_route=\/wp\/v2\/posts"}],"about":[{"href":"https:\/\/pc.sc.gov.br\/index.php?rest_route=\/wp\/v2\/types\/post"}],"author":[{"embeddable":true,"href":"https:\/\/pc.sc.gov.br\/index.php?rest_route=\/wp\/v2\/users\/5"}],"replies":[{"embeddable":true,"href":"https:\/\/pc.sc.gov.br\/index.php?rest_route=%2Fwp%2Fv2%2Fcomments&post=16558"}],"version-history":[{"count":4,"href":"https:\/\/pc.sc.gov.br\/index.php?rest_route=\/wp\/v2\/posts\/16558\/revisions"}],"predecessor-version":[{"id":16563,"href":"https:\/\/pc.sc.gov.br\/index.php?rest_route=\/wp\/v2\/posts\/16558\/revisions\/16563"}],"wp:featuredmedia":[{"embeddable":true,"href":"https:\/\/pc.sc.gov.br\/index.php?rest_route=\/wp\/v2\/media\/16559"}],"wp:attachment":[{"href":"https:\/\/pc.sc.gov.br\/index.php?rest_route=%2Fwp%2Fv2%2Fmedia&parent=16558"}],"wp:term":[{"taxonomy":"category","embeddable":true,"href":"https:\/\/pc.sc.gov.br\/index.php?rest_route=%2Fwp%2Fv2%2Fcategories&post=16558"},{"taxonomy":"post_tag","embeddable":true,"href":"https:\/\/pc.sc.gov.br\/index.php?rest_route=%2Fwp%2Fv2%2Ftags&post=16558"}],"curies":[{"name":"wp","href":"https:\/\/api.w.org\/{rel}","templated":true}]}}