{"id":16564,"date":"2024-01-16T18:51:09","date_gmt":"2024-01-16T21:51:09","guid":{"rendered":"https:\/\/pc.sc.gov.br\/?p=16564"},"modified":"2024-01-16T18:52:01","modified_gmt":"2024-01-16T21:52:01","slug":"delegacia-de-homicidios-da-capital-cumpre-mandado-de-prisao","status":"publish","type":"post","link":"https:\/\/pc.sc.gov.br\/?p=16564","title":{"rendered":"Delegacia de Homic\u00eddios da Capital cumpre mandado de pris\u00e3o"},"content":{"rendered":"\t\t<div data-elementor-type=\"wp-post\" data-elementor-id=\"16564\" class=\"elementor elementor-16564\" data-elementor-post-type=\"post\">\n\t\t\t\t\t\t<section class=\"elementor-section elementor-top-section elementor-element elementor-element-96ba775 elementor-section-boxed elementor-section-height-default elementor-section-height-default\" data-id=\"96ba775\" data-element_type=\"section\">\n\t\t\t\t\t\t<div class=\"elementor-container elementor-column-gap-default\">\n\t\t\t\t\t<div class=\"elementor-column elementor-col-100 elementor-top-column elementor-element elementor-element-336eedd\" data-id=\"336eedd\" data-element_type=\"column\">\n\t\t\t<div class=\"elementor-widget-wrap elementor-element-populated\">\n\t\t\t\t\t\t<div class=\"elementor-element elementor-element-e1979cf elementor-widget elementor-widget-heading\" data-id=\"e1979cf\" data-element_type=\"widget\" data-widget_type=\"heading.default\">\n\t\t\t\t<div class=\"elementor-widget-container\">\n\t\t\t\t\t<h2 class=\"elementor-heading-title elementor-size-default\">Delegacia de Homic\u00eddios da Capital cumpre mandado de pris\u00e3o<\/h2>\t\t\t\t<\/div>\n\t\t\t\t<\/div>\n\t\t\t\t<div class=\"elementor-element elementor-element-9877b61 elementor-widget elementor-widget-image\" data-id=\"9877b61\" data-element_type=\"widget\" data-widget_type=\"image.default\">\n\t\t\t\t<div class=\"elementor-widget-container\">\n\t\t\t\t\t\t\t\t\t\t\t\t\t\t\t<img fetchpriority=\"high\" decoding=\"async\" width=\"696\" height=\"928\" src=\"https:\/\/pc.sc.gov.br\/\/wp-content\/uploads\/2024\/01\/WhatsApp-Image-2024-01-16-at-18.02.43-1-768x1024.jpeg\" class=\"attachment-large size-large wp-image-16565\" alt=\"\" srcset=\"https:\/\/pc.sc.gov.br\/\/wp-content\/uploads\/2024\/01\/WhatsApp-Image-2024-01-16-at-18.02.43-1-768x1024.jpeg 768w, https:\/\/pc.sc.gov.br\/\/wp-content\/uploads\/2024\/01\/WhatsApp-Image-2024-01-16-at-18.02.43-1-225x300.jpeg 225w, https:\/\/pc.sc.gov.br\/\/wp-content\/uploads\/2024\/01\/WhatsApp-Image-2024-01-16-at-18.02.43-1.jpeg 960w\" sizes=\"(max-width: 696px) 100vw, 696px\" \/>\t\t\t\t\t\t\t\t\t\t\t\t\t\t\t<\/div>\n\t\t\t\t<\/div>\n\t\t\t\t\t<\/div>\n\t\t<\/div>\n\t\t\t\t\t<\/div>\n\t\t<\/section>\n\t\t\t\t<section class=\"elementor-section elementor-top-section elementor-element elementor-element-4b517a9 elementor-section-boxed elementor-section-height-default elementor-section-height-default\" data-id=\"4b517a9\" data-element_type=\"section\">\n\t\t\t\t\t\t<div class=\"elementor-container elementor-column-gap-default\">\n\t\t\t\t\t<div class=\"elementor-column elementor-col-100 elementor-top-column elementor-element elementor-element-19f70d6\" data-id=\"19f70d6\" data-element_type=\"column\">\n\t\t\t<div class=\"elementor-widget-wrap elementor-element-populated\">\n\t\t\t\t\t\t<div class=\"elementor-element elementor-element-3b18505 elementor-widget elementor-widget-text-editor\" data-id=\"3b18505\" data-element_type=\"widget\" data-widget_type=\"text-editor.default\">\n\t\t\t\t<div class=\"elementor-widget-container\">\n\t\t\t\t\t\t\t\t\t<p>Na sexta-feira (12), a Pol\u00edcia Civil de Santa Catarina, por meio da Delegacia de Homic\u00eddios da Capital, cumpriu mandado de pris\u00e3o, expedido pela Vara do Tribunal do J\u00fari da Capital, pela pr\u00e1tica do crime de homic\u00eddio. Em dilig\u00eancias, realizadas pelos policiais no Centro da Capital, o homem apontado como autor do crime foi encontrado no Terminal Cidade de Florian\u00f3polis.<br \/>O crime ocorreu no fim de outubro de 2023, tamb\u00e9m dentro do Terminal Cidade de Florian\u00f3polis, ocasi\u00e3o em que o autor desferiu um golpe certeiro de faca e atingiu a v\u00edtima, que n\u00e3o resistiu ao ferimento e morreu no local. <br \/>A Delegacia de Homic\u00eddios, junto da Equipe de Local de Crime, realizou o atendimento e iniciou os trabalhos investigativos, diligenciando pelas buscas e an\u00e1lises de imagens e depoimentos, culminando no indiciamento e na den\u00fancia do autor. <\/p>\t\t\t\t\t\t\t\t<\/div>\n\t\t\t\t<\/div>\n\t\t\t\t\t<\/div>\n\t\t<\/div>\n\t\t\t\t\t<\/div>\n\t\t<\/section>\n\t\t\t\t<\/div>\n\t\t","protected":false},"excerpt":{"rendered":"<p>Delegacia de Homic\u00eddios da Capital cumpre mandado de pris\u00e3o Na sexta-feira (12), a Pol\u00edcia Civil de Santa Catarina, por meio da Delegacia de Homic\u00eddios da Capital, cumpriu mandado de pris\u00e3o, expedido pela Vara do Tribunal do J\u00fari da Capital, pela pr\u00e1tica do crime de homic\u00eddio. Em dilig\u00eancias, realizadas pelos policiais no Centro da Capital, o [&hellip;]<\/p>\n","protected":false},"author":5,"featured_media":16565,"comment_status":"closed","ping_status":"open","sticky":false,"template":"","format":"standard","meta":{"_monsterinsights_skip_tracking":false,"_monsterinsights_sitenote_active":false,"_monsterinsights_sitenote_note":"","_monsterinsights_sitenote_category":0,"footnotes":""},"categories":[1],"tags":[],"class_list":["post-16564","post","type-post","status-publish","format-standard","has-post-thumbnail","hentry","category-sem-categoria"],"_links":{"self":[{"href":"https:\/\/pc.sc.gov.br\/index.php?rest_route=\/wp\/v2\/posts\/16564","targetHints":{"allow":["GET"]}}],"collection":[{"href":"https:\/\/pc.sc.gov.br\/index.php?rest_route=\/wp\/v2\/posts"}],"about":[{"href":"https:\/\/pc.sc.gov.br\/index.php?rest_route=\/wp\/v2\/types\/post"}],"author":[{"embeddable":true,"href":"https:\/\/pc.sc.gov.br\/index.php?rest_route=\/wp\/v2\/users\/5"}],"replies":[{"embeddable":true,"href":"https:\/\/pc.sc.gov.br\/index.php?rest_route=%2Fwp%2Fv2%2Fcomments&post=16564"}],"version-history":[{"count":4,"href":"https:\/\/pc.sc.gov.br\/index.php?rest_route=\/wp\/v2\/posts\/16564\/revisions"}],"predecessor-version":[{"id":16569,"href":"https:\/\/pc.sc.gov.br\/index.php?rest_route=\/wp\/v2\/posts\/16564\/revisions\/16569"}],"wp:featuredmedia":[{"embeddable":true,"href":"https:\/\/pc.sc.gov.br\/index.php?rest_route=\/wp\/v2\/media\/16565"}],"wp:attachment":[{"href":"https:\/\/pc.sc.gov.br\/index.php?rest_route=%2Fwp%2Fv2%2Fmedia&parent=16564"}],"wp:term":[{"taxonomy":"category","embeddable":true,"href":"https:\/\/pc.sc.gov.br\/index.php?rest_route=%2Fwp%2Fv2%2Fcategories&post=16564"},{"taxonomy":"post_tag","embeddable":true,"href":"https:\/\/pc.sc.gov.br\/index.php?rest_route=%2Fwp%2Fv2%2Ftags&post=16564"}],"curies":[{"name":"wp","href":"https:\/\/api.w.org\/{rel}","templated":true}]}}