{"id":16570,"date":"2024-01-16T19:52:21","date_gmt":"2024-01-16T22:52:21","guid":{"rendered":"https:\/\/pc.sc.gov.br\/?p=16570"},"modified":"2024-01-16T19:54:17","modified_gmt":"2024-01-16T22:54:17","slug":"delegacia-de-furtos-e-roubos-de-cargas-da-deic-prende-quatro-investigados-em-2a-fase-de-operacao-ao-combate-a-furtos-de-cargas","status":"publish","type":"post","link":"https:\/\/pc.sc.gov.br\/?p=16570","title":{"rendered":"Delegacia de Furtos e Roubos de Cargas da DEIC prende quatro investigados em 2\u00aa fase de opera\u00e7\u00e3o ao combate a furtos de cargas"},"content":{"rendered":"\t\t<div data-elementor-type=\"wp-post\" data-elementor-id=\"16570\" class=\"elementor elementor-16570\" data-elementor-post-type=\"post\">\n\t\t\t\t\t\t<section class=\"elementor-section elementor-top-section elementor-element elementor-element-5bda520 elementor-section-boxed elementor-section-height-default elementor-section-height-default\" data-id=\"5bda520\" data-element_type=\"section\">\n\t\t\t\t\t\t<div class=\"elementor-container elementor-column-gap-default\">\n\t\t\t\t\t<div class=\"elementor-column elementor-col-100 elementor-top-column elementor-element elementor-element-ab414fd\" data-id=\"ab414fd\" data-element_type=\"column\">\n\t\t\t<div class=\"elementor-widget-wrap elementor-element-populated\">\n\t\t\t\t\t\t<div class=\"elementor-element elementor-element-8cbec85 elementor-widget elementor-widget-heading\" data-id=\"8cbec85\" data-element_type=\"widget\" data-widget_type=\"heading.default\">\n\t\t\t\t<div class=\"elementor-widget-container\">\n\t\t\t\t\t<h2 class=\"elementor-heading-title elementor-size-default\">Delegacia de Furtos e Roubos de Cargas da DEIC prende quatro investigados em 2\u00aa fase de opera\u00e7\u00e3o ao combate a furtos de cargas<\/h2>\t\t\t\t<\/div>\n\t\t\t\t<\/div>\n\t\t\t\t\t<\/div>\n\t\t<\/div>\n\t\t\t\t\t<\/div>\n\t\t<\/section>\n\t\t\t\t<section class=\"elementor-section elementor-top-section elementor-element elementor-element-098d7ab elementor-section-boxed elementor-section-height-default elementor-section-height-default\" data-id=\"098d7ab\" data-element_type=\"section\">\n\t\t\t\t\t\t<div class=\"elementor-container elementor-column-gap-default\">\n\t\t\t\t\t<div class=\"elementor-column elementor-col-100 elementor-top-column elementor-element elementor-element-1b15899\" data-id=\"1b15899\" data-element_type=\"column\">\n\t\t\t<div class=\"elementor-widget-wrap elementor-element-populated\">\n\t\t\t\t\t\t<div class=\"elementor-element elementor-element-dcba94e elementor-widget elementor-widget-image\" data-id=\"dcba94e\" data-element_type=\"widget\" data-widget_type=\"image.default\">\n\t\t\t\t<div class=\"elementor-widget-container\">\n\t\t\t\t\t\t\t\t\t\t\t\t\t\t\t<img fetchpriority=\"high\" decoding=\"async\" width=\"684\" height=\"772\" src=\"https:\/\/pc.sc.gov.br\/\/wp-content\/uploads\/2024\/01\/WhatsApp-Image-2024-01-16-at-19.10.57-1.jpeg\" class=\"attachment-large size-large wp-image-16571\" alt=\"\" srcset=\"https:\/\/pc.sc.gov.br\/\/wp-content\/uploads\/2024\/01\/WhatsApp-Image-2024-01-16-at-19.10.57-1.jpeg 684w, https:\/\/pc.sc.gov.br\/\/wp-content\/uploads\/2024\/01\/WhatsApp-Image-2024-01-16-at-19.10.57-1-266x300.jpeg 266w\" sizes=\"(max-width: 684px) 100vw, 684px\" \/>\t\t\t\t\t\t\t\t\t\t\t\t\t\t\t<\/div>\n\t\t\t\t<\/div>\n\t\t\t\t\t<\/div>\n\t\t<\/div>\n\t\t\t\t\t<\/div>\n\t\t<\/section>\n\t\t\t\t<section class=\"elementor-section elementor-top-section elementor-element elementor-element-b4e93f6 elementor-section-boxed elementor-section-height-default elementor-section-height-default\" data-id=\"b4e93f6\" data-element_type=\"section\">\n\t\t\t\t\t\t<div class=\"elementor-container elementor-column-gap-default\">\n\t\t\t\t\t<div class=\"elementor-column elementor-col-100 elementor-top-column elementor-element elementor-element-f52c52b\" data-id=\"f52c52b\" data-element_type=\"column\">\n\t\t\t<div class=\"elementor-widget-wrap elementor-element-populated\">\n\t\t\t\t\t\t<div class=\"elementor-element elementor-element-588223c elementor-widget elementor-widget-text-editor\" data-id=\"588223c\" data-element_type=\"widget\" data-widget_type=\"text-editor.default\">\n\t\t\t\t<div class=\"elementor-widget-container\">\n\t\t\t\t\t\t\t\t\t<p>Nesta ter\u00e7a-feira (16), a Pol\u00edcia Civil de Santa Catarina, por meio da Delegacia de Furtos e Roubos de Cargas da Diretoria Estadual de Investiga\u00e7\u00f5es Criminais (DFRC\/DEIC), deflagrou a 2\u00aa fase da opera\u00e7\u00e3o que recuperou R$ 1.7 milh\u00e3o em cargas furtadas. Foram cumpridos mandados de pris\u00e3o e de busca e apreens\u00e3o na cidade catarinense de Itaja\u00ed e nas cidades paranaenses de Londrina, S\u00e3o Jos\u00e9 dos Pinhais e Jardim Alegre.<\/p>\n<p>Foram presos quatro investigados, respons\u00e1veis pela clonagem do caminh\u00e3o e que eram ligados diretamente ao homem apontado como chefe do grupo (esse \u00faltimo j\u00e1 preso na 1\u00aa fase da opera\u00e7\u00e3o). Essas pessoas se passavam por motoristas de caminh\u00f5es, efetuavam os carregamentos com documentos falsos e forneciam suporte log\u00edstico e financeiro para o sucesso da empreitada criminosa.<\/p>\n<p>Foram cumpridos mandados de busca e apreens\u00e3o em 13 endere\u00e7os vinculados aos investigados. A a\u00e7\u00e3o foi coordenada pelo Delegado de Pol\u00edcia Titular da DFRC\/DEIC, Osnei Valdir de Oliveira. Com a a\u00e7\u00e3o foram apreendidos dispositivos eletr\u00f4nicos, documentos, ve\u00edculos de luxo e uma arma de fogo. Os objetos e documentos ser\u00e3o analisados pela equipe de Investiga\u00e7\u00e3o da DFRC\/DEIC.<\/p>\n<p><strong>Entenda o caso<\/strong><\/p>\n<p>A 1\u00aa fase da Opera\u00e7\u00e3o foi deflagrada em novembro do ano passado, quando foram recuperadas diversas cargas furtadas, e resultou na pris\u00e3o do homem apontado por comandar a organiza\u00e7\u00e3o criminosa. Mais detalhes na mat\u00e9ria:&nbsp;<a href=\"https:\/\/pc.sc.gov.br\/?p=14989\" target=\"_blank\"><u>https:\/\/pc.sc.gov.br\/?p=14989<\/u><\/a>.<\/p>\n<p>Nessa primeira fase foram apreendidos diversos documentos e dispositivos eletr\u00f4nicos, os quais foram minuciosamente analisados pela equipe de investiga\u00e7\u00e3o da DFRC. Com o resultado da an\u00e1lise foi obtido substrato relevante para a investiga\u00e7\u00e3o acerca das pr\u00e1ticas delitivas. Com o robusto material probat\u00f3rio, a Autoridade Policial representou pela expedi\u00e7\u00e3o de mandados de busca e apreens\u00e3o domiciliar e pris\u00e3o preventiva dos investigados, pleitos prontamente deferidos pelo Poder Judici\u00e1rio, ap\u00f3s manifesta\u00e7\u00e3o favor\u00e1vel do Minist\u00e9rio P\u00fablico.<\/p>\n<p><strong>Particularidades do caso<\/strong><\/p>\n<p>Objetivando burlar os sistemas de monitoramento das rodovias, o grupo criminoso efetuou a clonagem do caminh\u00e3o e do semirreboque em modalidade avan\u00e7ada. A adultera\u00e7\u00e3o ia al\u00e9m da clonagem de placas, os criminosos realizaram a \u201cplotagem\u201d mediante \u201cenvelopamento\u201d e \u201cadesivamento\u201d do caminh\u00e3o. Os criminosos foram cautelosos, clonando at\u00e9 mesmo os adesivos afixados nos vidros e lataria.<\/p>\n<p>Com o conjunto clonado, utilizavam dados de motoristas para realizar o carregamento em empresas nos estados de Santa Catarina e Paran\u00e1. At\u00e9 o momento, o grupo \u00e9 apontado como respons\u00e1vel por quatro furtos de cargas em Santa Catarina, nas cidades de Jaragu\u00e1 do Sul, S\u00e3o Bento do Sul, Gaspar e Porto Belo. Foram subtra\u00eddas cargas diversas de alto valor agregado.<\/p>\n<p>O delegado Osnei Valdir de Oliveira, titular da DFRC\/DEIC, ressalta que o combate ao furto e ao roubo de carga se d\u00e1 atrav\u00e9s de investiga\u00e7\u00f5es criminais qualificadas, uma vez que os grupos criminosos que atuam nessa modalidade criminosa buscam de todas as formas burlar os sistemas de preven\u00e7\u00e3o.<\/p>\n<p>\u201cCombater o roubo de carga n\u00e3o \u00e9 loteria. N\u00e3o podemos combater esse tipo de crime esperando cruzar com um caminh\u00e3o roubado. \u00c9 preciso investigar com metodologia espec\u00edfica e policiais especializados. A atividade da Pol\u00edcia Civil \u00e9 essencial para o enfrentamento qualificado, produzindo efeitos de m\u00e9dio e longo prazo\u201d, destaca o delegado Osnei. &nbsp;<\/p>\n<p>A a\u00e7\u00e3o contou com apoio operacional da DEIC\/DECAP; DRRDI\/DEIC; DRCI\/DEIC; LAB\/DEIC e SIC de Itaja\u00ed\/SC, al\u00e9m de Policiais Civis do Paran\u00e1, DFRC\/PCPR Curitiba\/PR; DENARC de Londrina;&nbsp; e Delegacias de Pol\u00edcia de Ivaipor\u00e3 e Jardim Alegre.<\/p>\n<p>Den\u00fancias e informa\u00e7\u00f5es relacionadas a Roubo de Cargas podem ser encaminhadas para o e-mail _deic-dfrc@pc.sc.gov.br, sendo garantido o anonimato.<\/p>\t\t\t\t\t\t\t\t<\/div>\n\t\t\t\t<\/div>\n\t\t\t\t\t<\/div>\n\t\t<\/div>\n\t\t\t\t\t<\/div>\n\t\t<\/section>\n\t\t\t\t<\/div>\n\t\t","protected":false},"excerpt":{"rendered":"<p>Delegacia de Furtos e Roubos de Cargas da DEIC prende quatro investigados em 2\u00aa fase de opera\u00e7\u00e3o ao combate a furtos de cargas Nesta ter\u00e7a-feira (16), a Pol\u00edcia Civil de Santa Catarina, por meio da Delegacia de Furtos e Roubos de Cargas da Diretoria Estadual de Investiga\u00e7\u00f5es Criminais (DFRC\/DEIC), deflagrou a 2\u00aa fase da opera\u00e7\u00e3o [&hellip;]<\/p>\n","protected":false},"author":5,"featured_media":16571,"comment_status":"closed","ping_status":"open","sticky":false,"template":"","format":"standard","meta":{"_monsterinsights_skip_tracking":false,"_monsterinsights_sitenote_active":false,"_monsterinsights_sitenote_note":"","_monsterinsights_sitenote_category":0,"footnotes":""},"categories":[1],"tags":[],"class_list":["post-16570","post","type-post","status-publish","format-standard","has-post-thumbnail","hentry","category-sem-categoria"],"_links":{"self":[{"href":"https:\/\/pc.sc.gov.br\/index.php?rest_route=\/wp\/v2\/posts\/16570","targetHints":{"allow":["GET"]}}],"collection":[{"href":"https:\/\/pc.sc.gov.br\/index.php?rest_route=\/wp\/v2\/posts"}],"about":[{"href":"https:\/\/pc.sc.gov.br\/index.php?rest_route=\/wp\/v2\/types\/post"}],"author":[{"embeddable":true,"href":"https:\/\/pc.sc.gov.br\/index.php?rest_route=\/wp\/v2\/users\/5"}],"replies":[{"embeddable":true,"href":"https:\/\/pc.sc.gov.br\/index.php?rest_route=%2Fwp%2Fv2%2Fcomments&post=16570"}],"version-history":[{"count":7,"href":"https:\/\/pc.sc.gov.br\/index.php?rest_route=\/wp\/v2\/posts\/16570\/revisions"}],"predecessor-version":[{"id":16578,"href":"https:\/\/pc.sc.gov.br\/index.php?rest_route=\/wp\/v2\/posts\/16570\/revisions\/16578"}],"wp:featuredmedia":[{"embeddable":true,"href":"https:\/\/pc.sc.gov.br\/index.php?rest_route=\/wp\/v2\/media\/16571"}],"wp:attachment":[{"href":"https:\/\/pc.sc.gov.br\/index.php?rest_route=%2Fwp%2Fv2%2Fmedia&parent=16570"}],"wp:term":[{"taxonomy":"category","embeddable":true,"href":"https:\/\/pc.sc.gov.br\/index.php?rest_route=%2Fwp%2Fv2%2Fcategories&post=16570"},{"taxonomy":"post_tag","embeddable":true,"href":"https:\/\/pc.sc.gov.br\/index.php?rest_route=%2Fwp%2Fv2%2Ftags&post=16570"}],"curies":[{"name":"wp","href":"https:\/\/api.w.org\/{rel}","templated":true}]}}