{"id":16579,"date":"2024-01-17T14:24:37","date_gmt":"2024-01-17T17:24:37","guid":{"rendered":"https:\/\/pc.sc.gov.br\/?p=16579"},"modified":"2024-01-17T14:25:39","modified_gmt":"2024-01-17T17:25:39","slug":"acao-conjunta-entre-as-delegacias-de-ascurra-e-timbo-resulta-na-prisao-de-investigado-por-trafico-de-drogas","status":"publish","type":"post","link":"https:\/\/pc.sc.gov.br\/?p=16579","title":{"rendered":"A\u00e7\u00e3o conjunta entre as delegacias de Ascurra e Timb\u00f3 resulta na pris\u00e3o de investigado por tr\u00e1fico de drogas"},"content":{"rendered":"\t\t<div data-elementor-type=\"wp-post\" data-elementor-id=\"16579\" class=\"elementor elementor-16579\" data-elementor-post-type=\"post\">\n\t\t\t\t\t\t<section class=\"elementor-section elementor-top-section elementor-element elementor-element-510f789 elementor-section-boxed elementor-section-height-default elementor-section-height-default\" data-id=\"510f789\" data-element_type=\"section\">\n\t\t\t\t\t\t<div class=\"elementor-container elementor-column-gap-default\">\n\t\t\t\t\t<div class=\"elementor-column elementor-col-100 elementor-top-column elementor-element elementor-element-398ebe3\" data-id=\"398ebe3\" data-element_type=\"column\">\n\t\t\t<div class=\"elementor-widget-wrap elementor-element-populated\">\n\t\t\t\t\t\t<div class=\"elementor-element elementor-element-440fac9 elementor-widget elementor-widget-heading\" data-id=\"440fac9\" data-element_type=\"widget\" data-widget_type=\"heading.default\">\n\t\t\t\t<div class=\"elementor-widget-container\">\n\t\t\t\t\t<h2 class=\"elementor-heading-title elementor-size-default\">A\u00e7\u00e3o conjunta entre as delegacias de Ascurra e Timb\u00f3 resulta na pris\u00e3o de homem investigado por tr\u00e1fico de drogas<\/h2>\t\t\t\t<\/div>\n\t\t\t\t<\/div>\n\t\t\t\t\t<\/div>\n\t\t<\/div>\n\t\t\t\t\t<\/div>\n\t\t<\/section>\n\t\t\t\t<section class=\"elementor-section elementor-top-section elementor-element elementor-element-e81bb0b elementor-section-boxed elementor-section-height-default elementor-section-height-default\" data-id=\"e81bb0b\" data-element_type=\"section\">\n\t\t\t\t\t\t<div class=\"elementor-container elementor-column-gap-default\">\n\t\t\t\t\t<div class=\"elementor-column elementor-col-100 elementor-top-column elementor-element elementor-element-8c51172\" data-id=\"8c51172\" data-element_type=\"column\">\n\t\t\t<div class=\"elementor-widget-wrap elementor-element-populated\">\n\t\t\t\t\t\t<div class=\"elementor-element elementor-element-6b61a47 elementor-widget elementor-widget-image\" data-id=\"6b61a47\" data-element_type=\"widget\" data-widget_type=\"image.default\">\n\t\t\t\t<div class=\"elementor-widget-container\">\n\t\t\t\t\t\t\t\t\t\t\t\t\t\t\t<img fetchpriority=\"high\" decoding=\"async\" width=\"696\" height=\"710\" src=\"https:\/\/pc.sc.gov.br\/\/wp-content\/uploads\/2024\/01\/05c9c6fe-2581-4886-9711-82be34f3d0ab-fotor-20240117141236.jpg\" class=\"attachment-large size-large wp-image-16580\" alt=\"\" srcset=\"https:\/\/pc.sc.gov.br\/\/wp-content\/uploads\/2024\/01\/05c9c6fe-2581-4886-9711-82be34f3d0ab-fotor-20240117141236.jpg 878w, https:\/\/pc.sc.gov.br\/\/wp-content\/uploads\/2024\/01\/05c9c6fe-2581-4886-9711-82be34f3d0ab-fotor-20240117141236-294x300.jpg 294w, https:\/\/pc.sc.gov.br\/\/wp-content\/uploads\/2024\/01\/05c9c6fe-2581-4886-9711-82be34f3d0ab-fotor-20240117141236-768x784.jpg 768w\" sizes=\"(max-width: 696px) 100vw, 696px\" \/>\t\t\t\t\t\t\t\t\t\t\t\t\t\t\t<\/div>\n\t\t\t\t<\/div>\n\t\t\t\t\t<\/div>\n\t\t<\/div>\n\t\t\t\t\t<\/div>\n\t\t<\/section>\n\t\t\t\t<section class=\"elementor-section elementor-top-section elementor-element elementor-element-83c8065 elementor-section-boxed elementor-section-height-default elementor-section-height-default\" data-id=\"83c8065\" data-element_type=\"section\">\n\t\t\t\t\t\t<div class=\"elementor-container elementor-column-gap-default\">\n\t\t\t\t\t<div class=\"elementor-column elementor-col-100 elementor-top-column elementor-element elementor-element-87370af\" data-id=\"87370af\" data-element_type=\"column\">\n\t\t\t<div class=\"elementor-widget-wrap elementor-element-populated\">\n\t\t\t\t\t\t<div class=\"elementor-element elementor-element-80b2b97 elementor-widget elementor-widget-text-editor\" data-id=\"80b2b97\" data-element_type=\"widget\" data-widget_type=\"text-editor.default\">\n\t\t\t\t<div class=\"elementor-widget-container\">\n\t\t\t\t\t\t\t\t\t<p>A Pol\u00edcia Civil de Santa Catarina, por meio das delegacias de Ascurra e Timb\u00f3, na ter\u00e7a-feira (16), por volta das 12h30, localizou drogas em uma resid\u00eancia na cidade de Timb\u00f3, no bairro Padre Martin Stein.&nbsp;<span style=\"font-family: var( --e-global-typography-primary-font-family ), Sans-serif; font-size: var( --e-global-typography-primary-font-size ); font-weight: var( --e-global-typography-primary-font-weight ); letter-spacing: var( --e-global-typography-primary-letter-spacing );\">No im\u00f3vel utilizado pelo investigado foram encontrados os seguintes produtos il\u00edcitos: aproximadamente um quilo subst\u00e2ncia an\u00e1loga \u00e0 maconha (fracionada para ser comercializada) e 17 (dezessete) por\u00e7\u00f5es de subst\u00e2ncia an\u00e1loga \u00e0 coca\u00edna, com total de 36 gramas.<\/span><\/p>\n<p>No mesmo local foram encontradas tr\u00eas balan\u00e7as, sendo duas de precis\u00e3o, apetrechos para cortar e embalar as drogas; dois aparelhos celulares, dois canos de PVC utilizados para armazenar a droga e a quantia de R$ 231,00.<\/p>\n<p>A partir da a\u00e7\u00e3o policial, um homem foi preso em flagrante delito pelo crime de tr\u00e1fico de drogas, previsto no Art. 33 da Lei 11.343 de 2006 e foi encaminhado para a Delegacia da Pol\u00edcia Civil da Comarca de Timb\u00f3. De acordo com o delegado Wesley de Sousa Costa, o preso restou encaminhado ao Pres\u00eddio Regional de Blumenau onde ficar\u00e1 \u00e0 disposi\u00e7\u00e3o do Poder Judici\u00e1rio da Comarca de Timb\u00f3 e passar\u00e1 por audi\u00eancia de cust\u00f3dia, conforme determina\u00e7\u00e3o legal.<\/p>\n<div>&nbsp;<\/div>\t\t\t\t\t\t\t\t<\/div>\n\t\t\t\t<\/div>\n\t\t\t\t\t<\/div>\n\t\t<\/div>\n\t\t\t\t\t<\/div>\n\t\t<\/section>\n\t\t\t\t<\/div>\n\t\t","protected":false},"excerpt":{"rendered":"<p>A\u00e7\u00e3o conjunta entre as delegacias de Ascurra e Timb\u00f3 resulta na pris\u00e3o de homem investigado por tr\u00e1fico de drogas A Pol\u00edcia Civil de Santa Catarina, por meio das delegacias de Ascurra e Timb\u00f3, na ter\u00e7a-feira (16), por volta das 12h30, localizou drogas em uma resid\u00eancia na cidade de Timb\u00f3, no bairro Padre Martin Stein.&nbsp;No im\u00f3vel [&hellip;]<\/p>\n","protected":false},"author":5,"featured_media":16580,"comment_status":"closed","ping_status":"open","sticky":false,"template":"","format":"standard","meta":{"_monsterinsights_skip_tracking":false,"_monsterinsights_sitenote_active":false,"_monsterinsights_sitenote_note":"","_monsterinsights_sitenote_category":0,"footnotes":""},"categories":[1],"tags":[],"class_list":["post-16579","post","type-post","status-publish","format-standard","has-post-thumbnail","hentry","category-sem-categoria"],"_links":{"self":[{"href":"https:\/\/pc.sc.gov.br\/index.php?rest_route=\/wp\/v2\/posts\/16579","targetHints":{"allow":["GET"]}}],"collection":[{"href":"https:\/\/pc.sc.gov.br\/index.php?rest_route=\/wp\/v2\/posts"}],"about":[{"href":"https:\/\/pc.sc.gov.br\/index.php?rest_route=\/wp\/v2\/types\/post"}],"author":[{"embeddable":true,"href":"https:\/\/pc.sc.gov.br\/index.php?rest_route=\/wp\/v2\/users\/5"}],"replies":[{"embeddable":true,"href":"https:\/\/pc.sc.gov.br\/index.php?rest_route=%2Fwp%2Fv2%2Fcomments&post=16579"}],"version-history":[{"count":4,"href":"https:\/\/pc.sc.gov.br\/index.php?rest_route=\/wp\/v2\/posts\/16579\/revisions"}],"predecessor-version":[{"id":16584,"href":"https:\/\/pc.sc.gov.br\/index.php?rest_route=\/wp\/v2\/posts\/16579\/revisions\/16584"}],"wp:featuredmedia":[{"embeddable":true,"href":"https:\/\/pc.sc.gov.br\/index.php?rest_route=\/wp\/v2\/media\/16580"}],"wp:attachment":[{"href":"https:\/\/pc.sc.gov.br\/index.php?rest_route=%2Fwp%2Fv2%2Fmedia&parent=16579"}],"wp:term":[{"taxonomy":"category","embeddable":true,"href":"https:\/\/pc.sc.gov.br\/index.php?rest_route=%2Fwp%2Fv2%2Fcategories&post=16579"},{"taxonomy":"post_tag","embeddable":true,"href":"https:\/\/pc.sc.gov.br\/index.php?rest_route=%2Fwp%2Fv2%2Ftags&post=16579"}],"curies":[{"name":"wp","href":"https:\/\/api.w.org\/{rel}","templated":true}]}}