{"id":16591,"date":"2024-01-17T16:12:59","date_gmt":"2024-01-17T19:12:59","guid":{"rendered":"https:\/\/pc.sc.gov.br\/?p=16591"},"modified":"2024-01-17T16:17:26","modified_gmt":"2024-01-17T19:17:26","slug":"policia-civil-de-xanxere-com-apoio-da-policia-militar-cumpre-mandado-de-prisao-definitiva-de-homem-condenado-por-trafico-de-drogas","status":"publish","type":"post","link":"https:\/\/pc.sc.gov.br\/?p=16591","title":{"rendered":"Pol\u00edcia Civil de Xanxer\u00ea, com apoio da Pol\u00edcia Militar, cumpre mandado de pris\u00e3o definitiva de homem condenado por tr\u00e1fico de drogas"},"content":{"rendered":"\t\t<div data-elementor-type=\"wp-post\" data-elementor-id=\"16591\" class=\"elementor elementor-16591\" data-elementor-post-type=\"post\">\n\t\t\t\t\t\t<section class=\"elementor-section elementor-top-section elementor-element elementor-element-293f3e3 elementor-section-boxed elementor-section-height-default elementor-section-height-default\" data-id=\"293f3e3\" data-element_type=\"section\">\n\t\t\t\t\t\t<div class=\"elementor-container elementor-column-gap-default\">\n\t\t\t\t\t<div class=\"elementor-column elementor-col-100 elementor-top-column elementor-element elementor-element-98aff3b\" data-id=\"98aff3b\" data-element_type=\"column\">\n\t\t\t<div class=\"elementor-widget-wrap elementor-element-populated\">\n\t\t\t\t\t\t<div class=\"elementor-element elementor-element-aa80995 elementor-widget elementor-widget-heading\" data-id=\"aa80995\" data-element_type=\"widget\" data-widget_type=\"heading.default\">\n\t\t\t\t<div class=\"elementor-widget-container\">\n\t\t\t\t\t<h2 class=\"elementor-heading-title elementor-size-default\">Pol\u00edcia Civil de Xanxer\u00ea, com apoio da Pol\u00edcia Militar, cumpre mandado de pris\u00e3o definitiva de homem condenado por tr\u00e1fico de drogas<\/h2>\t\t\t\t<\/div>\n\t\t\t\t<\/div>\n\t\t\t\t\t<\/div>\n\t\t<\/div>\n\t\t\t\t\t<\/div>\n\t\t<\/section>\n\t\t\t\t<section class=\"elementor-section elementor-top-section elementor-element elementor-element-3dc51c1 elementor-section-boxed elementor-section-height-default elementor-section-height-default\" data-id=\"3dc51c1\" data-element_type=\"section\">\n\t\t\t\t\t\t<div class=\"elementor-container elementor-column-gap-default\">\n\t\t\t\t\t<div class=\"elementor-column elementor-col-100 elementor-top-column elementor-element elementor-element-33cf152\" data-id=\"33cf152\" data-element_type=\"column\">\n\t\t\t<div class=\"elementor-widget-wrap elementor-element-populated\">\n\t\t\t\t\t\t<div class=\"elementor-element elementor-element-50458f6 elementor-widget elementor-widget-image\" data-id=\"50458f6\" data-element_type=\"widget\" data-widget_type=\"image.default\">\n\t\t\t\t<div class=\"elementor-widget-container\">\n\t\t\t\t\t\t\t\t\t\t\t\t\t\t\t<img fetchpriority=\"high\" decoding=\"async\" width=\"696\" height=\"423\" src=\"https:\/\/pc.sc.gov.br\/\/wp-content\/uploads\/2024\/01\/02eb5103-8c55-4a07-bfa4-1fe215d44894-fotor-2024011716746.jpg\" class=\"attachment-large size-large wp-image-16592\" alt=\"\" srcset=\"https:\/\/pc.sc.gov.br\/\/wp-content\/uploads\/2024\/01\/02eb5103-8c55-4a07-bfa4-1fe215d44894-fotor-2024011716746.jpg 763w, https:\/\/pc.sc.gov.br\/\/wp-content\/uploads\/2024\/01\/02eb5103-8c55-4a07-bfa4-1fe215d44894-fotor-2024011716746-300x182.jpg 300w\" sizes=\"(max-width: 696px) 100vw, 696px\" \/>\t\t\t\t\t\t\t\t\t\t\t\t\t\t\t<\/div>\n\t\t\t\t<\/div>\n\t\t\t\t\t<\/div>\n\t\t<\/div>\n\t\t\t\t\t<\/div>\n\t\t<\/section>\n\t\t\t\t<section class=\"elementor-section elementor-top-section elementor-element elementor-element-29f7410 elementor-section-boxed elementor-section-height-default elementor-section-height-default\" data-id=\"29f7410\" data-element_type=\"section\">\n\t\t\t\t\t\t<div class=\"elementor-container elementor-column-gap-default\">\n\t\t\t\t\t<div class=\"elementor-column elementor-col-100 elementor-top-column elementor-element elementor-element-e4499e1\" data-id=\"e4499e1\" data-element_type=\"column\">\n\t\t\t<div class=\"elementor-widget-wrap elementor-element-populated\">\n\t\t\t\t\t\t<div class=\"elementor-element elementor-element-1389c9b elementor-widget elementor-widget-text-editor\" data-id=\"1389c9b\" data-element_type=\"widget\" data-widget_type=\"text-editor.default\">\n\t\t\t\t<div class=\"elementor-widget-container\">\n\t\t\t\t\t\t\t\t\t<p class=\"MsoNormal\">A Pol\u00edcia Civil de Santa Catarina, por meio da Divis\u00e3o de Investiga\u00e7\u00e3o Criminal de Xanxer\u00ea, com apoio do Setor de Investiga\u00e7\u00e3o da Delegacia da Comarca e da Pol\u00edcia Militar de Xanxer\u00ea, cumpriu na ter\u00e7a-feira (16) um mandado de pris\u00e3o definitiva pelo crime de tr\u00e1fico de drogas em desfavor de um homem.<\/p>\n<p class=\"MsoNormal\">O referido foi condenado pelo Poder Judici\u00e1rio da Comarca de Xanxer\u00ea a oito anos e nove meses de reclus\u00e3o. Durante as dilig\u00eancias para localiz\u00e1-lo no bairro Vila Uni\u00e3o, o homem fugiu dos policiais e, ap\u00f3s persegui\u00e7\u00e3o, foi capturado, conduzido at\u00e9 a Delegacia de Pol\u00edcia para procedimentos legais e ap\u00f3s, encaminhado ao Pres\u00eddio Regional de Xanxer\u00ea.&nbsp;<span style=\"font-family: var( --e-global-typography-primary-font-family ), Sans-serif; font-size: var( --e-global-typography-primary-font-size ); font-weight: var( --e-global-typography-primary-font-weight ); letter-spacing: var( --e-global-typography-primary-letter-spacing );\">Os fatos que ensejaram a condena\u00e7\u00e3o ocorreram em abril de 2023, ap\u00f3s o homem ser flagrado com subst\u00e2ncias entorpecentes fracionadas&nbsp;para&nbsp;venda.<\/span><\/p>\t\t\t\t\t\t\t\t<\/div>\n\t\t\t\t<\/div>\n\t\t\t\t\t<\/div>\n\t\t<\/div>\n\t\t\t\t\t<\/div>\n\t\t<\/section>\n\t\t\t\t<\/div>\n\t\t","protected":false},"excerpt":{"rendered":"<p>Pol\u00edcia Civil de Xanxer\u00ea, com apoio da Pol\u00edcia Militar, cumpre mandado de pris\u00e3o definitiva de homem condenado por tr\u00e1fico de drogas A Pol\u00edcia Civil de Santa Catarina, por meio da Divis\u00e3o de Investiga\u00e7\u00e3o Criminal de Xanxer\u00ea, com apoio do Setor de Investiga\u00e7\u00e3o da Delegacia da Comarca e da Pol\u00edcia Militar de Xanxer\u00ea, cumpriu na ter\u00e7a-feira [&hellip;]<\/p>\n","protected":false},"author":5,"featured_media":16592,"comment_status":"closed","ping_status":"open","sticky":false,"template":"","format":"standard","meta":{"_monsterinsights_skip_tracking":false,"_monsterinsights_sitenote_active":false,"_monsterinsights_sitenote_note":"","_monsterinsights_sitenote_category":0,"footnotes":""},"categories":[1],"tags":[],"class_list":["post-16591","post","type-post","status-publish","format-standard","has-post-thumbnail","hentry","category-sem-categoria"],"_links":{"self":[{"href":"https:\/\/pc.sc.gov.br\/index.php?rest_route=\/wp\/v2\/posts\/16591","targetHints":{"allow":["GET"]}}],"collection":[{"href":"https:\/\/pc.sc.gov.br\/index.php?rest_route=\/wp\/v2\/posts"}],"about":[{"href":"https:\/\/pc.sc.gov.br\/index.php?rest_route=\/wp\/v2\/types\/post"}],"author":[{"embeddable":true,"href":"https:\/\/pc.sc.gov.br\/index.php?rest_route=\/wp\/v2\/users\/5"}],"replies":[{"embeddable":true,"href":"https:\/\/pc.sc.gov.br\/index.php?rest_route=%2Fwp%2Fv2%2Fcomments&post=16591"}],"version-history":[{"count":3,"href":"https:\/\/pc.sc.gov.br\/index.php?rest_route=\/wp\/v2\/posts\/16591\/revisions"}],"predecessor-version":[{"id":16595,"href":"https:\/\/pc.sc.gov.br\/index.php?rest_route=\/wp\/v2\/posts\/16591\/revisions\/16595"}],"wp:featuredmedia":[{"embeddable":true,"href":"https:\/\/pc.sc.gov.br\/index.php?rest_route=\/wp\/v2\/media\/16592"}],"wp:attachment":[{"href":"https:\/\/pc.sc.gov.br\/index.php?rest_route=%2Fwp%2Fv2%2Fmedia&parent=16591"}],"wp:term":[{"taxonomy":"category","embeddable":true,"href":"https:\/\/pc.sc.gov.br\/index.php?rest_route=%2Fwp%2Fv2%2Fcategories&post=16591"},{"taxonomy":"post_tag","embeddable":true,"href":"https:\/\/pc.sc.gov.br\/index.php?rest_route=%2Fwp%2Fv2%2Ftags&post=16591"}],"curies":[{"name":"wp","href":"https:\/\/api.w.org\/{rel}","templated":true}]}}