{"id":16627,"date":"2024-01-18T14:28:54","date_gmt":"2024-01-18T17:28:54","guid":{"rendered":"https:\/\/pc.sc.gov.br\/?p=16627"},"modified":"2024-01-18T14:30:46","modified_gmt":"2024-01-18T17:30:46","slug":"policia-civil-deflagra-operacao-pressagio-em-florianopolis-brasilia-e-porto-velho","status":"publish","type":"post","link":"https:\/\/pc.sc.gov.br\/?p=16627","title":{"rendered":"Pol\u00edcia Civil deflagra opera\u00e7\u00e3o \u201cPress\u00e1gio\u201d em Florian\u00f3polis, Bras\u00edlia e Porto Velho"},"content":{"rendered":"\t\t<div data-elementor-type=\"wp-post\" data-elementor-id=\"16627\" class=\"elementor elementor-16627\" data-elementor-post-type=\"post\">\n\t\t\t\t\t\t<section class=\"elementor-section elementor-top-section elementor-element elementor-element-6f2554b elementor-section-boxed elementor-section-height-default elementor-section-height-default\" data-id=\"6f2554b\" data-element_type=\"section\">\n\t\t\t\t\t\t<div class=\"elementor-container elementor-column-gap-default\">\n\t\t\t\t\t<div class=\"elementor-column elementor-col-100 elementor-top-column elementor-element elementor-element-4c6154c\" data-id=\"4c6154c\" data-element_type=\"column\">\n\t\t\t<div class=\"elementor-widget-wrap elementor-element-populated\">\n\t\t\t\t\t\t<div class=\"elementor-element elementor-element-87f22e2 elementor-widget elementor-widget-heading\" data-id=\"87f22e2\" data-element_type=\"widget\" data-widget_type=\"heading.default\">\n\t\t\t\t<div class=\"elementor-widget-container\">\n\t\t\t\t\t<h2 class=\"elementor-heading-title elementor-size-default\">Pol\u00edcia Civil deflagra opera\u00e7\u00e3o \u201cPress\u00e1gio\u201d em Florian\u00f3polis, Bras\u00edlia e Porto Velho<\/h2>\t\t\t\t<\/div>\n\t\t\t\t<\/div>\n\t\t\t\t\t<\/div>\n\t\t<\/div>\n\t\t\t\t\t<\/div>\n\t\t<\/section>\n\t\t\t\t<section class=\"elementor-section elementor-top-section elementor-element elementor-element-482c056 elementor-section-boxed elementor-section-height-default elementor-section-height-default\" data-id=\"482c056\" data-element_type=\"section\">\n\t\t\t\t\t\t<div class=\"elementor-container elementor-column-gap-default\">\n\t\t\t\t\t<div class=\"elementor-column elementor-col-100 elementor-top-column elementor-element elementor-element-cdef4df\" data-id=\"cdef4df\" data-element_type=\"column\">\n\t\t\t<div class=\"elementor-widget-wrap elementor-element-populated\">\n\t\t\t\t\t\t<div class=\"elementor-element elementor-element-4548286 elementor-widget elementor-widget-image\" data-id=\"4548286\" data-element_type=\"widget\" data-widget_type=\"image.default\">\n\t\t\t\t<div class=\"elementor-widget-container\">\n\t\t\t\t\t\t\t\t\t\t\t\t\t\t\t<img fetchpriority=\"high\" decoding=\"async\" width=\"696\" height=\"519\" src=\"https:\/\/pc.sc.gov.br\/\/wp-content\/uploads\/2024\/01\/66d2b6ea-04bd-4586-b85e-741ee95cdc82-fotor-20240118142754.jpg\" class=\"attachment-large size-large wp-image-16628\" alt=\"\" srcset=\"https:\/\/pc.sc.gov.br\/\/wp-content\/uploads\/2024\/01\/66d2b6ea-04bd-4586-b85e-741ee95cdc82-fotor-20240118142754.jpg 936w, https:\/\/pc.sc.gov.br\/\/wp-content\/uploads\/2024\/01\/66d2b6ea-04bd-4586-b85e-741ee95cdc82-fotor-20240118142754-300x224.jpg 300w, https:\/\/pc.sc.gov.br\/\/wp-content\/uploads\/2024\/01\/66d2b6ea-04bd-4586-b85e-741ee95cdc82-fotor-20240118142754-768x573.jpg 768w\" sizes=\"(max-width: 696px) 100vw, 696px\" \/>\t\t\t\t\t\t\t\t\t\t\t\t\t\t\t<\/div>\n\t\t\t\t<\/div>\n\t\t\t\t\t<\/div>\n\t\t<\/div>\n\t\t\t\t\t<\/div>\n\t\t<\/section>\n\t\t\t\t<section class=\"elementor-section elementor-top-section elementor-element elementor-element-5ca9542 elementor-section-boxed elementor-section-height-default elementor-section-height-default\" data-id=\"5ca9542\" data-element_type=\"section\">\n\t\t\t\t\t\t<div class=\"elementor-container elementor-column-gap-default\">\n\t\t\t\t\t<div class=\"elementor-column elementor-col-100 elementor-top-column elementor-element elementor-element-4e51e9b\" data-id=\"4e51e9b\" data-element_type=\"column\">\n\t\t\t<div class=\"elementor-widget-wrap elementor-element-populated\">\n\t\t\t\t\t\t<div class=\"elementor-element elementor-element-3d6c19d elementor-widget elementor-widget-text-editor\" data-id=\"3d6c19d\" data-element_type=\"widget\" data-widget_type=\"text-editor.default\">\n\t\t\t\t<div class=\"elementor-widget-container\">\n\t\t\t\t\t\t\t\t\t<p>A Pol\u00edcia Civil de Santa Catarina,&nbsp; por meio da Delegacia de Investiga\u00e7\u00e3o de Crimes Ambientais e Crimes contra Rela\u00e7\u00f5es de Consumo (DCA\/DEIC)deflagrou, nesta quinta-feira (18), a opera\u00e7\u00e3o \u201cPress\u00e1gio\u201d com o cumprimento de 24 mandados de busca e apreens\u00e3o nas cidades de Florian\u00f3polis, Bras\u00edlia e Porto Velho (RO), al\u00e9m de quatro ordens de Afastamento de Cargo P\u00fablico, de servidores comissionados do munic\u00edpio de Florian\u00f3polis. As buscas foram realizadas nas resid\u00eancias dos investigados e em seus locais de trabalho. Nos locais, foram apreendidos aparelhos eletr\u00f4nicos, especialmente telefones celulares e documentos relacionados aos fatos sob investiga\u00e7\u00e3o.<\/p>\n<p>A opera\u00e7\u00e3o Press\u00e1gio visa apurar a suposta pr\u00e1tica de crime ambiental de polui\u00e7\u00e3o, fraude \u00e0 licita\u00e7\u00e3o, corrup\u00e7\u00e3o passiva, corrup\u00e7\u00e3o ativa, associa\u00e7\u00e3o criminosa e lavagem de dinheiro, perpetrados, em tese, por agentes p\u00fablicos em conluio com particulares.<\/p>\n<p>A investiga\u00e7\u00e3o iniciou em meados de janeiro de 2021, em virtude do crime ambiental de polui\u00e7\u00e3o que estaria ocorrendo em um terreno, adjacente \u00e0 Passarela Nego Quirido, quando, foi constatado que uma empresa terceirizada, contratada para realizar a coleta de lixo, durante a greve da COMCAP, estava realizando o transbordo de res\u00edduos no local, de forma totalmente inapropriada, h\u00e1 poucos metros da Ba\u00eda Sul, na regi\u00e3o central da Capital do Estado.<\/p>\n<p>A opera\u00e7\u00e3o policial foi intitulada \u201cPress\u00e1gio\u201d em raz\u00e3o da forma duvidosa que a empresa firmou contrato com o munic\u00edpio de Florian\u00f3polis, demonstrando prever acontecimentos futuros.<\/p>\n<p>A empresa, com sede em Porto Velho (RO), foi contratada, de forma emergencial, sem&nbsp; processo licitat\u00f3rio, em raz\u00e3o da greve da COMCAP decretada em 20\/01\/2021. Ocorre que, buscas em fontes abertas revelaram que a empresa j\u00e1 havia anunciado em sua rede social na data de 29\/12\/2020, que estava contratando pessoal para trabalhar em Florian\u00f3polis, vagas de trabalho relacionadas \u00e0 coleta de res\u00edduos, como \u201ccoletor de res\u00edduos urbanos\u201d. Ainda, constatou-se que a empresa assinou o contrato com a municipalidade no dia 19\/01\/2021, um dia antes da decreta\u00e7\u00e3o da greve.&nbsp;<\/p>\n<p>Segundo apurado, os investigados, supostamente orquestraram um esquema il\u00edcito para contratar a empresa terceirizada durante a greve da COMCAP. Entretanto, mesmo ap\u00f3s o t\u00e9rmino da greve da autarquia, a empresa terceirizada permaneceu realizando os servi\u00e7os de coleta, por, aproximadamente dois anos, sem a devida licita\u00e7\u00e3o. A greve da COMCAP teve dura\u00e7\u00e3o de 10 dias e o contrato vigorou por 17 meses.<\/p>\n<p>No decorrer da investiga\u00e7\u00e3o apurou-se outros arranjos supostamente il\u00edcitos, envolvendo repasses de valores de uma Secretaria Municipal, por meio de contratos de fomento, para uma institui\u00e7\u00e3o n\u00e3o governamental.&nbsp;<\/p>\n<p>Participaram da opera\u00e7\u00e3o 80 policiais civis das diversas delegacias especializadas da DEIC &#8211; Diretoria Estadual de Investiga\u00e7\u00e3o Criminal, DIC de Palho\u00e7a, DIC S\u00e3o Jos\u00e9, Policiais Civis de Bras\u00edlia e de Porto Velho\/RO. Ademais, a opera\u00e7\u00e3o contou com o acompanhamento da Comiss\u00e3o de Prerrogativas da OAB \u2013 Subse\u00e7\u00e3o de Florian\u00f3polis\/SC. A investiga\u00e7\u00e3o est\u00e1 sob sigilo e outras informa\u00e7\u00f5es ser\u00e3o repassadas oportunamente.&nbsp;<span style=\"color: var( --e-global-color-text ); font-family: var( --e-global-typography-primary-font-family ), Sans-serif; font-size: var( --e-global-typography-primary-font-size ); font-weight: var( --e-global-typography-primary-font-weight ); letter-spacing: var( --e-global-typography-primary-letter-spacing );\">&nbsp;<\/span><\/p>\t\t\t\t\t\t\t\t<\/div>\n\t\t\t\t<\/div>\n\t\t\t\t\t<\/div>\n\t\t<\/div>\n\t\t\t\t\t<\/div>\n\t\t<\/section>\n\t\t\t\t<\/div>\n\t\t","protected":false},"excerpt":{"rendered":"<p>Pol\u00edcia Civil deflagra opera\u00e7\u00e3o \u201cPress\u00e1gio\u201d em Florian\u00f3polis, Bras\u00edlia e Porto Velho A Pol\u00edcia Civil de Santa Catarina,&nbsp; por meio da Delegacia de Investiga\u00e7\u00e3o de Crimes Ambientais e Crimes contra Rela\u00e7\u00f5es de Consumo (DCA\/DEIC)deflagrou, nesta quinta-feira (18), a opera\u00e7\u00e3o \u201cPress\u00e1gio\u201d com o cumprimento de 24 mandados de busca e apreens\u00e3o nas cidades de Florian\u00f3polis, Bras\u00edlia e [&hellip;]<\/p>\n","protected":false},"author":5,"featured_media":16628,"comment_status":"closed","ping_status":"open","sticky":false,"template":"","format":"standard","meta":{"_monsterinsights_skip_tracking":false,"_monsterinsights_sitenote_active":false,"_monsterinsights_sitenote_note":"","_monsterinsights_sitenote_category":0,"footnotes":""},"categories":[1],"tags":[],"class_list":["post-16627","post","type-post","status-publish","format-standard","has-post-thumbnail","hentry","category-sem-categoria"],"_links":{"self":[{"href":"https:\/\/pc.sc.gov.br\/index.php?rest_route=\/wp\/v2\/posts\/16627","targetHints":{"allow":["GET"]}}],"collection":[{"href":"https:\/\/pc.sc.gov.br\/index.php?rest_route=\/wp\/v2\/posts"}],"about":[{"href":"https:\/\/pc.sc.gov.br\/index.php?rest_route=\/wp\/v2\/types\/post"}],"author":[{"embeddable":true,"href":"https:\/\/pc.sc.gov.br\/index.php?rest_route=\/wp\/v2\/users\/5"}],"replies":[{"embeddable":true,"href":"https:\/\/pc.sc.gov.br\/index.php?rest_route=%2Fwp%2Fv2%2Fcomments&post=16627"}],"version-history":[{"count":4,"href":"https:\/\/pc.sc.gov.br\/index.php?rest_route=\/wp\/v2\/posts\/16627\/revisions"}],"predecessor-version":[{"id":16632,"href":"https:\/\/pc.sc.gov.br\/index.php?rest_route=\/wp\/v2\/posts\/16627\/revisions\/16632"}],"wp:featuredmedia":[{"embeddable":true,"href":"https:\/\/pc.sc.gov.br\/index.php?rest_route=\/wp\/v2\/media\/16628"}],"wp:attachment":[{"href":"https:\/\/pc.sc.gov.br\/index.php?rest_route=%2Fwp%2Fv2%2Fmedia&parent=16627"}],"wp:term":[{"taxonomy":"category","embeddable":true,"href":"https:\/\/pc.sc.gov.br\/index.php?rest_route=%2Fwp%2Fv2%2Fcategories&post=16627"},{"taxonomy":"post_tag","embeddable":true,"href":"https:\/\/pc.sc.gov.br\/index.php?rest_route=%2Fwp%2Fv2%2Ftags&post=16627"}],"curies":[{"name":"wp","href":"https:\/\/api.w.org\/{rel}","templated":true}]}}