{"id":16633,"date":"2024-01-18T15:01:16","date_gmt":"2024-01-18T18:01:16","guid":{"rendered":"https:\/\/pc.sc.gov.br\/?p=16633"},"modified":"2024-01-18T15:05:32","modified_gmt":"2024-01-18T18:05:32","slug":"dic-de-tubarao-prende-preventivamente-suspeito-de-pelo-menos-cinco-furtos-a-residencias-no-municipio","status":"publish","type":"post","link":"https:\/\/pc.sc.gov.br\/?p=16633","title":{"rendered":"DIC de Tubar\u00e3o prende preventivamente suspeito de pelo menos cinco furtos a resid\u00eancias no munic\u00edpio"},"content":{"rendered":"\t\t<div data-elementor-type=\"wp-post\" data-elementor-id=\"16633\" class=\"elementor elementor-16633\" data-elementor-post-type=\"post\">\n\t\t\t\t\t\t<section class=\"elementor-section elementor-top-section elementor-element elementor-element-a5419e4 elementor-section-boxed elementor-section-height-default elementor-section-height-default\" data-id=\"a5419e4\" data-element_type=\"section\">\n\t\t\t\t\t\t<div class=\"elementor-container elementor-column-gap-default\">\n\t\t\t\t\t<div class=\"elementor-column elementor-col-100 elementor-top-column elementor-element elementor-element-3de4892\" data-id=\"3de4892\" data-element_type=\"column\">\n\t\t\t<div class=\"elementor-widget-wrap elementor-element-populated\">\n\t\t\t\t\t\t<div class=\"elementor-element elementor-element-7c20e96 elementor-widget elementor-widget-heading\" data-id=\"7c20e96\" data-element_type=\"widget\" data-widget_type=\"heading.default\">\n\t\t\t\t<div class=\"elementor-widget-container\">\n\t\t\t\t\t<h2 class=\"elementor-heading-title elementor-size-default\">DIC de Tubar\u00e3o prende preventivamente suspeito de pelo menos cinco furtos a resid\u00eancias no munic\u00edpio<\/h2>\t\t\t\t<\/div>\n\t\t\t\t<\/div>\n\t\t\t\t\t<\/div>\n\t\t<\/div>\n\t\t\t\t\t<\/div>\n\t\t<\/section>\n\t\t\t\t<section class=\"elementor-section elementor-top-section elementor-element elementor-element-d8d7471 elementor-section-boxed elementor-section-height-default elementor-section-height-default\" data-id=\"d8d7471\" data-element_type=\"section\">\n\t\t\t\t\t\t<div class=\"elementor-container elementor-column-gap-default\">\n\t\t\t\t\t<div class=\"elementor-column elementor-col-100 elementor-top-column elementor-element elementor-element-607a852\" data-id=\"607a852\" data-element_type=\"column\">\n\t\t\t<div class=\"elementor-widget-wrap elementor-element-populated\">\n\t\t\t\t\t\t<div class=\"elementor-element elementor-element-68e9c42 elementor-widget elementor-widget-image\" data-id=\"68e9c42\" data-element_type=\"widget\" data-widget_type=\"image.default\">\n\t\t\t\t<div class=\"elementor-widget-container\">\n\t\t\t\t\t\t\t\t\t\t\t\t\t\t\t<img fetchpriority=\"high\" decoding=\"async\" width=\"602\" height=\"510\" src=\"https:\/\/pc.sc.gov.br\/\/wp-content\/uploads\/2024\/01\/WhatsApp-Image-2024-01-18-at-13.30.35.jpeg\" class=\"attachment-large size-large wp-image-16634\" alt=\"\" srcset=\"https:\/\/pc.sc.gov.br\/\/wp-content\/uploads\/2024\/01\/WhatsApp-Image-2024-01-18-at-13.30.35.jpeg 602w, https:\/\/pc.sc.gov.br\/\/wp-content\/uploads\/2024\/01\/WhatsApp-Image-2024-01-18-at-13.30.35-300x254.jpeg 300w\" sizes=\"(max-width: 602px) 100vw, 602px\" \/>\t\t\t\t\t\t\t\t\t\t\t\t\t\t\t<\/div>\n\t\t\t\t<\/div>\n\t\t\t\t\t<\/div>\n\t\t<\/div>\n\t\t\t\t\t<\/div>\n\t\t<\/section>\n\t\t\t\t<section class=\"elementor-section elementor-top-section elementor-element elementor-element-9ff33bf elementor-section-boxed elementor-section-height-default elementor-section-height-default\" data-id=\"9ff33bf\" data-element_type=\"section\">\n\t\t\t\t\t\t<div class=\"elementor-container elementor-column-gap-default\">\n\t\t\t\t\t<div class=\"elementor-column elementor-col-100 elementor-top-column elementor-element elementor-element-af959bb\" data-id=\"af959bb\" data-element_type=\"column\">\n\t\t\t<div class=\"elementor-widget-wrap elementor-element-populated\">\n\t\t\t\t\t\t<div class=\"elementor-element elementor-element-478b6e8 elementor-widget elementor-widget-text-editor\" data-id=\"478b6e8\" data-element_type=\"widget\" data-widget_type=\"text-editor.default\">\n\t\t\t\t<div class=\"elementor-widget-container\">\n\t\t\t\t\t\t\t\t\t<p>A Pol\u00edcia Civil de Santa Catarina, por meio da Divis\u00e3o de Investiga\u00e7\u00e3o Criminal (DIC) de Tubar\u00e3o tomou conhecimento de uma s\u00e9rie de furtos a resid\u00eancias situadas na cidade azul em que o autor, al\u00e9m de subtrair bens das v\u00edtimas, ao final defecava no local. Ap\u00f3s in\u00fameras dilig\u00eancias, identificou-se o autor como sendo um velho conhecido no meio policial, tendo sido preso por diversos outros furtos no ano passado.&nbsp;<\/p>\n<p>Um inqu\u00e9rito policial foi instaurado visando apurar o fato e, ap\u00f3s cerca de um m\u00eas de investiga\u00e7\u00f5es, logrou-se identificar o autor de diversos furtos ocorridos nos \u00faltimos meses como sendo um homem bastante conhecido no meio policial.&nbsp;<\/p>\n<p>Diante dos fatos e dos elementos probat\u00f3rios coletados at\u00e9 aquele momento, a autoridade policial representou pela pris\u00e3o preventiva do suspeito, pleito deferido pelo Ju\u00edzo da 1\u00ba Vara Criminal desta Comarca.<\/p>\n<p>No in\u00edcio da noite de quarta-feira (17), de posse do mandado de pris\u00e3o, uma equipe da DIC de Tubar\u00e3o logrou \u00eaxito em capturar o investigado em frente ao quartel do Ex\u00e9rcito Brasileiro situado \u00e0 Avenida Marcolino Martins Cabral. O suspeito foi encaminhado \u00e0 sede da DIC de Tubar\u00e3o e, ap\u00f3s os procedimentos de pol\u00edcia judici\u00e1ria, ele foi encaminhado ao Pres\u00eddio Regional de Tubar\u00e3o, onde permanecer\u00e1 \u00e0 disposi\u00e7\u00e3o do Poder Judici\u00e1rio.<span style=\"color: var( --e-global-color-text ); font-family: var( --e-global-typography-primary-font-family ), Sans-serif; font-size: var( --e-global-typography-primary-font-size ); font-weight: var( --e-global-typography-primary-font-weight ); letter-spacing: var( --e-global-typography-primary-letter-spacing );\">&nbsp;<\/span><\/p>\t\t\t\t\t\t\t\t<\/div>\n\t\t\t\t<\/div>\n\t\t\t\t\t<\/div>\n\t\t<\/div>\n\t\t\t\t\t<\/div>\n\t\t<\/section>\n\t\t\t\t<\/div>\n\t\t","protected":false},"excerpt":{"rendered":"<p>DIC de Tubar\u00e3o prende preventivamente suspeito de pelo menos cinco furtos a resid\u00eancias no munic\u00edpio A Pol\u00edcia Civil de Santa Catarina, por meio da Divis\u00e3o de Investiga\u00e7\u00e3o Criminal (DIC) de Tubar\u00e3o tomou conhecimento de uma s\u00e9rie de furtos a resid\u00eancias situadas na cidade azul em que o autor, al\u00e9m de subtrair bens das v\u00edtimas, ao [&hellip;]<\/p>\n","protected":false},"author":5,"featured_media":16634,"comment_status":"closed","ping_status":"open","sticky":false,"template":"","format":"standard","meta":{"_monsterinsights_skip_tracking":false,"_monsterinsights_sitenote_active":false,"_monsterinsights_sitenote_note":"","_monsterinsights_sitenote_category":0,"footnotes":""},"categories":[1],"tags":[],"class_list":["post-16633","post","type-post","status-publish","format-standard","has-post-thumbnail","hentry","category-sem-categoria"],"_links":{"self":[{"href":"https:\/\/pc.sc.gov.br\/index.php?rest_route=\/wp\/v2\/posts\/16633","targetHints":{"allow":["GET"]}}],"collection":[{"href":"https:\/\/pc.sc.gov.br\/index.php?rest_route=\/wp\/v2\/posts"}],"about":[{"href":"https:\/\/pc.sc.gov.br\/index.php?rest_route=\/wp\/v2\/types\/post"}],"author":[{"embeddable":true,"href":"https:\/\/pc.sc.gov.br\/index.php?rest_route=\/wp\/v2\/users\/5"}],"replies":[{"embeddable":true,"href":"https:\/\/pc.sc.gov.br\/index.php?rest_route=%2Fwp%2Fv2%2Fcomments&post=16633"}],"version-history":[{"count":6,"href":"https:\/\/pc.sc.gov.br\/index.php?rest_route=\/wp\/v2\/posts\/16633\/revisions"}],"predecessor-version":[{"id":16640,"href":"https:\/\/pc.sc.gov.br\/index.php?rest_route=\/wp\/v2\/posts\/16633\/revisions\/16640"}],"wp:featuredmedia":[{"embeddable":true,"href":"https:\/\/pc.sc.gov.br\/index.php?rest_route=\/wp\/v2\/media\/16634"}],"wp:attachment":[{"href":"https:\/\/pc.sc.gov.br\/index.php?rest_route=%2Fwp%2Fv2%2Fmedia&parent=16633"}],"wp:term":[{"taxonomy":"category","embeddable":true,"href":"https:\/\/pc.sc.gov.br\/index.php?rest_route=%2Fwp%2Fv2%2Fcategories&post=16633"},{"taxonomy":"post_tag","embeddable":true,"href":"https:\/\/pc.sc.gov.br\/index.php?rest_route=%2Fwp%2Fv2%2Ftags&post=16633"}],"curies":[{"name":"wp","href":"https:\/\/api.w.org\/{rel}","templated":true}]}}