{"id":16669,"date":"2024-01-18T18:03:35","date_gmt":"2024-01-18T21:03:35","guid":{"rendered":"https:\/\/pc.sc.gov.br\/?p=16669"},"modified":"2024-01-18T18:05:46","modified_gmt":"2024-01-18T21:05:46","slug":"em-criciuma-balanco-da-dic-aponta-queda-nos-casos-de-roubo-a-residencias-comercios-e-veiculos","status":"publish","type":"post","link":"https:\/\/pc.sc.gov.br\/?p=16669","title":{"rendered":"Em Crici\u00fama, balan\u00e7o da DIC aponta queda nos casos de roubo \u00e0 resid\u00eancias, com\u00e9rcios e ve\u00edculos"},"content":{"rendered":"\t\t<div data-elementor-type=\"wp-post\" data-elementor-id=\"16669\" class=\"elementor elementor-16669\" data-elementor-post-type=\"post\">\n\t\t\t\t\t\t<section class=\"elementor-section elementor-top-section elementor-element elementor-element-9d1292c elementor-section-boxed elementor-section-height-default elementor-section-height-default\" data-id=\"9d1292c\" data-element_type=\"section\">\n\t\t\t\t\t\t<div class=\"elementor-container elementor-column-gap-default\">\n\t\t\t\t\t<div class=\"elementor-column elementor-col-100 elementor-top-column elementor-element elementor-element-68a42b4\" data-id=\"68a42b4\" data-element_type=\"column\">\n\t\t\t<div class=\"elementor-widget-wrap elementor-element-populated\">\n\t\t\t\t\t\t<div class=\"elementor-element elementor-element-adf1d95 elementor-widget elementor-widget-heading\" data-id=\"adf1d95\" data-element_type=\"widget\" data-widget_type=\"heading.default\">\n\t\t\t\t<div class=\"elementor-widget-container\">\n\t\t\t\t\t<h2 class=\"elementor-heading-title elementor-size-default\">Em Crici\u00fama, balan\u00e7o da DIC aponta queda nos casos de roubo \u00e0 resid\u00eancias, com\u00e9rcios e ve\u00edculos<\/h2>\t\t\t\t<\/div>\n\t\t\t\t<\/div>\n\t\t\t\t\t<\/div>\n\t\t<\/div>\n\t\t\t\t\t<\/div>\n\t\t<\/section>\n\t\t\t\t<section class=\"elementor-section elementor-top-section elementor-element elementor-element-b7be7d3 elementor-section-boxed elementor-section-height-default elementor-section-height-default\" data-id=\"b7be7d3\" data-element_type=\"section\">\n\t\t\t\t\t\t<div class=\"elementor-container elementor-column-gap-default\">\n\t\t\t\t\t<div class=\"elementor-column elementor-col-100 elementor-top-column elementor-element elementor-element-f0648f8\" data-id=\"f0648f8\" data-element_type=\"column\">\n\t\t\t<div class=\"elementor-widget-wrap elementor-element-populated\">\n\t\t\t\t\t\t<div class=\"elementor-element elementor-element-1c1df4a elementor-widget elementor-widget-image\" data-id=\"1c1df4a\" data-element_type=\"widget\" data-widget_type=\"image.default\">\n\t\t\t\t<div class=\"elementor-widget-container\">\n\t\t\t\t\t\t\t\t\t\t\t\t\t\t\t<img fetchpriority=\"high\" decoding=\"async\" width=\"696\" height=\"396\" src=\"https:\/\/pc.sc.gov.br\/\/wp-content\/uploads\/2024\/01\/WhatsApp-Image-2024-01-18-at-17.23.37-1024x582.jpeg\" class=\"attachment-large size-large wp-image-16661\" alt=\"\" srcset=\"https:\/\/pc.sc.gov.br\/\/wp-content\/uploads\/2024\/01\/WhatsApp-Image-2024-01-18-at-17.23.37-1024x582.jpeg 1024w, https:\/\/pc.sc.gov.br\/\/wp-content\/uploads\/2024\/01\/WhatsApp-Image-2024-01-18-at-17.23.37-300x171.jpeg 300w, https:\/\/pc.sc.gov.br\/\/wp-content\/uploads\/2024\/01\/WhatsApp-Image-2024-01-18-at-17.23.37-768x437.jpeg 768w, https:\/\/pc.sc.gov.br\/\/wp-content\/uploads\/2024\/01\/WhatsApp-Image-2024-01-18-at-17.23.37.jpeg 1500w\" sizes=\"(max-width: 696px) 100vw, 696px\" \/>\t\t\t\t\t\t\t\t\t\t\t\t\t\t\t<\/div>\n\t\t\t\t<\/div>\n\t\t\t\t\t<\/div>\n\t\t<\/div>\n\t\t\t\t\t<\/div>\n\t\t<\/section>\n\t\t\t\t<section class=\"elementor-section elementor-top-section elementor-element elementor-element-7f5c437 elementor-section-boxed elementor-section-height-default elementor-section-height-default\" data-id=\"7f5c437\" data-element_type=\"section\">\n\t\t\t\t\t\t<div class=\"elementor-container elementor-column-gap-default\">\n\t\t\t\t\t<div class=\"elementor-column elementor-col-100 elementor-top-column elementor-element elementor-element-78d3adf\" data-id=\"78d3adf\" data-element_type=\"column\">\n\t\t\t<div class=\"elementor-widget-wrap elementor-element-populated\">\n\t\t\t\t\t\t<div class=\"elementor-element elementor-element-f5b9ed3 elementor-widget elementor-widget-text-editor\" data-id=\"f5b9ed3\" data-element_type=\"widget\" data-widget_type=\"text-editor.default\">\n\t\t\t\t<div class=\"elementor-widget-container\">\n\t\t\t\t\t\t\t\t\t<p>A Divis\u00e3o de Investiga\u00e7\u00e3o Criminal (DIC) de Crici\u00fama realizou an\u00e1lise das ocorr\u00eancias de roubos em Crici\u00fama ao longo de 2023 e os dados demonstram queda 8,03% nos registros totais de roubos consumados na cidade. Os roubos em resid\u00eancias recuaram 25%, enquanto os roubos em com\u00e9rcios diminu\u00edram 14,29%. Os delitos de furtos\/roubos de ve\u00edculos apresentaram retra\u00e7\u00e3o de 7,50%.\u00a0 Os dados comparativos compreendem o per\u00edodo de 01\/01\/2022 a 31\/12\/2022 e 01\/01\/2023 a 31\/12\/2023.<\/p><p>A tend\u00eancia de recuo se mant\u00e9m acentuada neste in\u00edcio de 2024. Nos primeiros 17 dias de janeiro, comparado com igual per\u00edodo do ano passado, os roubos consumados em Crici\u00fama apontam queda de 78,13%, enquanto roubos em resid\u00eancias reduziram pela metade, cerca de 50% e, em via p\u00fablica, ca\u00edram 62,50%. Os furtos\/roubos de ve\u00edculos diminu\u00edram 63,64%.<\/p><p>As investiga\u00e7\u00f5es de roubos em Crici\u00fama s\u00e3o realizadas pela Divis\u00e3o de Roubos (DRR\/DIC Crici\u00fama). Em 2023, ap\u00f3s investiga\u00e7\u00f5es policiais, 82 pessoas foram indiciadas por roubos e\/ou extors\u00f5es na cidade, sendo formalizados 55 pedidos de pris\u00f5es pela Pol\u00edcia Civil nestes crimes.\u00a0<\/p><p>Os n\u00fameros positivos s\u00e3o resultado de desempenho integrado da Pol\u00edcia Civil com demais for\u00e7as de seguran\u00e7a, incluindo Pol\u00edcia Militar, Pol\u00edcia Cient\u00edfica, Pol\u00edcia Penal, Pol\u00edcia Rodovi\u00e1ria Federal e Pol\u00edcia Federal, al\u00e9m das r\u00e1pidas atua\u00e7\u00f5es do Minist\u00e9rio P\u00fablico e Poder Judici\u00e1rio. Dados estat\u00edsticos pela Ger\u00eancia de Contraintelig\u00eancia e Estat\u00edstica, da Diretoria de Intelig\u00eancia da Pol\u00edcia Civil (DINT\/PCSC).<\/p>\t\t\t\t\t\t\t\t<\/div>\n\t\t\t\t<\/div>\n\t\t\t\t\t<\/div>\n\t\t<\/div>\n\t\t\t\t\t<\/div>\n\t\t<\/section>\n\t\t\t\t<\/div>\n\t\t","protected":false},"excerpt":{"rendered":"<p>Em Crici\u00fama, balan\u00e7o da DIC aponta queda nos casos de roubo \u00e0 resid\u00eancias, com\u00e9rcios e ve\u00edculos A Divis\u00e3o de Investiga\u00e7\u00e3o Criminal (DIC) de Crici\u00fama realizou an\u00e1lise das ocorr\u00eancias de roubos em Crici\u00fama ao longo de 2023 e os dados demonstram queda 8,03% nos registros totais de roubos consumados na cidade. Os roubos em resid\u00eancias recuaram [&hellip;]<\/p>\n","protected":false},"author":5,"featured_media":16661,"comment_status":"closed","ping_status":"open","sticky":false,"template":"","format":"standard","meta":{"_monsterinsights_skip_tracking":false,"_monsterinsights_sitenote_active":false,"_monsterinsights_sitenote_note":"","_monsterinsights_sitenote_category":0,"footnotes":""},"categories":[1],"tags":[],"class_list":["post-16669","post","type-post","status-publish","format-standard","has-post-thumbnail","hentry","category-sem-categoria"],"_links":{"self":[{"href":"https:\/\/pc.sc.gov.br\/index.php?rest_route=\/wp\/v2\/posts\/16669","targetHints":{"allow":["GET"]}}],"collection":[{"href":"https:\/\/pc.sc.gov.br\/index.php?rest_route=\/wp\/v2\/posts"}],"about":[{"href":"https:\/\/pc.sc.gov.br\/index.php?rest_route=\/wp\/v2\/types\/post"}],"author":[{"embeddable":true,"href":"https:\/\/pc.sc.gov.br\/index.php?rest_route=\/wp\/v2\/users\/5"}],"replies":[{"embeddable":true,"href":"https:\/\/pc.sc.gov.br\/index.php?rest_route=%2Fwp%2Fv2%2Fcomments&post=16669"}],"version-history":[{"count":7,"href":"https:\/\/pc.sc.gov.br\/index.php?rest_route=\/wp\/v2\/posts\/16669\/revisions"}],"predecessor-version":[{"id":16676,"href":"https:\/\/pc.sc.gov.br\/index.php?rest_route=\/wp\/v2\/posts\/16669\/revisions\/16676"}],"wp:featuredmedia":[{"embeddable":true,"href":"https:\/\/pc.sc.gov.br\/index.php?rest_route=\/wp\/v2\/media\/16661"}],"wp:attachment":[{"href":"https:\/\/pc.sc.gov.br\/index.php?rest_route=%2Fwp%2Fv2%2Fmedia&parent=16669"}],"wp:term":[{"taxonomy":"category","embeddable":true,"href":"https:\/\/pc.sc.gov.br\/index.php?rest_route=%2Fwp%2Fv2%2Fcategories&post=16669"},{"taxonomy":"post_tag","embeddable":true,"href":"https:\/\/pc.sc.gov.br\/index.php?rest_route=%2Fwp%2Fv2%2Ftags&post=16669"}],"curies":[{"name":"wp","href":"https:\/\/api.w.org\/{rel}","templated":true}]}}