{"id":16677,"date":"2024-01-19T13:22:47","date_gmt":"2024-01-19T16:22:47","guid":{"rendered":"https:\/\/pc.sc.gov.br\/?p=16677"},"modified":"2024-01-19T13:23:45","modified_gmt":"2024-01-19T16:23:45","slug":"policia-civil-identifica-e-prende-autores-de-furtos-em-residencias-em-jurere-internacional-na-capital","status":"publish","type":"post","link":"https:\/\/pc.sc.gov.br\/?p=16677","title":{"rendered":"Pol\u00edcia Civil identifica e prende autores de furtos em resid\u00eancias em Jurer\u00ea Internacional, na Capital"},"content":{"rendered":"\t\t<div data-elementor-type=\"wp-post\" data-elementor-id=\"16677\" class=\"elementor elementor-16677\" data-elementor-post-type=\"post\">\n\t\t\t\t\t\t<section class=\"elementor-section elementor-top-section elementor-element elementor-element-257c3ba elementor-section-boxed elementor-section-height-default elementor-section-height-default\" data-id=\"257c3ba\" data-element_type=\"section\">\n\t\t\t\t\t\t<div class=\"elementor-container elementor-column-gap-default\">\n\t\t\t\t\t<div class=\"elementor-column elementor-col-100 elementor-top-column elementor-element elementor-element-e72fc90\" data-id=\"e72fc90\" data-element_type=\"column\">\n\t\t\t<div class=\"elementor-widget-wrap elementor-element-populated\">\n\t\t\t\t\t\t<div class=\"elementor-element elementor-element-fcc5da8 elementor-widget elementor-widget-heading\" data-id=\"fcc5da8\" data-element_type=\"widget\" data-widget_type=\"heading.default\">\n\t\t\t\t<div class=\"elementor-widget-container\">\n\t\t\t\t\t<h2 class=\"elementor-heading-title elementor-size-default\">Pol\u00edcia Civil identifica e prende autores de furtos em resid\u00eancias em Jurer\u00ea Internacional, na Capital<\/h2>\t\t\t\t<\/div>\n\t\t\t\t<\/div>\n\t\t\t\t\t<\/div>\n\t\t<\/div>\n\t\t\t\t\t<\/div>\n\t\t<\/section>\n\t\t\t\t<section class=\"elementor-section elementor-top-section elementor-element elementor-element-a03bf46 elementor-section-boxed elementor-section-height-default elementor-section-height-default\" data-id=\"a03bf46\" data-element_type=\"section\">\n\t\t\t\t\t\t<div class=\"elementor-container elementor-column-gap-default\">\n\t\t\t\t\t<div class=\"elementor-column elementor-col-100 elementor-top-column elementor-element elementor-element-06f9159\" data-id=\"06f9159\" data-element_type=\"column\">\n\t\t\t<div class=\"elementor-widget-wrap elementor-element-populated\">\n\t\t\t\t\t\t<div class=\"elementor-element elementor-element-ed369ec elementor-widget elementor-widget-image\" data-id=\"ed369ec\" data-element_type=\"widget\" data-widget_type=\"image.default\">\n\t\t\t\t<div class=\"elementor-widget-container\">\n\t\t\t\t\t\t\t\t\t\t\t\t\t\t\t<img fetchpriority=\"high\" decoding=\"async\" width=\"696\" height=\"464\" src=\"https:\/\/pc.sc.gov.br\/\/wp-content\/uploads\/2024\/01\/dsc_0720_51468326894_o-1024x683.jpg\" class=\"attachment-large size-large wp-image-16458\" alt=\"\" srcset=\"https:\/\/pc.sc.gov.br\/\/wp-content\/uploads\/2024\/01\/dsc_0720_51468326894_o-1024x683.jpg 1024w, https:\/\/pc.sc.gov.br\/\/wp-content\/uploads\/2024\/01\/dsc_0720_51468326894_o-300x200.jpg 300w, https:\/\/pc.sc.gov.br\/\/wp-content\/uploads\/2024\/01\/dsc_0720_51468326894_o-768x512.jpg 768w, https:\/\/pc.sc.gov.br\/\/wp-content\/uploads\/2024\/01\/dsc_0720_51468326894_o-1536x1024.jpg 1536w, https:\/\/pc.sc.gov.br\/\/wp-content\/uploads\/2024\/01\/dsc_0720_51468326894_o-2048x1365.jpg 2048w\" sizes=\"(max-width: 696px) 100vw, 696px\" \/>\t\t\t\t\t\t\t\t\t\t\t\t\t\t\t<\/div>\n\t\t\t\t<\/div>\n\t\t\t\t\t<\/div>\n\t\t<\/div>\n\t\t\t\t\t<\/div>\n\t\t<\/section>\n\t\t\t\t<section class=\"elementor-section elementor-top-section elementor-element elementor-element-97774f3 elementor-section-boxed elementor-section-height-default elementor-section-height-default\" data-id=\"97774f3\" data-element_type=\"section\">\n\t\t\t\t\t\t<div class=\"elementor-container elementor-column-gap-default\">\n\t\t\t\t\t<div class=\"elementor-column elementor-col-100 elementor-top-column elementor-element elementor-element-bb09b3d\" data-id=\"bb09b3d\" data-element_type=\"column\">\n\t\t\t<div class=\"elementor-widget-wrap elementor-element-populated\">\n\t\t\t\t\t\t<div class=\"elementor-element elementor-element-63c9a8c elementor-widget elementor-widget-text-editor\" data-id=\"63c9a8c\" data-element_type=\"widget\" data-widget_type=\"text-editor.default\">\n\t\t\t\t<div class=\"elementor-widget-container\">\n\t\t\t\t\t\t\t\t\t<p>A Pol\u00edcia Civil de Santa Catarina, por meio da 7\u00aa Delegacia de Pol\u00edcia da Capital, representou ao Poder Judici\u00e1rio pela pris\u00e3o e busca e apreens\u00e3o na casa de pessoas apontadas como autores de furtos a diversas resid\u00eancias em Jurer\u00ea Internacional. O caso foi noticiado na imprensa como o \u201carrast\u00e3o de furtos em casas de Jurer\u00ea Internacional\u201d. <br \/>Os criminosos entraram nas resid\u00eancias e, al\u00e9m de levar os bens, subtra\u00edram os ve\u00edculos das v\u00edtimas. Foram deferidas as pris\u00f5es de cinco pessoas, sendo que tr\u00eas delas est\u00e3o presas e as outras duas est\u00e3o foragidas. O relat\u00f3rio de investiga\u00e7\u00e3o contou com o apoio de policiais civis da Acadepol.<\/p>\t\t\t\t\t\t\t\t<\/div>\n\t\t\t\t<\/div>\n\t\t\t\t\t<\/div>\n\t\t<\/div>\n\t\t\t\t\t<\/div>\n\t\t<\/section>\n\t\t\t\t<\/div>\n\t\t","protected":false},"excerpt":{"rendered":"<p>Pol\u00edcia Civil identifica e prende autores de furtos em resid\u00eancias em Jurer\u00ea Internacional, na Capital A Pol\u00edcia Civil de Santa Catarina, por meio da 7\u00aa Delegacia de Pol\u00edcia da Capital, representou ao Poder Judici\u00e1rio pela pris\u00e3o e busca e apreens\u00e3o na casa de pessoas apontadas como autores de furtos a diversas resid\u00eancias em Jurer\u00ea Internacional. [&hellip;]<\/p>\n","protected":false},"author":5,"featured_media":16458,"comment_status":"closed","ping_status":"open","sticky":false,"template":"","format":"standard","meta":{"_monsterinsights_skip_tracking":false,"_monsterinsights_sitenote_active":false,"_monsterinsights_sitenote_note":"","_monsterinsights_sitenote_category":0,"footnotes":""},"categories":[1],"tags":[],"class_list":["post-16677","post","type-post","status-publish","format-standard","has-post-thumbnail","hentry","category-sem-categoria"],"_links":{"self":[{"href":"https:\/\/pc.sc.gov.br\/index.php?rest_route=\/wp\/v2\/posts\/16677","targetHints":{"allow":["GET"]}}],"collection":[{"href":"https:\/\/pc.sc.gov.br\/index.php?rest_route=\/wp\/v2\/posts"}],"about":[{"href":"https:\/\/pc.sc.gov.br\/index.php?rest_route=\/wp\/v2\/types\/post"}],"author":[{"embeddable":true,"href":"https:\/\/pc.sc.gov.br\/index.php?rest_route=\/wp\/v2\/users\/5"}],"replies":[{"embeddable":true,"href":"https:\/\/pc.sc.gov.br\/index.php?rest_route=%2Fwp%2Fv2%2Fcomments&post=16677"}],"version-history":[{"count":4,"href":"https:\/\/pc.sc.gov.br\/index.php?rest_route=\/wp\/v2\/posts\/16677\/revisions"}],"predecessor-version":[{"id":16681,"href":"https:\/\/pc.sc.gov.br\/index.php?rest_route=\/wp\/v2\/posts\/16677\/revisions\/16681"}],"wp:featuredmedia":[{"embeddable":true,"href":"https:\/\/pc.sc.gov.br\/index.php?rest_route=\/wp\/v2\/media\/16458"}],"wp:attachment":[{"href":"https:\/\/pc.sc.gov.br\/index.php?rest_route=%2Fwp%2Fv2%2Fmedia&parent=16677"}],"wp:term":[{"taxonomy":"category","embeddable":true,"href":"https:\/\/pc.sc.gov.br\/index.php?rest_route=%2Fwp%2Fv2%2Fcategories&post=16677"},{"taxonomy":"post_tag","embeddable":true,"href":"https:\/\/pc.sc.gov.br\/index.php?rest_route=%2Fwp%2Fv2%2Ftags&post=16677"}],"curies":[{"name":"wp","href":"https:\/\/api.w.org\/{rel}","templated":true}]}}