{"id":16683,"date":"2024-01-19T13:38:36","date_gmt":"2024-01-19T16:38:36","guid":{"rendered":"https:\/\/pc.sc.gov.br\/?p=16683"},"modified":"2024-01-19T13:39:31","modified_gmt":"2024-01-19T16:39:31","slug":"policia-civil-apreende-armas-de-fogo-e-municoes-de-investigado-em-curitibanos","status":"publish","type":"post","link":"https:\/\/pc.sc.gov.br\/?p=16683","title":{"rendered":"Pol\u00edcia Civil apreende armas de fogo e muni\u00e7\u00f5es de investigado em Curitibanos"},"content":{"rendered":"\t\t<div data-elementor-type=\"wp-post\" data-elementor-id=\"16683\" class=\"elementor elementor-16683\" data-elementor-post-type=\"post\">\n\t\t\t\t\t\t<section class=\"elementor-section elementor-top-section elementor-element elementor-element-a137f8b elementor-section-boxed elementor-section-height-default elementor-section-height-default\" data-id=\"a137f8b\" data-element_type=\"section\">\n\t\t\t\t\t\t<div class=\"elementor-container elementor-column-gap-default\">\n\t\t\t\t\t<div class=\"elementor-column elementor-col-100 elementor-top-column elementor-element elementor-element-62ad25f\" data-id=\"62ad25f\" data-element_type=\"column\">\n\t\t\t<div class=\"elementor-widget-wrap elementor-element-populated\">\n\t\t\t\t\t\t<div class=\"elementor-element elementor-element-37d1387 elementor-widget elementor-widget-heading\" data-id=\"37d1387\" data-element_type=\"widget\" data-widget_type=\"heading.default\">\n\t\t\t\t<div class=\"elementor-widget-container\">\n\t\t\t\t\t<h2 class=\"elementor-heading-title elementor-size-default\">Pol\u00edcia Civil apreende armas de fogo e muni\u00e7\u00f5es de investigado em Curitibanos<\/h2>\t\t\t\t<\/div>\n\t\t\t\t<\/div>\n\t\t\t\t\t<\/div>\n\t\t<\/div>\n\t\t\t\t\t<\/div>\n\t\t<\/section>\n\t\t\t\t<section class=\"elementor-section elementor-top-section elementor-element elementor-element-3c80979 elementor-section-boxed elementor-section-height-default elementor-section-height-default\" data-id=\"3c80979\" data-element_type=\"section\">\n\t\t\t\t\t\t<div class=\"elementor-container elementor-column-gap-default\">\n\t\t\t\t\t<div class=\"elementor-column elementor-col-100 elementor-top-column elementor-element elementor-element-bfbf888\" data-id=\"bfbf888\" data-element_type=\"column\">\n\t\t\t<div class=\"elementor-widget-wrap elementor-element-populated\">\n\t\t\t\t\t\t<div class=\"elementor-element elementor-element-44a1840 elementor-widget elementor-widget-image\" data-id=\"44a1840\" data-element_type=\"widget\" data-widget_type=\"image.default\">\n\t\t\t\t<div class=\"elementor-widget-container\">\n\t\t\t\t\t\t\t\t\t\t\t\t\t\t\t<img fetchpriority=\"high\" decoding=\"async\" width=\"696\" height=\"361\" src=\"https:\/\/pc.sc.gov.br\/\/wp-content\/uploads\/2024\/01\/WhatsApp-Image-2024-01-18-at-18.47.28-1024x531.jpeg\" class=\"attachment-large size-large wp-image-16684\" alt=\"\" srcset=\"https:\/\/pc.sc.gov.br\/\/wp-content\/uploads\/2024\/01\/WhatsApp-Image-2024-01-18-at-18.47.28-1024x531.jpeg 1024w, https:\/\/pc.sc.gov.br\/\/wp-content\/uploads\/2024\/01\/WhatsApp-Image-2024-01-18-at-18.47.28-300x156.jpeg 300w, https:\/\/pc.sc.gov.br\/\/wp-content\/uploads\/2024\/01\/WhatsApp-Image-2024-01-18-at-18.47.28-768x398.jpeg 768w, https:\/\/pc.sc.gov.br\/\/wp-content\/uploads\/2024\/01\/WhatsApp-Image-2024-01-18-at-18.47.28-1536x797.jpeg 1536w, https:\/\/pc.sc.gov.br\/\/wp-content\/uploads\/2024\/01\/WhatsApp-Image-2024-01-18-at-18.47.28.jpeg 1600w\" sizes=\"(max-width: 696px) 100vw, 696px\" \/>\t\t\t\t\t\t\t\t\t\t\t\t\t\t\t<\/div>\n\t\t\t\t<\/div>\n\t\t\t\t\t<\/div>\n\t\t<\/div>\n\t\t\t\t\t<\/div>\n\t\t<\/section>\n\t\t\t\t<section class=\"elementor-section elementor-top-section elementor-element elementor-element-fccfd57 elementor-section-boxed elementor-section-height-default elementor-section-height-default\" data-id=\"fccfd57\" data-element_type=\"section\">\n\t\t\t\t\t\t<div class=\"elementor-container elementor-column-gap-default\">\n\t\t\t\t\t<div class=\"elementor-column elementor-col-100 elementor-top-column elementor-element elementor-element-0bb1183\" data-id=\"0bb1183\" data-element_type=\"column\">\n\t\t\t<div class=\"elementor-widget-wrap elementor-element-populated\">\n\t\t\t\t\t\t<div class=\"elementor-element elementor-element-5128899 elementor-widget elementor-widget-text-editor\" data-id=\"5128899\" data-element_type=\"widget\" data-widget_type=\"text-editor.default\">\n\t\t\t\t<div class=\"elementor-widget-container\">\n\t\t\t\t\t\t\t\t\t<p>Na quinta-feira (18), a Pol\u00edcia Civil de Santa Catarina, por meio da Delegacia de Pol\u00edcia da Comarca de Curitibanos, cumpriu mandado de busca e apreens\u00e3o domiciliar em resid\u00eancia localizada no bairro Nossa Senhora Aparecida, em Curitibanos, resultando na apreens\u00e3o de armas de fogo e muni\u00e7\u00f5es de calibres diversos. Ap\u00f3s a formaliza\u00e7\u00e3o dos procedimentos na Delegacia, referidas armas e muni\u00e7\u00f5es foram encaminhadas para exame pericial.<br \/>As dilig\u00eancias realizadas na presente data tinham por finalidade auxiliar investiga\u00e7\u00e3o deflagrada para apurar a poss\u00edvel pr\u00e1tica dos delitos de porte ilegal de arma de fogo, disparo de arma de fogo em via p\u00fablica, dano ao patrim\u00f4nio privado e fuga de local de acidente, os quais teriam ocorrido no dia 25\/12\/2023, no bairro Get\u00falio Vargas, tamb\u00e9m em Curitibanos, ocasi\u00e3o em que o suspeito teria abalroado seu ve\u00edculo no para-choque de outro ve\u00edculo durante uma ultrapassagem. <br \/>Apurou-se que ap\u00f3s bater no carro da v\u00edtima, o suspeito teria empreendido fuga do local para se eximir de eventual obriga\u00e7\u00e3o de repara\u00e7\u00e3o do dano causado, contudo, momento depois teria sido alcan\u00e7ado pela v\u00edtima, a qual teria posicionado seu ve\u00edculo lateralmente ao do suspeito, gesticulando para que este parasse o seu ve\u00edculo no intuito de conversarem sobre os danos causados. <br \/>Neste momento, o suspeito teria sacado uma arma de fogo e efetuado diversos disparos contra o carro da v\u00edtima, dentro do qual haviam quatro ocupantes, sendo que dois disparos atingiram a porta dianteira do lado direito. Por conseguinte, o suspeito evadiu-se do local, momento em que a v\u00edtima acionou a Pol\u00edcia.<br \/>Ao tomar conhecimento do ocorrido, a Pol\u00edcia Civil instaurou Inqu\u00e9rito Policial para investigar as circunst\u00e2ncias dos fatos. No curso da apura\u00e7\u00e3o, verificou-se que o suspeito possu\u00eda diversas armas registradas em seu nome, motivo pelo qual foi representado ao Poder Judici\u00e1rio pela expedi\u00e7\u00e3o de ordem judicial visando apreender referido armamento, cujo pedido foi prontamente atendido, ap\u00f3s manifesta\u00e7\u00e3o favor\u00e1vel do Minist\u00e9rio P\u00fablico.<\/p>\t\t\t\t\t\t\t\t<\/div>\n\t\t\t\t<\/div>\n\t\t\t\t\t<\/div>\n\t\t<\/div>\n\t\t\t\t\t<\/div>\n\t\t<\/section>\n\t\t\t\t<\/div>\n\t\t","protected":false},"excerpt":{"rendered":"<p>Pol\u00edcia Civil apreende armas de fogo e muni\u00e7\u00f5es de investigado em Curitibanos Na quinta-feira (18), a Pol\u00edcia Civil de Santa Catarina, por meio da Delegacia de Pol\u00edcia da Comarca de Curitibanos, cumpriu mandado de busca e apreens\u00e3o domiciliar em resid\u00eancia localizada no bairro Nossa Senhora Aparecida, em Curitibanos, resultando na apreens\u00e3o de armas de fogo [&hellip;]<\/p>\n","protected":false},"author":5,"featured_media":16684,"comment_status":"closed","ping_status":"open","sticky":false,"template":"","format":"standard","meta":{"_monsterinsights_skip_tracking":false,"_monsterinsights_sitenote_active":false,"_monsterinsights_sitenote_note":"","_monsterinsights_sitenote_category":0,"footnotes":""},"categories":[1],"tags":[],"class_list":["post-16683","post","type-post","status-publish","format-standard","has-post-thumbnail","hentry","category-sem-categoria"],"_links":{"self":[{"href":"https:\/\/pc.sc.gov.br\/index.php?rest_route=\/wp\/v2\/posts\/16683","targetHints":{"allow":["GET"]}}],"collection":[{"href":"https:\/\/pc.sc.gov.br\/index.php?rest_route=\/wp\/v2\/posts"}],"about":[{"href":"https:\/\/pc.sc.gov.br\/index.php?rest_route=\/wp\/v2\/types\/post"}],"author":[{"embeddable":true,"href":"https:\/\/pc.sc.gov.br\/index.php?rest_route=\/wp\/v2\/users\/5"}],"replies":[{"embeddable":true,"href":"https:\/\/pc.sc.gov.br\/index.php?rest_route=%2Fwp%2Fv2%2Fcomments&post=16683"}],"version-history":[{"count":4,"href":"https:\/\/pc.sc.gov.br\/index.php?rest_route=\/wp\/v2\/posts\/16683\/revisions"}],"predecessor-version":[{"id":16688,"href":"https:\/\/pc.sc.gov.br\/index.php?rest_route=\/wp\/v2\/posts\/16683\/revisions\/16688"}],"wp:featuredmedia":[{"embeddable":true,"href":"https:\/\/pc.sc.gov.br\/index.php?rest_route=\/wp\/v2\/media\/16684"}],"wp:attachment":[{"href":"https:\/\/pc.sc.gov.br\/index.php?rest_route=%2Fwp%2Fv2%2Fmedia&parent=16683"}],"wp:term":[{"taxonomy":"category","embeddable":true,"href":"https:\/\/pc.sc.gov.br\/index.php?rest_route=%2Fwp%2Fv2%2Fcategories&post=16683"},{"taxonomy":"post_tag","embeddable":true,"href":"https:\/\/pc.sc.gov.br\/index.php?rest_route=%2Fwp%2Fv2%2Ftags&post=16683"}],"curies":[{"name":"wp","href":"https:\/\/api.w.org\/{rel}","templated":true}]}}