{"id":16694,"date":"2024-01-19T13:58:05","date_gmt":"2024-01-19T16:58:05","guid":{"rendered":"https:\/\/pc.sc.gov.br\/?p=16694"},"modified":"2024-01-19T13:59:18","modified_gmt":"2024-01-19T16:59:18","slug":"mulher-e-presa-em-flagrante-por-maus-tratos-qualificado-contra-caes-em-sao-jose","status":"publish","type":"post","link":"https:\/\/pc.sc.gov.br\/?p=16694","title":{"rendered":"Mulher \u00e9 presa em flagrante por maus-tratos qualificado contra c\u00e3es em S\u00e3o Jos\u00e9"},"content":{"rendered":"\t\t<div data-elementor-type=\"wp-post\" data-elementor-id=\"16694\" class=\"elementor elementor-16694\" data-elementor-post-type=\"post\">\n\t\t\t\t\t\t<section class=\"elementor-section elementor-top-section elementor-element elementor-element-cde508a elementor-section-boxed elementor-section-height-default elementor-section-height-default\" data-id=\"cde508a\" data-element_type=\"section\">\n\t\t\t\t\t\t<div class=\"elementor-container elementor-column-gap-default\">\n\t\t\t\t\t<div class=\"elementor-column elementor-col-100 elementor-top-column elementor-element elementor-element-a55cba0\" data-id=\"a55cba0\" data-element_type=\"column\">\n\t\t\t<div class=\"elementor-widget-wrap elementor-element-populated\">\n\t\t\t\t\t\t<div class=\"elementor-element elementor-element-e85be8b elementor-widget elementor-widget-heading\" data-id=\"e85be8b\" data-element_type=\"widget\" data-widget_type=\"heading.default\">\n\t\t\t\t<div class=\"elementor-widget-container\">\n\t\t\t\t\t<h2 class=\"elementor-heading-title elementor-size-default\">Mulher \u00e9 presa em flagrante por maus-tratos qualificado contra c\u00e3es em S\u00e3o Jos\u00e9<\/h2>\t\t\t\t<\/div>\n\t\t\t\t<\/div>\n\t\t\t\t\t<\/div>\n\t\t<\/div>\n\t\t\t\t\t<\/div>\n\t\t<\/section>\n\t\t\t\t<section class=\"elementor-section elementor-top-section elementor-element elementor-element-c49b786 elementor-section-boxed elementor-section-height-default elementor-section-height-default\" data-id=\"c49b786\" data-element_type=\"section\">\n\t\t\t\t\t\t<div class=\"elementor-container elementor-column-gap-default\">\n\t\t\t\t\t<div class=\"elementor-column elementor-col-100 elementor-top-column elementor-element elementor-element-44c6753\" data-id=\"44c6753\" data-element_type=\"column\">\n\t\t\t<div class=\"elementor-widget-wrap elementor-element-populated\">\n\t\t\t\t\t\t<div class=\"elementor-element elementor-element-b7cb83a elementor-widget elementor-widget-image\" data-id=\"b7cb83a\" data-element_type=\"widget\" data-widget_type=\"image.default\">\n\t\t\t\t<div class=\"elementor-widget-container\">\n\t\t\t\t\t\t\t\t\t\t\t\t\t\t\t<img fetchpriority=\"high\" decoding=\"async\" width=\"696\" height=\"928\" src=\"https:\/\/pc.sc.gov.br\/\/wp-content\/uploads\/2024\/01\/WhatsApp-Image-2024-01-18-at-18.53.49-1-768x1024.jpeg\" class=\"attachment-large size-large wp-image-16697\" alt=\"\" srcset=\"https:\/\/pc.sc.gov.br\/\/wp-content\/uploads\/2024\/01\/WhatsApp-Image-2024-01-18-at-18.53.49-1-768x1024.jpeg 768w, https:\/\/pc.sc.gov.br\/\/wp-content\/uploads\/2024\/01\/WhatsApp-Image-2024-01-18-at-18.53.49-1-225x300.jpeg 225w, https:\/\/pc.sc.gov.br\/\/wp-content\/uploads\/2024\/01\/WhatsApp-Image-2024-01-18-at-18.53.49-1-1152x1536.jpeg 1152w, https:\/\/pc.sc.gov.br\/\/wp-content\/uploads\/2024\/01\/WhatsApp-Image-2024-01-18-at-18.53.49-1.jpeg 1200w\" sizes=\"(max-width: 696px) 100vw, 696px\" \/>\t\t\t\t\t\t\t\t\t\t\t\t\t\t\t<\/div>\n\t\t\t\t<\/div>\n\t\t\t\t<div class=\"elementor-element elementor-element-b35c415 elementor-widget elementor-widget-text-editor\" data-id=\"b35c415\" data-element_type=\"widget\" data-widget_type=\"text-editor.default\">\n\t\t\t\t<div class=\"elementor-widget-container\">\n\t\t\t\t\t\t\t\t\t<p>Na quinta-feira (18), a Pol\u00edcia Civil de Santa Catarina, por meio da Delegacia de Prote\u00e7\u00e3o a Animais Dom\u00e9sticos do Departamento de Investiga\u00e7\u00e3o Criminal da Capital (DPA\/DIC), em opera\u00e7\u00e3o conjunta com a Diretoria de Bem-Estar Animal de S\u00e3o Jos\u00e9, prendeu em flagrante uma mulher pelo crime de maus-tratos qualificado contra c\u00e3es, das ra\u00e7as buldogue franc\u00eas e spitz alem\u00e3o, no bairro Serraria, em S\u00e3o Jos\u00e9.<\/p><p>As den\u00fancias mencionavam que diversos c\u00e3es eram mantidos em p\u00e9ssimas condi\u00e7\u00f5es de higiene e de espa\u00e7o, confinados no ambiente, visando \u00e0 reprodu\u00e7\u00e3o irregular de animais. Durante a dilig\u00eancia de fiscaliza\u00e7\u00e3o conjunta no local, os \u00f3rg\u00e3os confirmaram as condi\u00e7\u00f5es inaceit\u00e1veis em que se encontravam os c\u00e3es.<\/p><p>Os cachorros estavam em ambiente insalubre, sem acesso \u00e0 \u00e1gua, alimenta\u00e7\u00e3o e descanso adequado, confinados em espa\u00e7o muito pequeno para a quantidade de animais.<\/p><p>A respons\u00e1vel foi presa em flagrante pelo crime de maus-tratos qualificado, bem como os oito c\u00e3es foram resgatados e est\u00e3o sob os cuidados da DIBEA de S\u00e3o Jos\u00e9, at\u00e9 a finaliza\u00e7\u00e3o dos tr\u00e2mites para eventual ado\u00e7\u00e3o respons\u00e1vel.<\/p><p>Formalizado o procedimento criminal na Central de Plant\u00e3o Policial de S\u00e3o Jos\u00e9, a presa permanece \u00e0 disposi\u00e7\u00e3o do Poder Judici\u00e1rio.<\/p>\t\t\t\t\t\t\t\t<\/div>\n\t\t\t\t<\/div>\n\t\t\t\t\t<\/div>\n\t\t<\/div>\n\t\t\t\t\t<\/div>\n\t\t<\/section>\n\t\t\t\t<section class=\"elementor-section elementor-top-section elementor-element elementor-element-3994e80 elementor-section-boxed elementor-section-height-default elementor-section-height-default\" data-id=\"3994e80\" data-element_type=\"section\">\n\t\t\t\t\t\t<div class=\"elementor-container elementor-column-gap-default\">\n\t\t\t\t\t<div class=\"elementor-column elementor-col-100 elementor-top-column elementor-element elementor-element-5ef78e5\" data-id=\"5ef78e5\" data-element_type=\"column\">\n\t\t\t<div class=\"elementor-widget-wrap elementor-element-populated\">\n\t\t\t\t\t\t<div class=\"elementor-element elementor-element-2cf2bb2 elementor-widget elementor-widget-image\" data-id=\"2cf2bb2\" data-element_type=\"widget\" data-widget_type=\"image.default\">\n\t\t\t\t<div class=\"elementor-widget-container\">\n\t\t\t\t\t\t\t\t\t\t\t\t\t\t\t<img decoding=\"async\" width=\"696\" height=\"928\" src=\"https:\/\/pc.sc.gov.br\/\/wp-content\/uploads\/2024\/01\/WhatsApp-Image-2024-01-18-at-18.53.50-768x1024.jpeg\" class=\"attachment-large size-large wp-image-16696\" alt=\"\" srcset=\"https:\/\/pc.sc.gov.br\/\/wp-content\/uploads\/2024\/01\/WhatsApp-Image-2024-01-18-at-18.53.50-768x1024.jpeg 768w, https:\/\/pc.sc.gov.br\/\/wp-content\/uploads\/2024\/01\/WhatsApp-Image-2024-01-18-at-18.53.50-225x300.jpeg 225w, https:\/\/pc.sc.gov.br\/\/wp-content\/uploads\/2024\/01\/WhatsApp-Image-2024-01-18-at-18.53.50-1152x1536.jpeg 1152w, https:\/\/pc.sc.gov.br\/\/wp-content\/uploads\/2024\/01\/WhatsApp-Image-2024-01-18-at-18.53.50.jpeg 1200w\" sizes=\"(max-width: 696px) 100vw, 696px\" \/>\t\t\t\t\t\t\t\t\t\t\t\t\t\t\t<\/div>\n\t\t\t\t<\/div>\n\t\t\t\t\t<\/div>\n\t\t<\/div>\n\t\t\t\t\t<\/div>\n\t\t<\/section>\n\t\t\t\t<\/div>\n\t\t","protected":false},"excerpt":{"rendered":"<p>Mulher \u00e9 presa em flagrante por maus-tratos qualificado contra c\u00e3es em S\u00e3o Jos\u00e9 Na quinta-feira (18), a Pol\u00edcia Civil de Santa Catarina, por meio da Delegacia de Prote\u00e7\u00e3o a Animais Dom\u00e9sticos do Departamento de Investiga\u00e7\u00e3o Criminal da Capital (DPA\/DIC), em opera\u00e7\u00e3o conjunta com a Diretoria de Bem-Estar Animal de S\u00e3o Jos\u00e9, prendeu em flagrante uma [&hellip;]<\/p>\n","protected":false},"author":5,"featured_media":16698,"comment_status":"closed","ping_status":"open","sticky":false,"template":"","format":"standard","meta":{"_monsterinsights_skip_tracking":false,"_monsterinsights_sitenote_active":false,"_monsterinsights_sitenote_note":"","_monsterinsights_sitenote_category":0,"footnotes":""},"categories":[1],"tags":[],"class_list":["post-16694","post","type-post","status-publish","format-standard","has-post-thumbnail","hentry","category-sem-categoria"],"_links":{"self":[{"href":"https:\/\/pc.sc.gov.br\/index.php?rest_route=\/wp\/v2\/posts\/16694","targetHints":{"allow":["GET"]}}],"collection":[{"href":"https:\/\/pc.sc.gov.br\/index.php?rest_route=\/wp\/v2\/posts"}],"about":[{"href":"https:\/\/pc.sc.gov.br\/index.php?rest_route=\/wp\/v2\/types\/post"}],"author":[{"embeddable":true,"href":"https:\/\/pc.sc.gov.br\/index.php?rest_route=\/wp\/v2\/users\/5"}],"replies":[{"embeddable":true,"href":"https:\/\/pc.sc.gov.br\/index.php?rest_route=%2Fwp%2Fv2%2Fcomments&post=16694"}],"version-history":[{"count":4,"href":"https:\/\/pc.sc.gov.br\/index.php?rest_route=\/wp\/v2\/posts\/16694\/revisions"}],"predecessor-version":[{"id":16702,"href":"https:\/\/pc.sc.gov.br\/index.php?rest_route=\/wp\/v2\/posts\/16694\/revisions\/16702"}],"wp:featuredmedia":[{"embeddable":true,"href":"https:\/\/pc.sc.gov.br\/index.php?rest_route=\/wp\/v2\/media\/16698"}],"wp:attachment":[{"href":"https:\/\/pc.sc.gov.br\/index.php?rest_route=%2Fwp%2Fv2%2Fmedia&parent=16694"}],"wp:term":[{"taxonomy":"category","embeddable":true,"href":"https:\/\/pc.sc.gov.br\/index.php?rest_route=%2Fwp%2Fv2%2Fcategories&post=16694"},{"taxonomy":"post_tag","embeddable":true,"href":"https:\/\/pc.sc.gov.br\/index.php?rest_route=%2Fwp%2Fv2%2Ftags&post=16694"}],"curies":[{"name":"wp","href":"https:\/\/api.w.org\/{rel}","templated":true}]}}