{"id":16709,"date":"2024-01-19T15:42:24","date_gmt":"2024-01-19T18:42:24","guid":{"rendered":"https:\/\/pc.sc.gov.br\/?p=16709"},"modified":"2024-01-19T15:43:24","modified_gmt":"2024-01-19T18:43:24","slug":"policia-civil-prende-homem-investigado-por-furtar-veiculos-na-praia-da-joaquina-na-capital","status":"publish","type":"post","link":"https:\/\/pc.sc.gov.br\/?p=16709","title":{"rendered":"Pol\u00edcia Civil prende homem investigado por furtar ve\u00edculos na Praia da Joaquina na Capital"},"content":{"rendered":"\t\t<div data-elementor-type=\"wp-post\" data-elementor-id=\"16709\" class=\"elementor elementor-16709\" data-elementor-post-type=\"post\">\n\t\t\t\t\t\t<section class=\"elementor-section elementor-top-section elementor-element elementor-element-6ba2bbe elementor-section-boxed elementor-section-height-default elementor-section-height-default\" data-id=\"6ba2bbe\" data-element_type=\"section\">\n\t\t\t\t\t\t<div class=\"elementor-container elementor-column-gap-default\">\n\t\t\t\t\t<div class=\"elementor-column elementor-col-100 elementor-top-column elementor-element elementor-element-1906981\" data-id=\"1906981\" data-element_type=\"column\">\n\t\t\t<div class=\"elementor-widget-wrap elementor-element-populated\">\n\t\t\t\t\t\t<div class=\"elementor-element elementor-element-07b9731 elementor-widget elementor-widget-heading\" data-id=\"07b9731\" data-element_type=\"widget\" data-widget_type=\"heading.default\">\n\t\t\t\t<div class=\"elementor-widget-container\">\n\t\t\t\t\t<h2 class=\"elementor-heading-title elementor-size-default\">Pol\u00edcia Civil prende homem investigado por furtar ve\u00edculos na Praia da Joaquina na Capital<\/h2>\t\t\t\t<\/div>\n\t\t\t\t<\/div>\n\t\t\t\t\t<\/div>\n\t\t<\/div>\n\t\t\t\t\t<\/div>\n\t\t<\/section>\n\t\t\t\t<section class=\"elementor-section elementor-top-section elementor-element elementor-element-45c9562 elementor-section-boxed elementor-section-height-default elementor-section-height-default\" data-id=\"45c9562\" data-element_type=\"section\">\n\t\t\t\t\t\t<div class=\"elementor-container elementor-column-gap-default\">\n\t\t\t\t\t<div class=\"elementor-column elementor-col-100 elementor-top-column elementor-element elementor-element-3714064\" data-id=\"3714064\" data-element_type=\"column\">\n\t\t\t<div class=\"elementor-widget-wrap elementor-element-populated\">\n\t\t\t\t\t\t<div class=\"elementor-element elementor-element-e54c866 elementor-widget elementor-widget-image\" data-id=\"e54c866\" data-element_type=\"widget\" data-widget_type=\"image.default\">\n\t\t\t\t<div class=\"elementor-widget-container\">\n\t\t\t\t\t\t\t\t\t\t\t\t\t\t\t<img fetchpriority=\"high\" decoding=\"async\" width=\"576\" height=\"1024\" src=\"https:\/\/pc.sc.gov.br\/\/wp-content\/uploads\/2023\/06\/VIATURA_000000000028-576x1024.jpg\" class=\"attachment-large size-large wp-image-10112\" alt=\"\" srcset=\"https:\/\/pc.sc.gov.br\/\/wp-content\/uploads\/2023\/06\/VIATURA_000000000028-576x1024.jpg 576w, https:\/\/pc.sc.gov.br\/\/wp-content\/uploads\/2023\/06\/VIATURA_000000000028-169x300.jpg 169w, https:\/\/pc.sc.gov.br\/\/wp-content\/uploads\/2023\/06\/VIATURA_000000000028.jpg 720w\" sizes=\"(max-width: 576px) 100vw, 576px\" \/>\t\t\t\t\t\t\t\t\t\t\t\t\t\t\t<\/div>\n\t\t\t\t<\/div>\n\t\t\t\t\t<\/div>\n\t\t<\/div>\n\t\t\t\t\t<\/div>\n\t\t<\/section>\n\t\t\t\t<section class=\"elementor-section elementor-top-section elementor-element elementor-element-86dec97 elementor-section-boxed elementor-section-height-default elementor-section-height-default\" data-id=\"86dec97\" data-element_type=\"section\">\n\t\t\t\t\t\t<div class=\"elementor-container elementor-column-gap-default\">\n\t\t\t\t\t<div class=\"elementor-column elementor-col-100 elementor-top-column elementor-element elementor-element-7f7cfc3\" data-id=\"7f7cfc3\" data-element_type=\"column\">\n\t\t\t<div class=\"elementor-widget-wrap elementor-element-populated\">\n\t\t\t\t\t\t<div class=\"elementor-element elementor-element-aa2cc77 elementor-widget elementor-widget-text-editor\" data-id=\"aa2cc77\" data-element_type=\"widget\" data-widget_type=\"text-editor.default\">\n\t\t\t\t<div class=\"elementor-widget-container\">\n\t\t\t\t\t\t\t\t\t<p>Nesta sexta-feira (19), a Pol\u00edcia Civil do Estado de Santa Catarina, por meio da 10\u00aa Delegacia de Pol\u00edcia da Capital, deu cumprimento a mandado de pris\u00e3o preventiva em desfavor de autor de furtos qualificados pelo arrombamento de ve\u00edculos, na praia da Joaquina, em Florian\u00f3polis.<br \/>O caso ganhou repercuss\u00e3o nesta \u00e9poca de virada de ano e veraneio, pois diversos ve\u00edculos estavam sendo arrombados e tendo pertences furtados quando estacionados em via p\u00fablica, na praia da Joaquina.<br \/>Instaurou-se o respectivo inqu\u00e9rito policial e, ap\u00f3s dilig\u00eancias de investiga\u00e7\u00e3o, identificou-se o autor como sendo um homem que se identificava como guardador de ve\u00edculos e, al\u00e9m de cometer os furtos, ainda constrangia os motoristas, em especial mulheres, a pagarem quantias em dinheiro para estacionarem em locais p\u00fablicos.<br \/>A autoridade policial representou pela pris\u00e3o preventiva do acusado, a qual foi prontamente deferida diante da manifesta\u00e7\u00e3o favor\u00e1vel do Minist\u00e9rio P\u00fablico (4\u00aa Promotoria de Justi\u00e7a) e do Poder Judici\u00e1rio (4\u00aa Vara Criminal) da Capital.<br \/>O preso foi interrogado, indiciado e encaminhado ao Pres\u00eddio da Capital, bem como o inqu\u00e9rito policial foi conclu\u00eddo ao Poder Judici\u00e1rio.<\/p>\t\t\t\t\t\t\t\t<\/div>\n\t\t\t\t<\/div>\n\t\t\t\t\t<\/div>\n\t\t<\/div>\n\t\t\t\t\t<\/div>\n\t\t<\/section>\n\t\t\t\t<\/div>\n\t\t","protected":false},"excerpt":{"rendered":"<p>Pol\u00edcia Civil prende homem investigado por furtar ve\u00edculos na Praia da Joaquina na Capital Nesta sexta-feira (19), a Pol\u00edcia Civil do Estado de Santa Catarina, por meio da 10\u00aa Delegacia de Pol\u00edcia da Capital, deu cumprimento a mandado de pris\u00e3o preventiva em desfavor de autor de furtos qualificados pelo arrombamento de ve\u00edculos, na praia da [&hellip;]<\/p>\n","protected":false},"author":5,"featured_media":10113,"comment_status":"closed","ping_status":"open","sticky":false,"template":"","format":"standard","meta":{"_monsterinsights_skip_tracking":false,"_monsterinsights_sitenote_active":false,"_monsterinsights_sitenote_note":"","_monsterinsights_sitenote_category":0,"footnotes":""},"categories":[1],"tags":[],"class_list":["post-16709","post","type-post","status-publish","format-standard","has-post-thumbnail","hentry","category-sem-categoria"],"_links":{"self":[{"href":"https:\/\/pc.sc.gov.br\/index.php?rest_route=\/wp\/v2\/posts\/16709","targetHints":{"allow":["GET"]}}],"collection":[{"href":"https:\/\/pc.sc.gov.br\/index.php?rest_route=\/wp\/v2\/posts"}],"about":[{"href":"https:\/\/pc.sc.gov.br\/index.php?rest_route=\/wp\/v2\/types\/post"}],"author":[{"embeddable":true,"href":"https:\/\/pc.sc.gov.br\/index.php?rest_route=\/wp\/v2\/users\/5"}],"replies":[{"embeddable":true,"href":"https:\/\/pc.sc.gov.br\/index.php?rest_route=%2Fwp%2Fv2%2Fcomments&post=16709"}],"version-history":[{"count":4,"href":"https:\/\/pc.sc.gov.br\/index.php?rest_route=\/wp\/v2\/posts\/16709\/revisions"}],"predecessor-version":[{"id":16713,"href":"https:\/\/pc.sc.gov.br\/index.php?rest_route=\/wp\/v2\/posts\/16709\/revisions\/16713"}],"wp:featuredmedia":[{"embeddable":true,"href":"https:\/\/pc.sc.gov.br\/index.php?rest_route=\/wp\/v2\/media\/10113"}],"wp:attachment":[{"href":"https:\/\/pc.sc.gov.br\/index.php?rest_route=%2Fwp%2Fv2%2Fmedia&parent=16709"}],"wp:term":[{"taxonomy":"category","embeddable":true,"href":"https:\/\/pc.sc.gov.br\/index.php?rest_route=%2Fwp%2Fv2%2Fcategories&post=16709"},{"taxonomy":"post_tag","embeddable":true,"href":"https:\/\/pc.sc.gov.br\/index.php?rest_route=%2Fwp%2Fv2%2Ftags&post=16709"}],"curies":[{"name":"wp","href":"https:\/\/api.w.org\/{rel}","templated":true}]}}