{"id":16714,"date":"2024-01-19T16:16:11","date_gmt":"2024-01-19T19:16:11","guid":{"rendered":"https:\/\/pc.sc.gov.br\/?p=16714"},"modified":"2024-01-19T16:16:44","modified_gmt":"2024-01-19T19:16:44","slug":"policia-civil-deflagra-operacao-califora-e-cumpre-mandados-e-prisao-e-de-busca-e-apreensao-em-xaxim","status":"publish","type":"post","link":"https:\/\/pc.sc.gov.br\/?p=16714","title":{"rendered":"Pol\u00edcia Civil deflagra opera\u00e7\u00e3o \u201cCal\u00edfora\u201d e cumpre mandados e pris\u00e3o e de busca e apreens\u00e3o em Xaxim"},"content":{"rendered":"\t\t<div data-elementor-type=\"wp-post\" data-elementor-id=\"16714\" class=\"elementor elementor-16714\" data-elementor-post-type=\"post\">\n\t\t\t\t\t\t<section class=\"elementor-section elementor-top-section elementor-element elementor-element-012ba63 elementor-section-boxed elementor-section-height-default elementor-section-height-default\" data-id=\"012ba63\" data-element_type=\"section\">\n\t\t\t\t\t\t<div class=\"elementor-container elementor-column-gap-default\">\n\t\t\t\t\t<div class=\"elementor-column elementor-col-100 elementor-top-column elementor-element elementor-element-8a76530\" data-id=\"8a76530\" data-element_type=\"column\">\n\t\t\t<div class=\"elementor-widget-wrap elementor-element-populated\">\n\t\t\t\t\t\t<div class=\"elementor-element elementor-element-61d178a elementor-widget elementor-widget-heading\" data-id=\"61d178a\" data-element_type=\"widget\" data-widget_type=\"heading.default\">\n\t\t\t\t<div class=\"elementor-widget-container\">\n\t\t\t\t\t<h2 class=\"elementor-heading-title elementor-size-default\">Pol\u00edcia Civil deflagra opera\u00e7\u00e3o \u201cCal\u00edfora\u201d e cumpre mandados e pris\u00e3o e de busca e apreens\u00e3o em Xaxim <\/h2>\t\t\t\t<\/div>\n\t\t\t\t<\/div>\n\t\t\t\t\t<\/div>\n\t\t<\/div>\n\t\t\t\t\t<\/div>\n\t\t<\/section>\n\t\t\t\t<section class=\"elementor-section elementor-top-section elementor-element elementor-element-2901a3b elementor-section-boxed elementor-section-height-default elementor-section-height-default\" data-id=\"2901a3b\" data-element_type=\"section\">\n\t\t\t\t\t\t<div class=\"elementor-container elementor-column-gap-default\">\n\t\t\t\t\t<div class=\"elementor-column elementor-col-100 elementor-top-column elementor-element elementor-element-91d17e5\" data-id=\"91d17e5\" data-element_type=\"column\">\n\t\t\t<div class=\"elementor-widget-wrap elementor-element-populated\">\n\t\t\t\t\t\t<div class=\"elementor-element elementor-element-97953ea elementor-widget elementor-widget-image\" data-id=\"97953ea\" data-element_type=\"widget\" data-widget_type=\"image.default\">\n\t\t\t\t<div class=\"elementor-widget-container\">\n\t\t\t\t\t\t\t\t\t\t\t\t\t\t\t<img fetchpriority=\"high\" decoding=\"async\" width=\"696\" height=\"660\" src=\"https:\/\/pc.sc.gov.br\/\/wp-content\/uploads\/2024\/01\/WhatsApp-Image-2024-01-19-at-09.19.27.jpeg\" class=\"attachment-large size-large wp-image-16715\" alt=\"\" srcset=\"https:\/\/pc.sc.gov.br\/\/wp-content\/uploads\/2024\/01\/WhatsApp-Image-2024-01-19-at-09.19.27.jpeg 1024w, https:\/\/pc.sc.gov.br\/\/wp-content\/uploads\/2024\/01\/WhatsApp-Image-2024-01-19-at-09.19.27-300x284.jpeg 300w, https:\/\/pc.sc.gov.br\/\/wp-content\/uploads\/2024\/01\/WhatsApp-Image-2024-01-19-at-09.19.27-768x728.jpeg 768w\" sizes=\"(max-width: 696px) 100vw, 696px\" \/>\t\t\t\t\t\t\t\t\t\t\t\t\t\t\t<\/div>\n\t\t\t\t<\/div>\n\t\t\t\t\t<\/div>\n\t\t<\/div>\n\t\t\t\t\t<\/div>\n\t\t<\/section>\n\t\t\t\t<section class=\"elementor-section elementor-top-section elementor-element elementor-element-2058cea elementor-section-boxed elementor-section-height-default elementor-section-height-default\" data-id=\"2058cea\" data-element_type=\"section\">\n\t\t\t\t\t\t<div class=\"elementor-container elementor-column-gap-default\">\n\t\t\t\t\t<div class=\"elementor-column elementor-col-100 elementor-top-column elementor-element elementor-element-abfe114\" data-id=\"abfe114\" data-element_type=\"column\">\n\t\t\t<div class=\"elementor-widget-wrap elementor-element-populated\">\n\t\t\t\t\t\t<div class=\"elementor-element elementor-element-b247ae9 elementor-widget elementor-widget-text-editor\" data-id=\"b247ae9\" data-element_type=\"widget\" data-widget_type=\"text-editor.default\">\n\t\t\t\t<div class=\"elementor-widget-container\">\n\t\t\t\t\t\t\t\t\t<p>Nesta sexta-feira (19), a Pol\u00edcia Civil de Santa Catarina, por meio da Delegacia de Pol\u00edcia Civil de Xaxim, com apoio da Coordenadoria de Opera\u00e7\u00f5es e Recursos Especiais (CORE), do Servi\u00e7o Aeropolicial de Fronteira (SAER), da Divis\u00e3o de Investiga\u00e7\u00e3o Criminal de Fronteira de Xanxer\u00ea (DIC) e de policiais civis das Comarcas de Abelardo Luz, Ponte Serrada e Xanxer\u00ea, deflagrou a 1\u00aa Fase da \u201cOpera\u00e7\u00e3o Cal\u00edfora\u201d, que visou ao cumprimento de mandados de pris\u00e3o e de busca e apreens\u00e3o de investigados pelos crimes de homic\u00eddio, tr\u00e1fico de drogas e organiza\u00e7\u00e3o criminosa.<br>Participaram da opera\u00e7\u00e3o 35 (trinta e cinco) policiais civis, que contaram com o aux\u00edlio, ainda, do N\u00facleo de Opera\u00e7\u00f5es com C\u00e3es (NOCs) de Xanxer\u00ea, Chapec\u00f3, Conc\u00f3rdia e S\u00e3o Louren\u00e7o do Oeste, bem como de integrantes da \u201cOpera\u00e7\u00e3o H\u00f3rus\u201d, sendo empregadas mais de 15 (quinze) viaturas policiais.<br>No total, foram cumpridos 08 (oito) mandados judiciais expedidos pela Vara Criminal da Comarca de Xaxim, todos com manifesta\u00e7\u00e3o favor\u00e1vel do Minist\u00e9rio P\u00fablico, sendo 03 (tr\u00eas) de pris\u00e3o e 05 (cinco) de busca e apreens\u00e3o. Dois indiv\u00edduos est\u00e3o foragidos.<br>As dilig\u00eancias foram realizadas em decorr\u00eancia da investiga\u00e7\u00e3o do homic\u00eddio de um adolescente, \u00e0 \u00e9poca com 15 (quinze) anos de idade, cujo cad\u00e1ver foi localizado enterrado em \u00e1rea de mata, nas proximidades da Rua Jos\u00e9 Lando, no Bairro Santa Terezinha, na cidade de Xaxim, por volta das 10h00min do dia 03 de janeiro de 2024.<br>De acordo com as investiga\u00e7\u00f5es, a v\u00edtima teria sido morta pela inadimpl\u00eancia de uma d\u00edvida de drogas.<\/p>\t\t\t\t\t\t\t\t<\/div>\n\t\t\t\t<\/div>\n\t\t\t\t\t<\/div>\n\t\t<\/div>\n\t\t\t\t\t<\/div>\n\t\t<\/section>\n\t\t\t\t<\/div>\n\t\t","protected":false},"excerpt":{"rendered":"<p>Pol\u00edcia Civil deflagra opera\u00e7\u00e3o \u201cCal\u00edfora\u201d e cumpre mandados e pris\u00e3o e de busca e apreens\u00e3o em Xaxim Nesta sexta-feira (19), a Pol\u00edcia Civil de Santa Catarina, por meio da Delegacia de Pol\u00edcia Civil de Xaxim, com apoio da Coordenadoria de Opera\u00e7\u00f5es e Recursos Especiais (CORE), do Servi\u00e7o Aeropolicial de Fronteira (SAER), da Divis\u00e3o de Investiga\u00e7\u00e3o [&hellip;]<\/p>\n","protected":false},"author":5,"featured_media":16715,"comment_status":"closed","ping_status":"open","sticky":false,"template":"","format":"standard","meta":{"_monsterinsights_skip_tracking":false,"_monsterinsights_sitenote_active":false,"_monsterinsights_sitenote_note":"","_monsterinsights_sitenote_category":0,"footnotes":""},"categories":[1],"tags":[],"class_list":["post-16714","post","type-post","status-publish","format-standard","has-post-thumbnail","hentry","category-sem-categoria"],"_links":{"self":[{"href":"https:\/\/pc.sc.gov.br\/index.php?rest_route=\/wp\/v2\/posts\/16714","targetHints":{"allow":["GET"]}}],"collection":[{"href":"https:\/\/pc.sc.gov.br\/index.php?rest_route=\/wp\/v2\/posts"}],"about":[{"href":"https:\/\/pc.sc.gov.br\/index.php?rest_route=\/wp\/v2\/types\/post"}],"author":[{"embeddable":true,"href":"https:\/\/pc.sc.gov.br\/index.php?rest_route=\/wp\/v2\/users\/5"}],"replies":[{"embeddable":true,"href":"https:\/\/pc.sc.gov.br\/index.php?rest_route=%2Fwp%2Fv2%2Fcomments&post=16714"}],"version-history":[{"count":4,"href":"https:\/\/pc.sc.gov.br\/index.php?rest_route=\/wp\/v2\/posts\/16714\/revisions"}],"predecessor-version":[{"id":16720,"href":"https:\/\/pc.sc.gov.br\/index.php?rest_route=\/wp\/v2\/posts\/16714\/revisions\/16720"}],"wp:featuredmedia":[{"embeddable":true,"href":"https:\/\/pc.sc.gov.br\/index.php?rest_route=\/wp\/v2\/media\/16715"}],"wp:attachment":[{"href":"https:\/\/pc.sc.gov.br\/index.php?rest_route=%2Fwp%2Fv2%2Fmedia&parent=16714"}],"wp:term":[{"taxonomy":"category","embeddable":true,"href":"https:\/\/pc.sc.gov.br\/index.php?rest_route=%2Fwp%2Fv2%2Fcategories&post=16714"},{"taxonomy":"post_tag","embeddable":true,"href":"https:\/\/pc.sc.gov.br\/index.php?rest_route=%2Fwp%2Fv2%2Ftags&post=16714"}],"curies":[{"name":"wp","href":"https:\/\/api.w.org\/{rel}","templated":true}]}}