{"id":16726,"date":"2024-01-22T17:47:52","date_gmt":"2024-01-22T20:47:52","guid":{"rendered":"https:\/\/pc.sc.gov.br\/?p=16726"},"modified":"2024-01-22T17:48:59","modified_gmt":"2024-01-22T20:48:59","slug":"em-santo-amaro-da-imperatriz-delegacia-de-capturas-da-deic-recaptura-foragida-condenada-por-latrocinio-e-corrupcao-de-menores","status":"publish","type":"post","link":"https:\/\/pc.sc.gov.br\/?p=16726","title":{"rendered":"Em Santo Amaro da Imperatriz, Delegacia de Capturas da DEIC recaptura foragida condenada por latroc\u00ednio e corrup\u00e7\u00e3o de menores"},"content":{"rendered":"\t\t<div data-elementor-type=\"wp-post\" data-elementor-id=\"16726\" class=\"elementor elementor-16726\" data-elementor-post-type=\"post\">\n\t\t\t\t\t\t<section class=\"elementor-section elementor-top-section elementor-element elementor-element-33514c9 elementor-section-boxed elementor-section-height-default elementor-section-height-default\" data-id=\"33514c9\" data-element_type=\"section\">\n\t\t\t\t\t\t<div class=\"elementor-container elementor-column-gap-default\">\n\t\t\t\t\t<div class=\"elementor-column elementor-col-100 elementor-top-column elementor-element elementor-element-d7108d7\" data-id=\"d7108d7\" data-element_type=\"column\">\n\t\t\t<div class=\"elementor-widget-wrap elementor-element-populated\">\n\t\t\t\t\t\t<div class=\"elementor-element elementor-element-c1a8b15 elementor-widget elementor-widget-heading\" data-id=\"c1a8b15\" data-element_type=\"widget\" data-widget_type=\"heading.default\">\n\t\t\t\t<div class=\"elementor-widget-container\">\n\t\t\t\t\t<h2 class=\"elementor-heading-title elementor-size-default\">Em Santo Amaro da Imperatriz, Delegacia de Capturas da DEIC recaptura foragida condenada por latroc\u00ednio e corrup\u00e7\u00e3o de menores <\/h2>\t\t\t\t<\/div>\n\t\t\t\t<\/div>\n\t\t\t\t\t<\/div>\n\t\t<\/div>\n\t\t\t\t\t<\/div>\n\t\t<\/section>\n\t\t\t\t<section class=\"elementor-section elementor-top-section elementor-element elementor-element-9dd6b64 elementor-section-boxed elementor-section-height-default elementor-section-height-default\" data-id=\"9dd6b64\" data-element_type=\"section\">\n\t\t\t\t\t\t<div class=\"elementor-container elementor-column-gap-default\">\n\t\t\t\t\t<div class=\"elementor-column elementor-col-100 elementor-top-column elementor-element elementor-element-7c70e25\" data-id=\"7c70e25\" data-element_type=\"column\">\n\t\t\t<div class=\"elementor-widget-wrap elementor-element-populated\">\n\t\t\t\t\t\t<div class=\"elementor-element elementor-element-60a8111 elementor-widget elementor-widget-image\" data-id=\"60a8111\" data-element_type=\"widget\" data-widget_type=\"image.default\">\n\t\t\t\t<div class=\"elementor-widget-container\">\n\t\t\t\t\t\t\t\t\t\t\t\t\t\t\t<img fetchpriority=\"high\" decoding=\"async\" width=\"696\" height=\"534\" src=\"https:\/\/pc.sc.gov.br\/\/wp-content\/uploads\/2023\/04\/VIATURA_000000000023.jpg\" class=\"attachment-large size-large wp-image-7988\" alt=\"viatura da policia civil sombra de policial civil\" srcset=\"https:\/\/pc.sc.gov.br\/\/wp-content\/uploads\/2023\/04\/VIATURA_000000000023.jpg 939w, https:\/\/pc.sc.gov.br\/\/wp-content\/uploads\/2023\/04\/VIATURA_000000000023-300x230.jpg 300w, https:\/\/pc.sc.gov.br\/\/wp-content\/uploads\/2023\/04\/VIATURA_000000000023-768x589.jpg 768w\" sizes=\"(max-width: 696px) 100vw, 696px\" \/>\t\t\t\t\t\t\t\t\t\t\t\t\t\t\t<\/div>\n\t\t\t\t<\/div>\n\t\t\t\t<div class=\"elementor-element elementor-element-bd68535 elementor-widget elementor-widget-text-editor\" data-id=\"bd68535\" data-element_type=\"widget\" data-widget_type=\"text-editor.default\">\n\t\t\t\t<div class=\"elementor-widget-container\">\n\t\t\t\t\t\t\t\t\t<p>Nesta segunda-feira (22), a Pol\u00edcia Civil de Santa Catarina, por meio da Delegacia de Capturas da Diretoria Estadual de Investiga\u00e7\u00f5es Criminais, recapturou uma mulher que estava foragida do Sistema Prisional de Lages. A mulher foi condenada pela Justi\u00e7a Catarinense ao cumprimento de 29 anos e 10 meses de pris\u00e3o pelos crimes de latroc\u00ednio e corrup\u00e7\u00e3o de menores.\u00a0<\/p><p>Ap\u00f3s solicita\u00e7\u00e3o de apoio da Pol\u00edcia Federal de Lages, dilig\u00eancias investigativas foram realizadas e foi poss\u00edvel obter o paradeiro da foragida, que estava homiziada na regi\u00e3o rural de Santo Amaro da Imperatriz, onde foi presa nesta tarde. A procurada foi conduzida \u00e0 sede da DEIC, onde permanecer\u00e1 \u00e0 disposi\u00e7\u00e3o do Poder Judici\u00e1rio para a realiza\u00e7\u00e3o de audi\u00eancia de cust\u00f3dia.<\/p><p>Den\u00fancias e informa\u00e7\u00f5es relacionadas a foragidos da Justi\u00e7a podem ser encaminhadas para o e-mail deic-capturas@pc.sc.gov.br. Al\u00e9m disso, pelo Portal Foragidos da PCSC \u00e9 poss\u00edvel conhecer a rela\u00e7\u00e3o de procurados pela Justi\u00e7a. A Pol\u00edcia Civil de Santa Catarina garante o anonimato de quem prestar informa\u00e7\u00f5es sobre foragidos.<\/p>\t\t\t\t\t\t\t\t<\/div>\n\t\t\t\t<\/div>\n\t\t\t\t\t<\/div>\n\t\t<\/div>\n\t\t\t\t\t<\/div>\n\t\t<\/section>\n\t\t\t\t<\/div>\n\t\t","protected":false},"excerpt":{"rendered":"<p>Em Santo Amaro da Imperatriz, Delegacia de Capturas da DEIC recaptura foragida condenada por latroc\u00ednio e corrup\u00e7\u00e3o de menores Nesta segunda-feira (22), a Pol\u00edcia Civil de Santa Catarina, por meio da Delegacia de Capturas da Diretoria Estadual de Investiga\u00e7\u00f5es Criminais, recapturou uma mulher que estava foragida do Sistema Prisional de Lages. A mulher foi condenada [&hellip;]<\/p>\n","protected":false},"author":5,"featured_media":7988,"comment_status":"closed","ping_status":"open","sticky":false,"template":"","format":"standard","meta":{"_monsterinsights_skip_tracking":false,"_monsterinsights_sitenote_active":false,"_monsterinsights_sitenote_note":"","_monsterinsights_sitenote_category":0,"footnotes":""},"categories":[1],"tags":[],"class_list":["post-16726","post","type-post","status-publish","format-standard","has-post-thumbnail","hentry","category-sem-categoria"],"_links":{"self":[{"href":"https:\/\/pc.sc.gov.br\/index.php?rest_route=\/wp\/v2\/posts\/16726","targetHints":{"allow":["GET"]}}],"collection":[{"href":"https:\/\/pc.sc.gov.br\/index.php?rest_route=\/wp\/v2\/posts"}],"about":[{"href":"https:\/\/pc.sc.gov.br\/index.php?rest_route=\/wp\/v2\/types\/post"}],"author":[{"embeddable":true,"href":"https:\/\/pc.sc.gov.br\/index.php?rest_route=\/wp\/v2\/users\/5"}],"replies":[{"embeddable":true,"href":"https:\/\/pc.sc.gov.br\/index.php?rest_route=%2Fwp%2Fv2%2Fcomments&post=16726"}],"version-history":[{"count":4,"href":"https:\/\/pc.sc.gov.br\/index.php?rest_route=\/wp\/v2\/posts\/16726\/revisions"}],"predecessor-version":[{"id":16730,"href":"https:\/\/pc.sc.gov.br\/index.php?rest_route=\/wp\/v2\/posts\/16726\/revisions\/16730"}],"wp:featuredmedia":[{"embeddable":true,"href":"https:\/\/pc.sc.gov.br\/index.php?rest_route=\/wp\/v2\/media\/7988"}],"wp:attachment":[{"href":"https:\/\/pc.sc.gov.br\/index.php?rest_route=%2Fwp%2Fv2%2Fmedia&parent=16726"}],"wp:term":[{"taxonomy":"category","embeddable":true,"href":"https:\/\/pc.sc.gov.br\/index.php?rest_route=%2Fwp%2Fv2%2Fcategories&post=16726"},{"taxonomy":"post_tag","embeddable":true,"href":"https:\/\/pc.sc.gov.br\/index.php?rest_route=%2Fwp%2Fv2%2Ftags&post=16726"}],"curies":[{"name":"wp","href":"https:\/\/api.w.org\/{rel}","templated":true}]}}