{"id":16731,"date":"2024-01-22T18:22:15","date_gmt":"2024-01-22T21:22:15","guid":{"rendered":"https:\/\/pc.sc.gov.br\/?p=16731"},"modified":"2024-01-22T18:25:04","modified_gmt":"2024-01-22T21:25:04","slug":"acao-conjunta-entre-policias-civil-e-militar-resulta-em-prisao-de-segundo-autor-de-roubo-de-um-veiculo-em-palhoca","status":"publish","type":"post","link":"https:\/\/pc.sc.gov.br\/?p=16731","title":{"rendered":"A\u00e7\u00e3o conjunta entre Pol\u00edcias Civil e Militar resulta em pris\u00e3o de segundo autor de roubo de um ve\u00edculo em Palho\u00e7a"},"content":{"rendered":"\t\t<div data-elementor-type=\"wp-post\" data-elementor-id=\"16731\" class=\"elementor elementor-16731\" data-elementor-post-type=\"post\">\n\t\t\t\t\t\t<section class=\"elementor-section elementor-top-section elementor-element elementor-element-fc38c55 elementor-section-boxed elementor-section-height-default elementor-section-height-default\" data-id=\"fc38c55\" data-element_type=\"section\">\n\t\t\t\t\t\t<div class=\"elementor-container elementor-column-gap-default\">\n\t\t\t\t\t<div class=\"elementor-column elementor-col-100 elementor-top-column elementor-element elementor-element-8909af2\" data-id=\"8909af2\" data-element_type=\"column\">\n\t\t\t<div class=\"elementor-widget-wrap elementor-element-populated\">\n\t\t\t\t\t\t<div class=\"elementor-element elementor-element-9df55e3 elementor-widget elementor-widget-heading\" data-id=\"9df55e3\" data-element_type=\"widget\" data-widget_type=\"heading.default\">\n\t\t\t\t<div class=\"elementor-widget-container\">\n\t\t\t\t\t<h2 class=\"elementor-heading-title elementor-size-default\">A\u00e7\u00e3o conjunta entre Pol\u00edcias Civil e Militar resulta em pris\u00e3o de segundo autor de roubo de um ve\u00edculo em Palho\u00e7a<\/h2>\t\t\t\t<\/div>\n\t\t\t\t<\/div>\n\t\t\t\t\t<\/div>\n\t\t<\/div>\n\t\t\t\t\t<\/div>\n\t\t<\/section>\n\t\t\t\t<section class=\"elementor-section elementor-top-section elementor-element elementor-element-7e1a605 elementor-section-boxed elementor-section-height-default elementor-section-height-default\" data-id=\"7e1a605\" data-element_type=\"section\">\n\t\t\t\t\t\t<div class=\"elementor-container elementor-column-gap-default\">\n\t\t\t\t\t<div class=\"elementor-column elementor-col-100 elementor-top-column elementor-element elementor-element-aa7b183\" data-id=\"aa7b183\" data-element_type=\"column\">\n\t\t\t<div class=\"elementor-widget-wrap elementor-element-populated\">\n\t\t\t\t\t\t<div class=\"elementor-element elementor-element-071d591 elementor-widget elementor-widget-image\" data-id=\"071d591\" data-element_type=\"widget\" data-widget_type=\"image.default\">\n\t\t\t\t<div class=\"elementor-widget-container\">\n\t\t\t\t\t\t\t\t\t\t\t\t\t\t\t<img fetchpriority=\"high\" decoding=\"async\" width=\"696\" height=\"521\" src=\"https:\/\/pc.sc.gov.br\/\/wp-content\/uploads\/2023\/01\/DEIC_01-1024x767.jpg\" class=\"attachment-large size-large wp-image-3652\" alt=\"parede cinza com o s\u00edmbolo da policia civil e a palavra DEIC ambas em dourado\" srcset=\"https:\/\/pc.sc.gov.br\/\/wp-content\/uploads\/2023\/01\/DEIC_01-1024x767.jpg 1024w, https:\/\/pc.sc.gov.br\/\/wp-content\/uploads\/2023\/01\/DEIC_01-300x225.jpg 300w, https:\/\/pc.sc.gov.br\/\/wp-content\/uploads\/2023\/01\/DEIC_01-768x575.jpg 768w, https:\/\/pc.sc.gov.br\/\/wp-content\/uploads\/2023\/01\/DEIC_01.jpg 1280w\" sizes=\"(max-width: 696px) 100vw, 696px\" \/>\t\t\t\t\t\t\t\t\t\t\t\t\t\t\t<\/div>\n\t\t\t\t<\/div>\n\t\t\t\t\t<\/div>\n\t\t<\/div>\n\t\t\t\t\t<\/div>\n\t\t<\/section>\n\t\t\t\t<section class=\"elementor-section elementor-top-section elementor-element elementor-element-b9a063c elementor-section-boxed elementor-section-height-default elementor-section-height-default\" data-id=\"b9a063c\" data-element_type=\"section\">\n\t\t\t\t\t\t<div class=\"elementor-container elementor-column-gap-default\">\n\t\t\t\t\t<div class=\"elementor-column elementor-col-100 elementor-top-column elementor-element elementor-element-4b1ad09\" data-id=\"4b1ad09\" data-element_type=\"column\">\n\t\t\t<div class=\"elementor-widget-wrap elementor-element-populated\">\n\t\t\t\t\t\t<div class=\"elementor-element elementor-element-fd64487 elementor-widget elementor-widget-text-editor\" data-id=\"fd64487\" data-element_type=\"widget\" data-widget_type=\"text-editor.default\">\n\t\t\t\t<div class=\"elementor-widget-container\">\n\t\t\t\t\t\t\t\t\t<p>No \u00faltimo s\u00e1bado (20), foi dado cumprimento a um mandado de pris\u00e3o tempor\u00e1ria, expedido em desfavor de um homem no bairro Barreiros, em S\u00e3o Jos\u00e9, ap\u00f3s trabalho em conjunto entre a Pol\u00edcia Civil de Santa Catarina, por meio da Delegacia de Furtos e Roubos de Ve\u00edculos da Diretoria Estadual de Investiga\u00e7\u00f5es Criminais, e a Pol\u00edcia Militar de Santa Catarina.<br \/>O homem preso no s\u00e1bado e mais outro, que foi preso no dia 26 de outubro do ano passado, foram respons\u00e1veis pelo roubo de um ve\u00edculo e dos pertences pessoais de uma v\u00edtima, no bairro Ariri\u00fa, em Palho\u00e7a, ocorrido em 27 de setembro de 2023. A v\u00edtima \u00e9 m\u00e3e de um policial militar.<br \/>O ve\u00edculo foi recuperado ainda no m\u00eas de setembro, na Avenida das Torres, em S\u00e3o Jos\u00e9, ocasi\u00e3o em que iniciaram as investiga\u00e7\u00f5es e que se esclareceu a autoria do delito. Ambos os autores encontram-se na Penitenci\u00e1ria de Florian\u00f3polis \u00e0 disposi\u00e7\u00e3o do Poder Judici\u00e1rio.<\/p>\t\t\t\t\t\t\t\t<\/div>\n\t\t\t\t<\/div>\n\t\t\t\t\t<\/div>\n\t\t<\/div>\n\t\t\t\t\t<\/div>\n\t\t<\/section>\n\t\t\t\t<\/div>\n\t\t","protected":false},"excerpt":{"rendered":"<p>A\u00e7\u00e3o conjunta entre Pol\u00edcias Civil e Militar resulta em pris\u00e3o de segundo autor de roubo de um ve\u00edculo em Palho\u00e7a No \u00faltimo s\u00e1bado (20), foi dado cumprimento a um mandado de pris\u00e3o tempor\u00e1ria, expedido em desfavor de um homem no bairro Barreiros, em S\u00e3o Jos\u00e9, ap\u00f3s trabalho em conjunto entre a Pol\u00edcia Civil de Santa [&hellip;]<\/p>\n","protected":false},"author":5,"featured_media":10791,"comment_status":"closed","ping_status":"open","sticky":false,"template":"","format":"standard","meta":{"_monsterinsights_skip_tracking":false,"_monsterinsights_sitenote_active":false,"_monsterinsights_sitenote_note":"","_monsterinsights_sitenote_category":0,"footnotes":""},"categories":[1],"tags":[],"class_list":["post-16731","post","type-post","status-publish","format-standard","has-post-thumbnail","hentry","category-sem-categoria"],"_links":{"self":[{"href":"https:\/\/pc.sc.gov.br\/index.php?rest_route=\/wp\/v2\/posts\/16731","targetHints":{"allow":["GET"]}}],"collection":[{"href":"https:\/\/pc.sc.gov.br\/index.php?rest_route=\/wp\/v2\/posts"}],"about":[{"href":"https:\/\/pc.sc.gov.br\/index.php?rest_route=\/wp\/v2\/types\/post"}],"author":[{"embeddable":true,"href":"https:\/\/pc.sc.gov.br\/index.php?rest_route=\/wp\/v2\/users\/5"}],"replies":[{"embeddable":true,"href":"https:\/\/pc.sc.gov.br\/index.php?rest_route=%2Fwp%2Fv2%2Fcomments&post=16731"}],"version-history":[{"count":4,"href":"https:\/\/pc.sc.gov.br\/index.php?rest_route=\/wp\/v2\/posts\/16731\/revisions"}],"predecessor-version":[{"id":16735,"href":"https:\/\/pc.sc.gov.br\/index.php?rest_route=\/wp\/v2\/posts\/16731\/revisions\/16735"}],"wp:featuredmedia":[{"embeddable":true,"href":"https:\/\/pc.sc.gov.br\/index.php?rest_route=\/wp\/v2\/media\/10791"}],"wp:attachment":[{"href":"https:\/\/pc.sc.gov.br\/index.php?rest_route=%2Fwp%2Fv2%2Fmedia&parent=16731"}],"wp:term":[{"taxonomy":"category","embeddable":true,"href":"https:\/\/pc.sc.gov.br\/index.php?rest_route=%2Fwp%2Fv2%2Fcategories&post=16731"},{"taxonomy":"post_tag","embeddable":true,"href":"https:\/\/pc.sc.gov.br\/index.php?rest_route=%2Fwp%2Fv2%2Ftags&post=16731"}],"curies":[{"name":"wp","href":"https:\/\/api.w.org\/{rel}","templated":true}]}}