{"id":16736,"date":"2024-01-23T16:06:07","date_gmt":"2024-01-23T19:06:07","guid":{"rendered":"https:\/\/pc.sc.gov.br\/?p=16736"},"modified":"2024-01-23T16:07:47","modified_gmt":"2024-01-23T19:07:47","slug":"dpcami-de-laguna-prende-suspeito-de-tentativa-de-feminicidio","status":"publish","type":"post","link":"https:\/\/pc.sc.gov.br\/?p=16736","title":{"rendered":"DPCAMI de Laguna prende suspeito de tentativa de feminic\u00eddio"},"content":{"rendered":"\t\t<div data-elementor-type=\"wp-post\" data-elementor-id=\"16736\" class=\"elementor elementor-16736\" data-elementor-post-type=\"post\">\n\t\t\t\t\t\t<section class=\"elementor-section elementor-top-section elementor-element elementor-element-ee862c0 elementor-section-boxed elementor-section-height-default elementor-section-height-default\" data-id=\"ee862c0\" data-element_type=\"section\">\n\t\t\t\t\t\t<div class=\"elementor-container elementor-column-gap-default\">\n\t\t\t\t\t<div class=\"elementor-column elementor-col-100 elementor-top-column elementor-element elementor-element-a385274\" data-id=\"a385274\" data-element_type=\"column\">\n\t\t\t<div class=\"elementor-widget-wrap elementor-element-populated\">\n\t\t\t\t\t\t<div class=\"elementor-element elementor-element-6e00423 elementor-widget elementor-widget-heading\" data-id=\"6e00423\" data-element_type=\"widget\" data-widget_type=\"heading.default\">\n\t\t\t\t<div class=\"elementor-widget-container\">\n\t\t\t\t\t<h2 class=\"elementor-heading-title elementor-size-default\">DPCAMI de Laguna prende suspeito de tentativa de feminic\u00eddio<\/h2>\t\t\t\t<\/div>\n\t\t\t\t<\/div>\n\t\t\t\t\t<\/div>\n\t\t<\/div>\n\t\t\t\t\t<\/div>\n\t\t<\/section>\n\t\t\t\t<section class=\"elementor-section elementor-top-section elementor-element elementor-element-0ce6249 elementor-section-boxed elementor-section-height-default elementor-section-height-default\" data-id=\"0ce6249\" data-element_type=\"section\">\n\t\t\t\t\t\t<div class=\"elementor-container elementor-column-gap-default\">\n\t\t\t\t\t<div class=\"elementor-column elementor-col-100 elementor-top-column elementor-element elementor-element-493d2cd\" data-id=\"493d2cd\" data-element_type=\"column\">\n\t\t\t<div class=\"elementor-widget-wrap elementor-element-populated\">\n\t\t\t\t\t\t<div class=\"elementor-element elementor-element-b52227a elementor-widget elementor-widget-image\" data-id=\"b52227a\" data-element_type=\"widget\" data-widget_type=\"image.default\">\n\t\t\t\t<div class=\"elementor-widget-container\">\n\t\t\t\t\t\t\t\t\t\t\t\t\t\t\t<img fetchpriority=\"high\" decoding=\"async\" width=\"696\" height=\"464\" src=\"https:\/\/pc.sc.gov.br\/\/wp-content\/uploads\/2024\/01\/dsc_0720_51468326894_o-1024x683.jpg\" class=\"attachment-large size-large wp-image-16458\" alt=\"\" srcset=\"https:\/\/pc.sc.gov.br\/\/wp-content\/uploads\/2024\/01\/dsc_0720_51468326894_o-1024x683.jpg 1024w, https:\/\/pc.sc.gov.br\/\/wp-content\/uploads\/2024\/01\/dsc_0720_51468326894_o-300x200.jpg 300w, https:\/\/pc.sc.gov.br\/\/wp-content\/uploads\/2024\/01\/dsc_0720_51468326894_o-768x512.jpg 768w, https:\/\/pc.sc.gov.br\/\/wp-content\/uploads\/2024\/01\/dsc_0720_51468326894_o-1536x1024.jpg 1536w, https:\/\/pc.sc.gov.br\/\/wp-content\/uploads\/2024\/01\/dsc_0720_51468326894_o-2048x1365.jpg 2048w\" sizes=\"(max-width: 696px) 100vw, 696px\" \/>\t\t\t\t\t\t\t\t\t\t\t\t\t\t\t<\/div>\n\t\t\t\t<\/div>\n\t\t\t\t\t<\/div>\n\t\t<\/div>\n\t\t\t\t\t<\/div>\n\t\t<\/section>\n\t\t\t\t<section class=\"elementor-section elementor-top-section elementor-element elementor-element-8984a34 elementor-section-boxed elementor-section-height-default elementor-section-height-default\" data-id=\"8984a34\" data-element_type=\"section\">\n\t\t\t\t\t\t<div class=\"elementor-container elementor-column-gap-default\">\n\t\t\t\t\t<div class=\"elementor-column elementor-col-100 elementor-top-column elementor-element elementor-element-15b9417\" data-id=\"15b9417\" data-element_type=\"column\">\n\t\t\t<div class=\"elementor-widget-wrap elementor-element-populated\">\n\t\t\t\t\t\t<div class=\"elementor-element elementor-element-3b79815 elementor-widget elementor-widget-text-editor\" data-id=\"3b79815\" data-element_type=\"widget\" data-widget_type=\"text-editor.default\">\n\t\t\t\t<div class=\"elementor-widget-container\">\n\t\t\t\t\t\t\t\t\t<p>A Pol\u00edcia Civil de Santa Cataria, por meio da Delegacia de Prote\u00e7\u00e3o \u00e0 Crian\u00e7a, ao Adolescente, \u00e0&nbsp; Mulher e ao Idoso (DPCAMI) de Laguna cumpriu nesta ter\u00e7a-feira (23) mandado de pris\u00e3o preventiva do suspeito de tentativa de feminic\u00eddio ocorrido na madrugada do dia 09\/01\/2024, no bairro Vila Vit\u00f3ria, em Laguna.&nbsp;<\/p>\n<p>A v\u00edtima prestou declara\u00e7\u00f5es e relatou que teria sido esfaqueada pelo companheiro ap\u00f3s dizer a ele n\u00e3o queria continuar com a rela\u00e7\u00e3o, recebendo golpes no pesco\u00e7o, no peito e no abd\u00f4men, sendo socorrida pela filha e pelo genro, que acionaram a pol\u00edcia e o SAMU, sendo a v\u00edtima encaminhada ao hospital para atendimento m\u00e9dico.&nbsp;<\/p>\n<p>Iniciadas as investiga\u00e7\u00f5es, e considerando as evid\u00eancias colhidas no Inqu\u00e9rito Policial, o Delegado de Pol\u00edcia representou pela decreta\u00e7\u00e3o da pris\u00e3o preventiva junto ao Poder Judici\u00e1rio da Comarca que, ap\u00f3s ouvir o Minist\u00e9rio P\u00fablico, decretou a ordem.&nbsp;<span style=\"font-family: var( --e-global-typography-primary-font-family ), Sans-serif; font-size: var( --e-global-typography-primary-font-size ); font-weight: var( --e-global-typography-primary-font-weight ); letter-spacing: var( --e-global-typography-primary-letter-spacing );\">Ressalta-se que as investiga\u00e7\u00f5es prosseguem e nos pr\u00f3ximos dias, com a conclus\u00e3o dos trabalhos, o Inqu\u00e9rito ser\u00e1 remetido ao Poder Judici\u00e1rio.<\/span><\/p>\n<div>&nbsp;<\/div>\t\t\t\t\t\t\t\t<\/div>\n\t\t\t\t<\/div>\n\t\t\t\t\t<\/div>\n\t\t<\/div>\n\t\t\t\t\t<\/div>\n\t\t<\/section>\n\t\t\t\t<\/div>\n\t\t","protected":false},"excerpt":{"rendered":"<p>DPCAMI de Laguna prende suspeito de tentativa de feminic\u00eddio A Pol\u00edcia Civil de Santa Cataria, por meio da Delegacia de Prote\u00e7\u00e3o \u00e0 Crian\u00e7a, ao Adolescente, \u00e0&nbsp; Mulher e ao Idoso (DPCAMI) de Laguna cumpriu nesta ter\u00e7a-feira (23) mandado de pris\u00e3o preventiva do suspeito de tentativa de feminic\u00eddio ocorrido na madrugada do dia 09\/01\/2024, no bairro [&hellip;]<\/p>\n","protected":false},"author":5,"featured_media":15729,"comment_status":"closed","ping_status":"open","sticky":false,"template":"","format":"standard","meta":{"_monsterinsights_skip_tracking":false,"_monsterinsights_sitenote_active":false,"_monsterinsights_sitenote_note":"","_monsterinsights_sitenote_category":0,"footnotes":""},"categories":[1],"tags":[],"class_list":["post-16736","post","type-post","status-publish","format-standard","has-post-thumbnail","hentry","category-sem-categoria"],"_links":{"self":[{"href":"https:\/\/pc.sc.gov.br\/index.php?rest_route=\/wp\/v2\/posts\/16736","targetHints":{"allow":["GET"]}}],"collection":[{"href":"https:\/\/pc.sc.gov.br\/index.php?rest_route=\/wp\/v2\/posts"}],"about":[{"href":"https:\/\/pc.sc.gov.br\/index.php?rest_route=\/wp\/v2\/types\/post"}],"author":[{"embeddable":true,"href":"https:\/\/pc.sc.gov.br\/index.php?rest_route=\/wp\/v2\/users\/5"}],"replies":[{"embeddable":true,"href":"https:\/\/pc.sc.gov.br\/index.php?rest_route=%2Fwp%2Fv2%2Fcomments&post=16736"}],"version-history":[{"count":4,"href":"https:\/\/pc.sc.gov.br\/index.php?rest_route=\/wp\/v2\/posts\/16736\/revisions"}],"predecessor-version":[{"id":16740,"href":"https:\/\/pc.sc.gov.br\/index.php?rest_route=\/wp\/v2\/posts\/16736\/revisions\/16740"}],"wp:featuredmedia":[{"embeddable":true,"href":"https:\/\/pc.sc.gov.br\/index.php?rest_route=\/wp\/v2\/media\/15729"}],"wp:attachment":[{"href":"https:\/\/pc.sc.gov.br\/index.php?rest_route=%2Fwp%2Fv2%2Fmedia&parent=16736"}],"wp:term":[{"taxonomy":"category","embeddable":true,"href":"https:\/\/pc.sc.gov.br\/index.php?rest_route=%2Fwp%2Fv2%2Fcategories&post=16736"},{"taxonomy":"post_tag","embeddable":true,"href":"https:\/\/pc.sc.gov.br\/index.php?rest_route=%2Fwp%2Fv2%2Ftags&post=16736"}],"curies":[{"name":"wp","href":"https:\/\/api.w.org\/{rel}","templated":true}]}}