{"id":16745,"date":"2024-01-23T17:07:29","date_gmt":"2024-01-23T20:07:29","guid":{"rendered":"https:\/\/pc.sc.gov.br\/?p=16745"},"modified":"2024-01-23T18:10:16","modified_gmt":"2024-01-23T21:10:16","slug":"delegacia-de-protecao-a-animais-domesticos-prende-mulher-que-mantinha-caes-em-maus-tratos-em-santo-amaro-da-imperatriz","status":"publish","type":"post","link":"https:\/\/pc.sc.gov.br\/?p=16745","title":{"rendered":"Delegacia de Prote\u00e7\u00e3o a Animais Dom\u00e9sticos prende mulher que mantinha c\u00e3es em maus-tratos em Santo Amaro da Imperatriz"},"content":{"rendered":"\t\t<div data-elementor-type=\"wp-post\" data-elementor-id=\"16745\" class=\"elementor elementor-16745\" data-elementor-post-type=\"post\">\n\t\t\t\t\t\t<section class=\"elementor-section elementor-top-section elementor-element elementor-element-ee8ca36 elementor-section-boxed elementor-section-height-default elementor-section-height-default\" data-id=\"ee8ca36\" data-element_type=\"section\">\n\t\t\t\t\t\t<div class=\"elementor-container elementor-column-gap-default\">\n\t\t\t\t\t<div class=\"elementor-column elementor-col-100 elementor-top-column elementor-element elementor-element-4672c54\" data-id=\"4672c54\" data-element_type=\"column\">\n\t\t\t<div class=\"elementor-widget-wrap elementor-element-populated\">\n\t\t\t\t\t\t<div class=\"elementor-element elementor-element-fcd2255 elementor-widget elementor-widget-heading\" data-id=\"fcd2255\" data-element_type=\"widget\" data-widget_type=\"heading.default\">\n\t\t\t\t<div class=\"elementor-widget-container\">\n\t\t\t\t\t<h2 class=\"elementor-heading-title elementor-size-default\">Delegacia de Prote\u00e7\u00e3o a Animais Dom\u00e9sticos prende mulher que mantinha c\u00e3es em maus-tratos em Santo Amaro da Imperatriz<\/h2>\t\t\t\t<\/div>\n\t\t\t\t<\/div>\n\t\t\t\t\t<\/div>\n\t\t<\/div>\n\t\t\t\t\t<\/div>\n\t\t<\/section>\n\t\t\t\t<section class=\"elementor-section elementor-top-section elementor-element elementor-element-a4960b8 elementor-section-boxed elementor-section-height-default elementor-section-height-default\" data-id=\"a4960b8\" data-element_type=\"section\">\n\t\t\t\t\t\t<div class=\"elementor-container elementor-column-gap-default\">\n\t\t\t\t\t<div class=\"elementor-column elementor-col-100 elementor-top-column elementor-element elementor-element-8becd56\" data-id=\"8becd56\" data-element_type=\"column\">\n\t\t\t<div class=\"elementor-widget-wrap elementor-element-populated\">\n\t\t\t\t\t\t<div class=\"elementor-element elementor-element-0b45bee elementor-widget elementor-widget-image\" data-id=\"0b45bee\" data-element_type=\"widget\" data-widget_type=\"image.default\">\n\t\t\t\t<div class=\"elementor-widget-container\">\n\t\t\t\t\t\t\t\t\t\t\t\t\t\t\t<img fetchpriority=\"high\" decoding=\"async\" width=\"696\" height=\"928\" src=\"https:\/\/pc.sc.gov.br\/\/wp-content\/uploads\/2024\/01\/WhatsApp-Image-2024-01-22-at-20.12.38-1-768x1024.jpeg\" class=\"attachment-large size-large wp-image-16746\" alt=\"\" srcset=\"https:\/\/pc.sc.gov.br\/\/wp-content\/uploads\/2024\/01\/WhatsApp-Image-2024-01-22-at-20.12.38-1-768x1024.jpeg 768w, https:\/\/pc.sc.gov.br\/\/wp-content\/uploads\/2024\/01\/WhatsApp-Image-2024-01-22-at-20.12.38-1-225x300.jpeg 225w, https:\/\/pc.sc.gov.br\/\/wp-content\/uploads\/2024\/01\/WhatsApp-Image-2024-01-22-at-20.12.38-1-1152x1536.jpeg 1152w, https:\/\/pc.sc.gov.br\/\/wp-content\/uploads\/2024\/01\/WhatsApp-Image-2024-01-22-at-20.12.38-1.jpeg 1200w\" sizes=\"(max-width: 696px) 100vw, 696px\" \/>\t\t\t\t\t\t\t\t\t\t\t\t\t\t\t<\/div>\n\t\t\t\t<\/div>\n\t\t\t\t\t<\/div>\n\t\t<\/div>\n\t\t\t\t\t<\/div>\n\t\t<\/section>\n\t\t\t\t<section class=\"elementor-section elementor-top-section elementor-element elementor-element-b0a51f9 elementor-section-boxed elementor-section-height-default elementor-section-height-default\" data-id=\"b0a51f9\" data-element_type=\"section\">\n\t\t\t\t\t\t<div class=\"elementor-container elementor-column-gap-default\">\n\t\t\t\t\t<div class=\"elementor-column elementor-col-100 elementor-top-column elementor-element elementor-element-173ea61\" data-id=\"173ea61\" data-element_type=\"column\">\n\t\t\t<div class=\"elementor-widget-wrap elementor-element-populated\">\n\t\t\t\t\t\t<div class=\"elementor-element elementor-element-147e2f0 elementor-widget elementor-widget-text-editor\" data-id=\"147e2f0\" data-element_type=\"widget\" data-widget_type=\"text-editor.default\">\n\t\t\t\t<div class=\"elementor-widget-container\">\n\t\t\t\t\t\t\t\t\t<p>Na segunda-feira (22), a Pol\u00edcia Civil de Santa Catarina, por meio da Delegacia de Prote\u00e7\u00e3o a Animais Dom\u00e9sticos do Departamento de Investiga\u00e7\u00e3o Criminal da Capital (DPA\/DIC), em opera\u00e7\u00e3o conjunta com a Diretoria de Bem-Estar Animal (DIBEA) de Palho\u00e7a e a Vigil\u00e2ncia em Sa\u00fade de Santo Amaro da Imperatriz, prendeu em flagrante uma mulher que mantinha animais em situa\u00e7\u00e3o de maus-tratos, em s\u00edtio localizado no munic\u00edpio de Santo Amaro da Imperatriz. <br><b>Entenda o caso<\/b><br>A Pol\u00edcia Civil e os \u00f3rg\u00e3os de bem-estar animal receberam den\u00fancias, formalizadas em boletins de ocorr\u00eancia, de que essa mulher recebia animais para hospedagem e, mesmo diante do pagamento para proporcionar os devidos cuidados, os c\u00e3es estavam em p\u00e9ssimas condi\u00e7\u00f5es de sa\u00fade e salubridade. <br>Inicialmente, a hospedagem dessa suspeita j\u00e1 havia sido fiscalizada nos munic\u00edpios de Palho\u00e7a e de Rancho Queimado, onde houve notifica\u00e7\u00e3o para adequa\u00e7\u00f5es. Ocorre que, mesmo ciente das suas obriga\u00e7\u00f5es, a respons\u00e1vel mudou-se para local totalmente inadequado para a atividade, em Santo Amaro da Imperatriz.<br>Durante a dilig\u00eancia de fiscaliza\u00e7\u00e3o conjunta no local, os \u00f3rg\u00e3os confirmaram as condi\u00e7\u00f5es inaceit\u00e1veis em que se encontravam os c\u00e3es. Os cachorros estavam em ambiente insalubre, sem acesso \u00e0 \u00e1gua, alimenta\u00e7\u00e3o e descanso adequado, nem abrigo contra intemp\u00e9ries clim\u00e1ticas. Alguns estavam presos em correntes e outros mantidos em espa\u00e7o pequeno para a quantidade de animais. Existia at\u00e9 mesmo cerca el\u00e9trica para controle dos c\u00e3es.<br>A respons\u00e1vel foi presa em flagrante pelo crime de maus-tratos qualificado, bem como foi nomeado deposit\u00e1rio fiel para os c\u00e3es, o qual dever\u00e1 providenciar a imediata restitui\u00e7\u00e3o dos animais aos tutores, at\u00e9 mesmo porque o ambiente foi interditado pela Vigil\u00e2ncia em Sa\u00fade por ser impr\u00f3prio para funcionar como hospedagem. <br>Formalizado o procedimento criminal na Central de Plant\u00e3o Policial de Palho\u00e7a, a presa permanece \u00e0 disposi\u00e7\u00e3o do Poder Judici\u00e1rio.<\/p>\t\t\t\t\t\t\t\t<\/div>\n\t\t\t\t<\/div>\n\t\t\t\t\t<\/div>\n\t\t<\/div>\n\t\t\t\t\t<\/div>\n\t\t<\/section>\n\t\t\t\t<section class=\"elementor-section elementor-top-section elementor-element elementor-element-cc3915c elementor-section-boxed elementor-section-height-default elementor-section-height-default\" data-id=\"cc3915c\" data-element_type=\"section\">\n\t\t\t\t\t\t<div class=\"elementor-container elementor-column-gap-default\">\n\t\t\t\t\t<div class=\"elementor-column elementor-col-100 elementor-top-column elementor-element elementor-element-e782902\" data-id=\"e782902\" data-element_type=\"column\">\n\t\t\t<div class=\"elementor-widget-wrap elementor-element-populated\">\n\t\t\t\t\t\t<div class=\"elementor-element elementor-element-eaf2218 elementor-widget elementor-widget-image\" data-id=\"eaf2218\" data-element_type=\"widget\" data-widget_type=\"image.default\">\n\t\t\t\t<div class=\"elementor-widget-container\">\n\t\t\t\t\t\t\t\t\t\t\t\t\t\t\t<img decoding=\"async\" width=\"696\" height=\"928\" src=\"https:\/\/pc.sc.gov.br\/\/wp-content\/uploads\/2024\/01\/WhatsApp-Image-2024-01-22-at-20.12.38-768x1024.jpeg\" class=\"attachment-large size-large wp-image-16747\" alt=\"\" srcset=\"https:\/\/pc.sc.gov.br\/\/wp-content\/uploads\/2024\/01\/WhatsApp-Image-2024-01-22-at-20.12.38-768x1024.jpeg 768w, https:\/\/pc.sc.gov.br\/\/wp-content\/uploads\/2024\/01\/WhatsApp-Image-2024-01-22-at-20.12.38-225x300.jpeg 225w, https:\/\/pc.sc.gov.br\/\/wp-content\/uploads\/2024\/01\/WhatsApp-Image-2024-01-22-at-20.12.38-1152x1536.jpeg 1152w, https:\/\/pc.sc.gov.br\/\/wp-content\/uploads\/2024\/01\/WhatsApp-Image-2024-01-22-at-20.12.38.jpeg 1200w\" sizes=\"(max-width: 696px) 100vw, 696px\" \/>\t\t\t\t\t\t\t\t\t\t\t\t\t\t\t<\/div>\n\t\t\t\t<\/div>\n\t\t\t\t\t<\/div>\n\t\t<\/div>\n\t\t\t\t\t<\/div>\n\t\t<\/section>\n\t\t\t\t<\/div>\n\t\t","protected":false},"excerpt":{"rendered":"<p>Delegacia de Prote\u00e7\u00e3o a Animais Dom\u00e9sticos prende mulher que mantinha c\u00e3es em maus-tratos em Santo Amaro da Imperatriz Na segunda-feira (22), a Pol\u00edcia Civil de Santa Catarina, por meio da Delegacia de Prote\u00e7\u00e3o a Animais Dom\u00e9sticos do Departamento de Investiga\u00e7\u00e3o Criminal da Capital (DPA\/DIC), em opera\u00e7\u00e3o conjunta com a Diretoria de Bem-Estar Animal (DIBEA) de [&hellip;]<\/p>\n","protected":false},"author":5,"featured_media":16746,"comment_status":"closed","ping_status":"open","sticky":false,"template":"","format":"standard","meta":{"_monsterinsights_skip_tracking":false,"_monsterinsights_sitenote_active":false,"_monsterinsights_sitenote_note":"","_monsterinsights_sitenote_category":0,"footnotes":""},"categories":[1],"tags":[],"class_list":["post-16745","post","type-post","status-publish","format-standard","has-post-thumbnail","hentry","category-sem-categoria"],"_links":{"self":[{"href":"https:\/\/pc.sc.gov.br\/index.php?rest_route=\/wp\/v2\/posts\/16745","targetHints":{"allow":["GET"]}}],"collection":[{"href":"https:\/\/pc.sc.gov.br\/index.php?rest_route=\/wp\/v2\/posts"}],"about":[{"href":"https:\/\/pc.sc.gov.br\/index.php?rest_route=\/wp\/v2\/types\/post"}],"author":[{"embeddable":true,"href":"https:\/\/pc.sc.gov.br\/index.php?rest_route=\/wp\/v2\/users\/5"}],"replies":[{"embeddable":true,"href":"https:\/\/pc.sc.gov.br\/index.php?rest_route=%2Fwp%2Fv2%2Fcomments&post=16745"}],"version-history":[{"count":7,"href":"https:\/\/pc.sc.gov.br\/index.php?rest_route=\/wp\/v2\/posts\/16745\/revisions"}],"predecessor-version":[{"id":16760,"href":"https:\/\/pc.sc.gov.br\/index.php?rest_route=\/wp\/v2\/posts\/16745\/revisions\/16760"}],"wp:featuredmedia":[{"embeddable":true,"href":"https:\/\/pc.sc.gov.br\/index.php?rest_route=\/wp\/v2\/media\/16746"}],"wp:attachment":[{"href":"https:\/\/pc.sc.gov.br\/index.php?rest_route=%2Fwp%2Fv2%2Fmedia&parent=16745"}],"wp:term":[{"taxonomy":"category","embeddable":true,"href":"https:\/\/pc.sc.gov.br\/index.php?rest_route=%2Fwp%2Fv2%2Fcategories&post=16745"},{"taxonomy":"post_tag","embeddable":true,"href":"https:\/\/pc.sc.gov.br\/index.php?rest_route=%2Fwp%2Fv2%2Ftags&post=16745"}],"curies":[{"name":"wp","href":"https:\/\/api.w.org\/{rel}","templated":true}]}}