{"id":16749,"date":"2024-01-23T17:08:37","date_gmt":"2024-01-23T20:08:37","guid":{"rendered":"https:\/\/pc.sc.gov.br\/?p=16749"},"modified":"2024-01-23T17:10:29","modified_gmt":"2024-01-23T20:10:29","slug":"policia-civil-recebe-equipamentos-do-mpsc","status":"publish","type":"post","link":"https:\/\/pc.sc.gov.br\/?p=16749","title":{"rendered":"Pol\u00edcia Civil recebe equipamentos do MPSC"},"content":{"rendered":"\t\t<div data-elementor-type=\"wp-post\" data-elementor-id=\"16749\" class=\"elementor elementor-16749\" data-elementor-post-type=\"post\">\n\t\t\t\t\t\t<section class=\"elementor-section elementor-top-section elementor-element elementor-element-23df382 elementor-section-boxed elementor-section-height-default elementor-section-height-default\" data-id=\"23df382\" data-element_type=\"section\">\n\t\t\t\t\t\t<div class=\"elementor-container elementor-column-gap-default\">\n\t\t\t\t\t<div class=\"elementor-column elementor-col-100 elementor-top-column elementor-element elementor-element-8790569\" data-id=\"8790569\" data-element_type=\"column\">\n\t\t\t<div class=\"elementor-widget-wrap elementor-element-populated\">\n\t\t\t\t\t\t<div class=\"elementor-element elementor-element-1ca8ad8 elementor-widget elementor-widget-heading\" data-id=\"1ca8ad8\" data-element_type=\"widget\" data-widget_type=\"heading.default\">\n\t\t\t\t<div class=\"elementor-widget-container\">\n\t\t\t\t\t<h2 class=\"elementor-heading-title elementor-size-default\">Pol\u00edcia Civil recebe equipamentos do MPSC<\/h2>\t\t\t\t<\/div>\n\t\t\t\t<\/div>\n\t\t\t\t\t<\/div>\n\t\t<\/div>\n\t\t\t\t\t<\/div>\n\t\t<\/section>\n\t\t\t\t<section class=\"elementor-section elementor-top-section elementor-element elementor-element-374455c elementor-section-boxed elementor-section-height-default elementor-section-height-default\" data-id=\"374455c\" data-element_type=\"section\">\n\t\t\t\t\t\t<div class=\"elementor-container elementor-column-gap-default\">\n\t\t\t\t\t<div class=\"elementor-column elementor-col-100 elementor-top-column elementor-element elementor-element-a61c58b\" data-id=\"a61c58b\" data-element_type=\"column\">\n\t\t\t<div class=\"elementor-widget-wrap elementor-element-populated\">\n\t\t\t\t\t\t<div class=\"elementor-element elementor-element-68d26c9 elementor-widget elementor-widget-image\" data-id=\"68d26c9\" data-element_type=\"widget\" data-widget_type=\"image.default\">\n\t\t\t\t<div class=\"elementor-widget-container\">\n\t\t\t\t\t\t\t\t\t\t\t\t\t\t\t<img fetchpriority=\"high\" decoding=\"async\" width=\"696\" height=\"464\" src=\"https:\/\/pc.sc.gov.br\/\/wp-content\/uploads\/2024\/01\/53481422930_2549ecabb2_c.jpg\" class=\"attachment-large size-large wp-image-16750\" alt=\"\" srcset=\"https:\/\/pc.sc.gov.br\/\/wp-content\/uploads\/2024\/01\/53481422930_2549ecabb2_c.jpg 799w, https:\/\/pc.sc.gov.br\/\/wp-content\/uploads\/2024\/01\/53481422930_2549ecabb2_c-300x200.jpg 300w, https:\/\/pc.sc.gov.br\/\/wp-content\/uploads\/2024\/01\/53481422930_2549ecabb2_c-768x512.jpg 768w\" sizes=\"(max-width: 696px) 100vw, 696px\" \/>\t\t\t\t\t\t\t\t\t\t\t\t\t\t\t<\/div>\n\t\t\t\t<\/div>\n\t\t\t\t\t<\/div>\n\t\t<\/div>\n\t\t\t\t\t<\/div>\n\t\t<\/section>\n\t\t\t\t<section class=\"elementor-section elementor-top-section elementor-element elementor-element-c39118d elementor-section-boxed elementor-section-height-default elementor-section-height-default\" data-id=\"c39118d\" data-element_type=\"section\">\n\t\t\t\t\t\t<div class=\"elementor-container elementor-column-gap-default\">\n\t\t\t\t\t<div class=\"elementor-column elementor-col-100 elementor-top-column elementor-element elementor-element-048550b\" data-id=\"048550b\" data-element_type=\"column\">\n\t\t\t<div class=\"elementor-widget-wrap elementor-element-populated\">\n\t\t\t\t\t\t<div class=\"elementor-element elementor-element-cabaa62 elementor-widget elementor-widget-text-editor\" data-id=\"cabaa62\" data-element_type=\"widget\" data-widget_type=\"text-editor.default\">\n\t\t\t\t<div class=\"elementor-widget-container\">\n\t\t\t\t\t\t\t\t\t<p>O Minist\u00e9rio P\u00fablico de Santa Catarina (MPSC) participou da entrega de um autom\u00f3vel Toyota, modelo Hilux, ano 2023, e de uma carabina\/fuzil T4, calibre 5.56 x 45 mm, \u00e0 Pol\u00edcia Civil de Santa Catarina, nesta segunda-feira (22\/1). O ato ocorreu no complexo administrativo da Seguran\u00e7a P\u00fablica, em Florian\u00f3polis, na sede da Delegacia-Geral. Os bens foram apreendidos por ordem judicial, depois de requerimento feito pela 29\u00aa Promotoria de Justi\u00e7a da Capital ao Poder Judici\u00e1rio, durante uma opera\u00e7\u00e3o de combate ao com\u00e9rcio ilegal de medicamentos.&nbsp;<\/p>\n<p>O MPSC foi representado na ocasi\u00e3o pelo titular da 29\u00aa Promotoria de Justi\u00e7a da Comarca da Capital, Promotor de Justi\u00e7a Wilson Paulo Mendon\u00e7a Neto, juntamente com o coordenador estadual interino do GAECO, Promotor de Justi\u00e7a Diego Roberto Barbiero, que tamb\u00e9m \u00e9 coordenador do CyberGAECO.&nbsp; &nbsp;<\/p>\n<p>Wilson Mendon\u00e7a Neto, respons\u00e1vel pelo procedimento de investiga\u00e7\u00e3o criminal (PIC), que redundou na a\u00e7\u00e3o penal, e no posterior requerimento de perda dos bens apreendidos formulado judicialmente, explica que o MPSC conseguiu na Justi\u00e7a a destina\u00e7\u00e3o provis\u00f3ria dos bens dos investigados na opera\u00e7\u00e3o, que agora refor\u00e7ar\u00e3o o trabalho desempenhado pelas for\u00e7as de seguran\u00e7a.&nbsp;<\/p>\n<p>Segundo ele, ao final do processo espera-se que os bens fiquem definitivamente em poder dos \u00f3rg\u00e3os, evitando que sejam utilizados em atividades criminosas e refor\u00e7ando as a\u00e7\u00f5es de preven\u00e7\u00e3o e repress\u00e3o ao tr\u00e1fico de drogas. &#8220;\u00c9 sempre uma satisfa\u00e7\u00e3o quando conseguimos reverter o produto do crime em benfeitorias para a sociedade. Esses s\u00e3o bens apreendidos durante opera\u00e7\u00e3o conduzida pelo Minist\u00e9rio P\u00fablico de Santa Catarina que agora estar\u00e3o \u00e0 disposi\u00e7\u00e3o do Servi\u00e7o Aeropolicial Sul (SAER). Gra\u00e7as \u00e0 atua\u00e7\u00e3o conjunta do MPSC com os \u00f3rg\u00e3os de repress\u00e3o, estamos contribuindo de forma significativa para o desenvolvimento das institui\u00e7\u00f5es e na redu\u00e7\u00e3o da criminalidade&#8221;, declarou.&nbsp;<\/p>\n<p>Diego Barbiero refor\u00e7ou a import\u00e2ncia da integra\u00e7\u00e3o entre as institui\u00e7\u00f5es, com \u00eanfase nas atividades-fim, de modo a garantir as entregas que realmente interessam \u00e0 sociedade. &#8220;Esses equipamentos representam mais um grande resultado obtido a partir de opera\u00e7\u00f5es do GAECO, que incrementar\u00e3o a rotina de trabalho da Pol\u00edcia Civil no combate \u00e0 criminalidade em nosso estado&#8221;, disse.&nbsp; &nbsp;<\/p>\n<p>Para o Delegado-Geral Ulisses Gabriel, as destina\u00e7\u00f5es feitas pelo MPSC s\u00e3o motivos de orgulho para a institui\u00e7\u00e3o policial. O chefe da Pol\u00edcia Civil de Santa Catarina reconhece que a caminhonete ser\u00e1 de grande import\u00e2ncia para o Setor de Opera\u00e7\u00f5es A\u00e9reas, assim como o fuzil, que ser\u00e1 empregado nas opera\u00e7\u00f5es de resgate e combate \u00e0 criminalidade. &#8220;Santa Catarina \u00e9 o estado mais seguro do Brasil porque temos um conjunto de institui\u00e7\u00f5es que funcionam, a exemplo da atua\u00e7\u00e3o r\u00e1pida e competente do Minist\u00e9rio P\u00fablico em suas a\u00e7\u00f5es. Por isso, agradecemos ao GAECO e ao MPSC pela parceria e pelos itens, que v\u00eam refor\u00e7ar ainda mais a atua\u00e7\u00e3o da Pol\u00edcia Civil&#8221;, concluiu.&nbsp;<\/p>\n<p>Sobre o GAECO&nbsp;<\/p>\n<p>O Grupo de Atua\u00e7\u00e3o Especial de Combate \u00e0s Organiza\u00e7\u00f5es Criminosas (GAECO) \u00e9 uma for\u00e7a-tarefa composta, em Santa Catarina, pelo Minist\u00e9rio P\u00fablico, pelas Pol\u00edcias Militar, Civil, Rodovi\u00e1ria Federal e Penal, pela Receita Estadual e pelo Corpo de Bombeiros Militar &#8211; com apoio tamb\u00e9m da Pol\u00edcia Cient\u00edfica de Santa Catarina &#8211; e tem como finalidade a identifica\u00e7\u00e3o, preven\u00e7\u00e3o e repress\u00e3o \u00e0s organiza\u00e7\u00f5es criminosas.&nbsp; &nbsp;<\/p>\n<p><span style=\"font-family: var( --e-global-typography-text-font-family ), Sans-serif; font-size: var( --e-global-typography-text-font-size );\">Fonte: Coordenadoria de Comunica\u00e7\u00e3o Social do MPSC<\/span><\/p>\t\t\t\t\t\t\t\t<\/div>\n\t\t\t\t<\/div>\n\t\t\t\t\t<\/div>\n\t\t<\/div>\n\t\t\t\t\t<\/div>\n\t\t<\/section>\n\t\t\t\t<\/div>\n\t\t","protected":false},"excerpt":{"rendered":"<p>Pol\u00edcia Civil recebe equipamentos do MPSC O Minist\u00e9rio P\u00fablico de Santa Catarina (MPSC) participou da entrega de um autom\u00f3vel Toyota, modelo Hilux, ano 2023, e de uma carabina\/fuzil T4, calibre 5.56 x 45 mm, \u00e0 Pol\u00edcia Civil de Santa Catarina, nesta segunda-feira (22\/1). O ato ocorreu no complexo administrativo da Seguran\u00e7a P\u00fablica, em Florian\u00f3polis, na [&hellip;]<\/p>\n","protected":false},"author":5,"featured_media":16750,"comment_status":"closed","ping_status":"open","sticky":false,"template":"","format":"standard","meta":{"_monsterinsights_skip_tracking":false,"_monsterinsights_sitenote_active":false,"_monsterinsights_sitenote_note":"","_monsterinsights_sitenote_category":0,"footnotes":""},"categories":[1],"tags":[],"class_list":["post-16749","post","type-post","status-publish","format-standard","has-post-thumbnail","hentry","category-sem-categoria"],"_links":{"self":[{"href":"https:\/\/pc.sc.gov.br\/index.php?rest_route=\/wp\/v2\/posts\/16749","targetHints":{"allow":["GET"]}}],"collection":[{"href":"https:\/\/pc.sc.gov.br\/index.php?rest_route=\/wp\/v2\/posts"}],"about":[{"href":"https:\/\/pc.sc.gov.br\/index.php?rest_route=\/wp\/v2\/types\/post"}],"author":[{"embeddable":true,"href":"https:\/\/pc.sc.gov.br\/index.php?rest_route=\/wp\/v2\/users\/5"}],"replies":[{"embeddable":true,"href":"https:\/\/pc.sc.gov.br\/index.php?rest_route=%2Fwp%2Fv2%2Fcomments&post=16749"}],"version-history":[{"count":4,"href":"https:\/\/pc.sc.gov.br\/index.php?rest_route=\/wp\/v2\/posts\/16749\/revisions"}],"predecessor-version":[{"id":16757,"href":"https:\/\/pc.sc.gov.br\/index.php?rest_route=\/wp\/v2\/posts\/16749\/revisions\/16757"}],"wp:featuredmedia":[{"embeddable":true,"href":"https:\/\/pc.sc.gov.br\/index.php?rest_route=\/wp\/v2\/media\/16750"}],"wp:attachment":[{"href":"https:\/\/pc.sc.gov.br\/index.php?rest_route=%2Fwp%2Fv2%2Fmedia&parent=16749"}],"wp:term":[{"taxonomy":"category","embeddable":true,"href":"https:\/\/pc.sc.gov.br\/index.php?rest_route=%2Fwp%2Fv2%2Fcategories&post=16749"},{"taxonomy":"post_tag","embeddable":true,"href":"https:\/\/pc.sc.gov.br\/index.php?rest_route=%2Fwp%2Fv2%2Ftags&post=16749"}],"curies":[{"name":"wp","href":"https:\/\/api.w.org\/{rel}","templated":true}]}}