{"id":16761,"date":"2024-01-23T18:43:07","date_gmt":"2024-01-23T21:43:07","guid":{"rendered":"https:\/\/pc.sc.gov.br\/?p=16761"},"modified":"2024-01-23T19:19:13","modified_gmt":"2024-01-23T22:19:13","slug":"governador-participa-da-promocao-da-delegacia-municipal-de-penha-a-delegacia-de-comarca","status":"publish","type":"post","link":"https:\/\/pc.sc.gov.br\/?p=16761","title":{"rendered":"Governador participa da promo\u00e7\u00e3o da Delegacia municipal de Penha a Delegacia de Comarca"},"content":{"rendered":"\t\t<div data-elementor-type=\"wp-post\" data-elementor-id=\"16761\" class=\"elementor elementor-16761\" data-elementor-post-type=\"post\">\n\t\t\t\t\t\t<section class=\"elementor-section elementor-top-section elementor-element elementor-element-4e0bca1 elementor-section-boxed elementor-section-height-default elementor-section-height-default\" data-id=\"4e0bca1\" data-element_type=\"section\">\n\t\t\t\t\t\t<div class=\"elementor-container elementor-column-gap-default\">\n\t\t\t\t\t<div class=\"elementor-column elementor-col-100 elementor-top-column elementor-element elementor-element-96d9224\" data-id=\"96d9224\" data-element_type=\"column\">\n\t\t\t<div class=\"elementor-widget-wrap elementor-element-populated\">\n\t\t\t\t\t\t<div class=\"elementor-element elementor-element-f38ebc4 elementor-widget elementor-widget-heading\" data-id=\"f38ebc4\" data-element_type=\"widget\" data-widget_type=\"heading.default\">\n\t\t\t\t<div class=\"elementor-widget-container\">\n\t\t\t\t\t<h2 class=\"elementor-heading-title elementor-size-default\">Governador participa da promo\u00e7\u00e3o da Delegacia municipal de Penha a Delegacia de Comarca<\/h2>\t\t\t\t<\/div>\n\t\t\t\t<\/div>\n\t\t\t\t\t<\/div>\n\t\t<\/div>\n\t\t\t\t\t<\/div>\n\t\t<\/section>\n\t\t\t\t<section class=\"elementor-section elementor-top-section elementor-element elementor-element-91d6dc5 elementor-section-boxed elementor-section-height-default elementor-section-height-default\" data-id=\"91d6dc5\" data-element_type=\"section\">\n\t\t\t\t\t\t<div class=\"elementor-container elementor-column-gap-default\">\n\t\t\t\t\t<div class=\"elementor-column elementor-col-100 elementor-top-column elementor-element elementor-element-93ba729\" data-id=\"93ba729\" data-element_type=\"column\">\n\t\t\t<div class=\"elementor-widget-wrap elementor-element-populated\">\n\t\t\t\t\t\t<div class=\"elementor-element elementor-element-8fbb6ec elementor-widget elementor-widget-image\" data-id=\"8fbb6ec\" data-element_type=\"widget\" data-widget_type=\"image.default\">\n\t\t\t\t<div class=\"elementor-widget-container\">\n\t\t\t\t\t\t\t\t\t\t\t\t\t\t\t<img fetchpriority=\"high\" decoding=\"async\" width=\"696\" height=\"365\" src=\"https:\/\/pc.sc.gov.br\/\/wp-content\/uploads\/2024\/01\/53482198602_16cb4b6aae_k-1-fotor-20240123184124-1024x537.jpg\" class=\"attachment-large size-large wp-image-16767\" alt=\"\" srcset=\"https:\/\/pc.sc.gov.br\/\/wp-content\/uploads\/2024\/01\/53482198602_16cb4b6aae_k-1-fotor-20240123184124-1024x537.jpg 1024w, https:\/\/pc.sc.gov.br\/\/wp-content\/uploads\/2024\/01\/53482198602_16cb4b6aae_k-1-fotor-20240123184124-300x157.jpg 300w, https:\/\/pc.sc.gov.br\/\/wp-content\/uploads\/2024\/01\/53482198602_16cb4b6aae_k-1-fotor-20240123184124-768x403.jpg 768w, https:\/\/pc.sc.gov.br\/\/wp-content\/uploads\/2024\/01\/53482198602_16cb4b6aae_k-1-fotor-20240123184124-1536x806.jpg 1536w, https:\/\/pc.sc.gov.br\/\/wp-content\/uploads\/2024\/01\/53482198602_16cb4b6aae_k-1-fotor-20240123184124.jpg 1617w\" sizes=\"(max-width: 696px) 100vw, 696px\" \/>\t\t\t\t\t\t\t\t\t\t\t\t\t\t\t<\/div>\n\t\t\t\t<\/div>\n\t\t\t\t\t<\/div>\n\t\t<\/div>\n\t\t\t\t\t<\/div>\n\t\t<\/section>\n\t\t\t\t<section class=\"elementor-section elementor-top-section elementor-element elementor-element-811448d elementor-section-boxed elementor-section-height-default elementor-section-height-default\" data-id=\"811448d\" data-element_type=\"section\">\n\t\t\t\t\t\t<div class=\"elementor-container elementor-column-gap-default\">\n\t\t\t\t\t<div class=\"elementor-column elementor-col-100 elementor-top-column elementor-element elementor-element-fc2f1cf\" data-id=\"fc2f1cf\" data-element_type=\"column\">\n\t\t\t<div class=\"elementor-widget-wrap elementor-element-populated\">\n\t\t\t\t\t\t<div class=\"elementor-element elementor-element-7849555 elementor-widget elementor-widget-text-editor\" data-id=\"7849555\" data-element_type=\"widget\" data-widget_type=\"text-editor.default\">\n\t\t\t\t<div class=\"elementor-widget-container\">\n\t\t\t\t\t\t\t\t\t<p>O governador Jorginho Mello e o delegado-geral da Pol\u00edcia Civil de Santa Catarina, Ulisses Gabriel, participaram nesta ter\u00e7a-feira, 23, da solenidade de transforma\u00e7\u00e3o da Delegacia de Munic\u00edpio de Penha para a Delegacia de Comarca de Penha. Desta forma a unidade passa a contar com um delegado titular oferecendo assim mais agilidade no atendimento das demandas.<\/p><p>O governador citou os investimentos do Governo do Estado para melhorar cada vez mais a Seguran\u00e7a P\u00fablica e a prote\u00e7\u00e3o a todos os catarinenses. \u201cAgora Penha ir\u00e1 possuir um delegado para entregar uma maior aten\u00e7\u00e3o para todos os cidad\u00e3os do munic\u00edpio. Prometi e entreguei a Delegacia de Comarca\u201d, ressaltou.<\/p><p>O evento contou com a presen\u00e7a da vice-governadora, Marilisa Boehm, do secret\u00e1rio da Seguran\u00e7a P\u00fablica, Sargento Lima, da perita-geral da Pol\u00edcia Cient\u00edfica, Andressa Boer Fronza, do diretor de Pol\u00edcia do Litoral, F\u00e1bio Moreira Os\u00f3rio, e do delegado Regional de Itaja\u00ed, M\u00e1rcio Luiz Colatto, entre outras autoridades.<\/p><p>O ministro Luiz Edson Fachin, vice-presidente do Supremo Tribunal Federal (STF), tamb\u00e9m participou do ato e recebeu uma placa em forma de agradecimento por sua contribui\u00e7\u00e3o para o munic\u00edpio e enfatiza a import\u00e2ncia de haver um delegado fixo no munic\u00edpio de Penha. \u201cToda pessoa p\u00fablica que cumpre o que promete merece aplausos, ent\u00e3o a entrega da Delegacia de Comarca \u00e9 entrega de uma promessa que agora \u00e9 realidade\u201d, assinalou.<\/p>\t\t\t\t\t\t\t\t<\/div>\n\t\t\t\t<\/div>\n\t\t\t\t\t<\/div>\n\t\t<\/div>\n\t\t\t\t\t<\/div>\n\t\t<\/section>\n\t\t\t\t<section class=\"elementor-section elementor-top-section elementor-element elementor-element-e6b6b5f elementor-section-boxed elementor-section-height-default elementor-section-height-default\" data-id=\"e6b6b5f\" data-element_type=\"section\">\n\t\t\t\t\t\t<div class=\"elementor-container elementor-column-gap-default\">\n\t\t\t\t\t<div class=\"elementor-column elementor-col-100 elementor-top-column elementor-element elementor-element-7d30fff\" data-id=\"7d30fff\" data-element_type=\"column\">\n\t\t\t<div class=\"elementor-widget-wrap elementor-element-populated\">\n\t\t\t\t\t\t<div class=\"elementor-element elementor-element-70b7eb5 elementor-widget elementor-widget-image\" data-id=\"70b7eb5\" data-element_type=\"widget\" data-widget_type=\"image.default\">\n\t\t\t\t<div class=\"elementor-widget-container\">\n\t\t\t\t\t\t\t\t\t\t\t\t\t\t\t<img decoding=\"async\" width=\"696\" height=\"368\" src=\"https:\/\/pc.sc.gov.br\/\/wp-content\/uploads\/2024\/01\/53483509140_ab19d6f740_k-fotor-20240123184359-1024x542.jpg\" class=\"attachment-large size-large wp-image-16768\" alt=\"\" srcset=\"https:\/\/pc.sc.gov.br\/\/wp-content\/uploads\/2024\/01\/53483509140_ab19d6f740_k-fotor-20240123184359-1024x542.jpg 1024w, https:\/\/pc.sc.gov.br\/\/wp-content\/uploads\/2024\/01\/53483509140_ab19d6f740_k-fotor-20240123184359-300x159.jpg 300w, https:\/\/pc.sc.gov.br\/\/wp-content\/uploads\/2024\/01\/53483509140_ab19d6f740_k-fotor-20240123184359-768x406.jpg 768w, https:\/\/pc.sc.gov.br\/\/wp-content\/uploads\/2024\/01\/53483509140_ab19d6f740_k-fotor-20240123184359-1536x812.jpg 1536w, https:\/\/pc.sc.gov.br\/\/wp-content\/uploads\/2024\/01\/53483509140_ab19d6f740_k-fotor-20240123184359.jpg 1683w\" sizes=\"(max-width: 696px) 100vw, 696px\" \/>\t\t\t\t\t\t\t\t\t\t\t\t\t\t\t<\/div>\n\t\t\t\t<\/div>\n\t\t\t\t\t<\/div>\n\t\t<\/div>\n\t\t\t\t\t<\/div>\n\t\t<\/section>\n\t\t\t\t<section class=\"elementor-section elementor-top-section elementor-element elementor-element-13d8d74 elementor-section-boxed elementor-section-height-default elementor-section-height-default\" data-id=\"13d8d74\" data-element_type=\"section\">\n\t\t\t\t\t\t<div class=\"elementor-container elementor-column-gap-default\">\n\t\t\t\t\t<div class=\"elementor-column elementor-col-100 elementor-top-column elementor-element elementor-element-4f6155e\" data-id=\"4f6155e\" data-element_type=\"column\">\n\t\t\t<div class=\"elementor-widget-wrap elementor-element-populated\">\n\t\t\t\t\t\t<div class=\"elementor-element elementor-element-1f22bfc elementor-widget elementor-widget-text-editor\" data-id=\"1f22bfc\" data-element_type=\"widget\" data-widget_type=\"text-editor.default\">\n\t\t\t\t<div class=\"elementor-widget-container\">\n\t\t\t\t\t\t\t\t\t<p>Ap\u00f3s a solenidade, as autoridades conheceram a Sala Lil\u00e1s, espa\u00e7o destinado a acolher a mulher v\u00edtima de viol\u00eancia. No estado, existem 28 Salas Lil\u00e1s, que funcionam 24 horas. O espa\u00e7o \u00e9 totalmente preparado para receber a mulher que sofreu uma agress\u00e3o que, muitas vezes, chega \u00e0 delegacia com os filhos. No local h\u00e1 brinquedoteca para que a crian\u00e7a fique enquanto a m\u00e3e presta o depoimento.<\/p>\n<p>Para o secret\u00e1rio de Estado da Seguran\u00e7a P\u00fablica, Sargento Lima, o governador Jorginho Mello tem demonstrado grande preocupa\u00e7\u00e3o com a Seguran\u00e7a P\u00fablica, dessa vez contemplando o munic\u00edpio de Penha, com a ascens\u00e3o de Delegacia Municipal para Delegacia de Comarca. \u201cA partir disso teremos delegado fixo, o que \u00e9 muito bom, diria que excepcional, termos um delegado para a regi\u00e3o mesmo. Vai ter foco na cidade e os resultados ser\u00e3o maravilhosos como os outros \u00edndices que temos da diminui\u00e7\u00e3o da viol\u00eancia no estado. Tamb\u00e9m destacamos a Sala Lil\u00e1s de Penha, que est\u00e1 de portas abertas para os atendimentos e dar os encaminhamentos para que o agressor seja preso e a v\u00edtima seja acolhida com dignidade e respeito\u201d, assinalou.<\/p>\n<p>O delegado-geral, Ulisses Gabriel, disse que a Pol\u00edcia Civil vem batendo todos os seus recordes de produtividade. \u201cSob a lideran\u00e7a do governador Jorginho fechamos ano de 2023 com aumento de 65% no cumprimento de mandados de pris\u00e3o e de 59,4% no cumprimento de mandados de busca e apreens\u00e3o\u201d, destacou. Em n\u00fameros absolutos, foram 6 mil pris\u00f5es efetuadas e 8.070 mandados de busca cumpridos.<\/p>\n<p>O delegado titular da Delegacia de Comarca de Penha, \u00c2ngelo Fragelli, enfatiza que a amplia\u00e7\u00e3o dos servi\u00e7os tamb\u00e9m trouxe refor\u00e7o de efetivo, o que d\u00e1 mais celeridade no andamentos das atividades policiais. \u201cHa um impacto direto na popula\u00e7\u00e3o local, dando mais seguran\u00e7a para o indiv\u00edduo se dirigir para a delegacia. A minha presen\u00e7a aqui como delegado fixo, ir\u00e1 agilizar ainda mais os processos\u201d.<span style=\"color: var( --e-global-color-text ); font-family: var( --e-global-typography-primary-font-family ), Sans-serif; font-size: var( --e-global-typography-primary-font-size ); font-weight: var( --e-global-typography-primary-font-weight ); letter-spacing: var( --e-global-typography-primary-letter-spacing );\">&nbsp;<\/span><\/p>\t\t\t\t\t\t\t\t<\/div>\n\t\t\t\t<\/div>\n\t\t\t\t\t<\/div>\n\t\t<\/div>\n\t\t\t\t\t<\/div>\n\t\t<\/section>\n\t\t\t\t<\/div>\n\t\t","protected":false},"excerpt":{"rendered":"<p>Governador participa da promo\u00e7\u00e3o da Delegacia municipal de Penha a Delegacia de Comarca O governador Jorginho Mello e o delegado-geral da Pol\u00edcia Civil de Santa Catarina, Ulisses Gabriel, participaram nesta ter\u00e7a-feira, 23, da solenidade de transforma\u00e7\u00e3o da Delegacia de Munic\u00edpio de Penha para a Delegacia de Comarca de Penha. Desta forma a unidade passa a [&hellip;]<\/p>\n","protected":false},"author":5,"featured_media":16767,"comment_status":"closed","ping_status":"open","sticky":false,"template":"","format":"standard","meta":{"_monsterinsights_skip_tracking":false,"_monsterinsights_sitenote_active":false,"_monsterinsights_sitenote_note":"","_monsterinsights_sitenote_category":0,"footnotes":""},"categories":[1],"tags":[],"class_list":["post-16761","post","type-post","status-publish","format-standard","has-post-thumbnail","hentry","category-sem-categoria"],"_links":{"self":[{"href":"https:\/\/pc.sc.gov.br\/index.php?rest_route=\/wp\/v2\/posts\/16761","targetHints":{"allow":["GET"]}}],"collection":[{"href":"https:\/\/pc.sc.gov.br\/index.php?rest_route=\/wp\/v2\/posts"}],"about":[{"href":"https:\/\/pc.sc.gov.br\/index.php?rest_route=\/wp\/v2\/types\/post"}],"author":[{"embeddable":true,"href":"https:\/\/pc.sc.gov.br\/index.php?rest_route=\/wp\/v2\/users\/5"}],"replies":[{"embeddable":true,"href":"https:\/\/pc.sc.gov.br\/index.php?rest_route=%2Fwp%2Fv2%2Fcomments&post=16761"}],"version-history":[{"count":3,"href":"https:\/\/pc.sc.gov.br\/index.php?rest_route=\/wp\/v2\/posts\/16761\/revisions"}],"predecessor-version":[{"id":16771,"href":"https:\/\/pc.sc.gov.br\/index.php?rest_route=\/wp\/v2\/posts\/16761\/revisions\/16771"}],"wp:featuredmedia":[{"embeddable":true,"href":"https:\/\/pc.sc.gov.br\/index.php?rest_route=\/wp\/v2\/media\/16767"}],"wp:attachment":[{"href":"https:\/\/pc.sc.gov.br\/index.php?rest_route=%2Fwp%2Fv2%2Fmedia&parent=16761"}],"wp:term":[{"taxonomy":"category","embeddable":true,"href":"https:\/\/pc.sc.gov.br\/index.php?rest_route=%2Fwp%2Fv2%2Fcategories&post=16761"},{"taxonomy":"post_tag","embeddable":true,"href":"https:\/\/pc.sc.gov.br\/index.php?rest_route=%2Fwp%2Fv2%2Ftags&post=16761"}],"curies":[{"name":"wp","href":"https:\/\/api.w.org\/{rel}","templated":true}]}}