{"id":16773,"date":"2024-01-23T19:50:07","date_gmt":"2024-01-23T22:50:07","guid":{"rendered":"https:\/\/pc.sc.gov.br\/?p=16773"},"modified":"2024-01-23T19:51:29","modified_gmt":"2024-01-23T22:51:29","slug":"policia-civil-indicia-condutor-de-veiculo-que-atropelou-cao-na-noite-de-natal-resultando-na-morte-do-animal","status":"publish","type":"post","link":"https:\/\/pc.sc.gov.br\/?p=16773","title":{"rendered":"Pol\u00edcia Civil indicia condutor de ve\u00edculo que atropelou c\u00e3o na noite de natal, resultando na morte do animal"},"content":{"rendered":"\t\t<div data-elementor-type=\"wp-post\" data-elementor-id=\"16773\" class=\"elementor elementor-16773\" data-elementor-post-type=\"post\">\n\t\t\t\t\t\t<section class=\"elementor-section elementor-top-section elementor-element elementor-element-78b415e elementor-section-boxed elementor-section-height-default elementor-section-height-default\" data-id=\"78b415e\" data-element_type=\"section\">\n\t\t\t\t\t\t<div class=\"elementor-container elementor-column-gap-default\">\n\t\t\t\t\t<div class=\"elementor-column elementor-col-100 elementor-top-column elementor-element elementor-element-c7fc055\" data-id=\"c7fc055\" data-element_type=\"column\">\n\t\t\t<div class=\"elementor-widget-wrap elementor-element-populated\">\n\t\t\t\t\t\t<div class=\"elementor-element elementor-element-31470ad elementor-widget elementor-widget-heading\" data-id=\"31470ad\" data-element_type=\"widget\" data-widget_type=\"heading.default\">\n\t\t\t\t<div class=\"elementor-widget-container\">\n\t\t\t\t\t<h2 class=\"elementor-heading-title elementor-size-default\">Pol\u00edcia Civil indicia condutor de ve\u00edculo que atropelou c\u00e3o na noite de natal, resultando na morte do animal <\/h2>\t\t\t\t<\/div>\n\t\t\t\t<\/div>\n\t\t\t\t\t<\/div>\n\t\t<\/div>\n\t\t\t\t\t<\/div>\n\t\t<\/section>\n\t\t\t\t<section class=\"elementor-section elementor-top-section elementor-element elementor-element-9f67ca7 elementor-section-boxed elementor-section-height-default elementor-section-height-default\" data-id=\"9f67ca7\" data-element_type=\"section\">\n\t\t\t\t\t\t<div class=\"elementor-container elementor-column-gap-default\">\n\t\t\t\t\t<div class=\"elementor-column elementor-col-100 elementor-top-column elementor-element elementor-element-8f3b5b0\" data-id=\"8f3b5b0\" data-element_type=\"column\">\n\t\t\t<div class=\"elementor-widget-wrap elementor-element-populated\">\n\t\t\t\t\t\t<div class=\"elementor-element elementor-element-4799253 elementor-widget elementor-widget-image\" data-id=\"4799253\" data-element_type=\"widget\" data-widget_type=\"image.default\">\n\t\t\t\t<div class=\"elementor-widget-container\">\n\t\t\t\t\t\t\t\t\t\t\t\t\t\t\t<img fetchpriority=\"high\" decoding=\"async\" width=\"696\" height=\"988\" src=\"https:\/\/pc.sc.gov.br\/\/wp-content\/uploads\/2024\/01\/WhatsApp-Image-2024-01-23-at-17.58.25.jpeg\" class=\"attachment-large size-large wp-image-16774\" alt=\"\" srcset=\"https:\/\/pc.sc.gov.br\/\/wp-content\/uploads\/2024\/01\/WhatsApp-Image-2024-01-23-at-17.58.25.jpeg 720w, https:\/\/pc.sc.gov.br\/\/wp-content\/uploads\/2024\/01\/WhatsApp-Image-2024-01-23-at-17.58.25-211x300.jpeg 211w\" sizes=\"(max-width: 696px) 100vw, 696px\" \/>\t\t\t\t\t\t\t\t\t\t\t\t\t\t\t<\/div>\n\t\t\t\t<\/div>\n\t\t\t\t\t<\/div>\n\t\t<\/div>\n\t\t\t\t\t<\/div>\n\t\t<\/section>\n\t\t\t\t<section class=\"elementor-section elementor-top-section elementor-element elementor-element-b4dd0cd elementor-section-boxed elementor-section-height-default elementor-section-height-default\" data-id=\"b4dd0cd\" data-element_type=\"section\">\n\t\t\t\t\t\t<div class=\"elementor-container elementor-column-gap-default\">\n\t\t\t\t\t<div class=\"elementor-column elementor-col-100 elementor-top-column elementor-element elementor-element-2415c85\" data-id=\"2415c85\" data-element_type=\"column\">\n\t\t\t<div class=\"elementor-widget-wrap elementor-element-populated\">\n\t\t\t\t\t\t<div class=\"elementor-element elementor-element-1f1000b elementor-widget elementor-widget-text-editor\" data-id=\"1f1000b\" data-element_type=\"widget\" data-widget_type=\"text-editor.default\">\n\t\t\t\t<div class=\"elementor-widget-container\">\n\t\t\t\t\t\t\t\t\t<p>Capital (DPA\/DIC), concluiu investiga\u00e7\u00e3o de crime de maus-tratos qualificado contra c\u00e3o e majorado pela morte do animal, mediante omiss\u00e3o do condutor do ve\u00edculo em prestar socorro ap\u00f3s o atropelamento em via p\u00fablica em S\u00e3o Jos\u00e9.<br \/>O caso ganhou repercuss\u00e3o porque a cachorrinha Meg foi atropelada na noite de Natal, enquanto a fam\u00edlia confraternizava em frente \u00e0 resid\u00eancia. Apurou-se que, ap\u00f3s atropelar o c\u00e3o, o motorista, mesmo interpelado pelas testemunhas, evadiu-se sem auxiliar o animal, que veio a \u00f3bito ainda no local. A fam\u00edlia ficou bastante abalada porque n\u00e3o possu\u00eda ve\u00edculo e condi\u00e7\u00f5es de levar a cachorrinha para atendimento m\u00e9dico-veterin\u00e1rio imediato, nem havia conseguido anotar a placa do carro para buscar o respons\u00e1vel.<br \/>Ap\u00f3s as investiga\u00e7\u00f5es, com obten\u00e7\u00e3o de imagens e oitivas de testemunhas, bem como apoio do N\u00facleo de Intelig\u00eancia de S\u00e3o Jos\u00e9, o suspeito foi identificado, interrogado e indiciado pelo crime qualificado de maus-tratos majorado pela morte, cuja pena m\u00e1xima \u00e9 de at\u00e9 05 anos de pris\u00e3o, al\u00e9m de multa.<br \/>Reitera-se que, em que pese inexista a figura t\u00edpica de \u201comiss\u00e3o de socorro de animais\u201d, quem atropela animal e foge, quando h\u00e1 a possibilidade de agir, d\u00e1 causa a um resultado, qual seja, dor f\u00edsica e at\u00e9 mesmo morte do animal devido ao n\u00e3o atendimento em tempo h\u00e1bil. <br \/>Dessa forma, por ter sido a pessoa que atropelou a causadora do resultado, surge para ela a obriga\u00e7\u00e3o de prestar socorro, sob pena de responder pelo resultado maus-tratos, conforme artigo 13, \u00a72\u00b0, al\u00ednea \u201cc\u201d, do C\u00f3digo Penal. O inqu\u00e9rito policial foi conclu\u00eddo e remetido ao Poder Judici\u00e1rio.<\/p>\t\t\t\t\t\t\t\t<\/div>\n\t\t\t\t<\/div>\n\t\t\t\t\t<\/div>\n\t\t<\/div>\n\t\t\t\t\t<\/div>\n\t\t<\/section>\n\t\t\t\t<\/div>\n\t\t","protected":false},"excerpt":{"rendered":"<p>Pol\u00edcia Civil indicia condutor de ve\u00edculo que atropelou c\u00e3o na noite de natal, resultando na morte do animal Capital (DPA\/DIC), concluiu investiga\u00e7\u00e3o de crime de maus-tratos qualificado contra c\u00e3o e majorado pela morte do animal, mediante omiss\u00e3o do condutor do ve\u00edculo em prestar socorro ap\u00f3s o atropelamento em via p\u00fablica em S\u00e3o Jos\u00e9.O caso ganhou [&hellip;]<\/p>\n","protected":false},"author":5,"featured_media":16774,"comment_status":"closed","ping_status":"open","sticky":false,"template":"","format":"standard","meta":{"_monsterinsights_skip_tracking":false,"_monsterinsights_sitenote_active":false,"_monsterinsights_sitenote_note":"","_monsterinsights_sitenote_category":0,"footnotes":""},"categories":[1],"tags":[],"class_list":["post-16773","post","type-post","status-publish","format-standard","has-post-thumbnail","hentry","category-sem-categoria"],"_links":{"self":[{"href":"https:\/\/pc.sc.gov.br\/index.php?rest_route=\/wp\/v2\/posts\/16773","targetHints":{"allow":["GET"]}}],"collection":[{"href":"https:\/\/pc.sc.gov.br\/index.php?rest_route=\/wp\/v2\/posts"}],"about":[{"href":"https:\/\/pc.sc.gov.br\/index.php?rest_route=\/wp\/v2\/types\/post"}],"author":[{"embeddable":true,"href":"https:\/\/pc.sc.gov.br\/index.php?rest_route=\/wp\/v2\/users\/5"}],"replies":[{"embeddable":true,"href":"https:\/\/pc.sc.gov.br\/index.php?rest_route=%2Fwp%2Fv2%2Fcomments&post=16773"}],"version-history":[{"count":4,"href":"https:\/\/pc.sc.gov.br\/index.php?rest_route=\/wp\/v2\/posts\/16773\/revisions"}],"predecessor-version":[{"id":16778,"href":"https:\/\/pc.sc.gov.br\/index.php?rest_route=\/wp\/v2\/posts\/16773\/revisions\/16778"}],"wp:featuredmedia":[{"embeddable":true,"href":"https:\/\/pc.sc.gov.br\/index.php?rest_route=\/wp\/v2\/media\/16774"}],"wp:attachment":[{"href":"https:\/\/pc.sc.gov.br\/index.php?rest_route=%2Fwp%2Fv2%2Fmedia&parent=16773"}],"wp:term":[{"taxonomy":"category","embeddable":true,"href":"https:\/\/pc.sc.gov.br\/index.php?rest_route=%2Fwp%2Fv2%2Fcategories&post=16773"},{"taxonomy":"post_tag","embeddable":true,"href":"https:\/\/pc.sc.gov.br\/index.php?rest_route=%2Fwp%2Fv2%2Ftags&post=16773"}],"curies":[{"name":"wp","href":"https:\/\/api.w.org\/{rel}","templated":true}]}}