{"id":16779,"date":"2024-01-24T14:08:48","date_gmt":"2024-01-24T17:08:48","guid":{"rendered":"https:\/\/pc.sc.gov.br\/?p=16779"},"modified":"2024-01-24T14:10:24","modified_gmt":"2024-01-24T17:10:24","slug":"policia-civil-deflagra-3a-fase-de-operacao-contra-furtos-de-cargas-e-prende-um-homem-no-parana","status":"publish","type":"post","link":"https:\/\/pc.sc.gov.br\/?p=16779","title":{"rendered":"Pol\u00edcia Civil deflagra 3\u00aa fase de opera\u00e7\u00e3o contra furtos de cargas e prende um homem no Paran\u00e1"},"content":{"rendered":"\t\t<div data-elementor-type=\"wp-post\" data-elementor-id=\"16779\" class=\"elementor elementor-16779\" data-elementor-post-type=\"post\">\n\t\t\t\t\t\t<section class=\"elementor-section elementor-top-section elementor-element elementor-element-fa4b472 elementor-section-boxed elementor-section-height-default elementor-section-height-default\" data-id=\"fa4b472\" data-element_type=\"section\">\n\t\t\t\t\t\t<div class=\"elementor-container elementor-column-gap-default\">\n\t\t\t\t\t<div class=\"elementor-column elementor-col-100 elementor-top-column elementor-element elementor-element-381ca06\" data-id=\"381ca06\" data-element_type=\"column\">\n\t\t\t<div class=\"elementor-widget-wrap elementor-element-populated\">\n\t\t\t\t\t\t<div class=\"elementor-element elementor-element-e5d2124 elementor-widget elementor-widget-heading\" data-id=\"e5d2124\" data-element_type=\"widget\" data-widget_type=\"heading.default\">\n\t\t\t\t<div class=\"elementor-widget-container\">\n\t\t\t\t\t<h2 class=\"elementor-heading-title elementor-size-default\">Pol\u00edcia Civil deflagra 3\u00aa fase de opera\u00e7\u00e3o contra furtos de cargas e prende um homem no Paran\u00e1<\/h2>\t\t\t\t<\/div>\n\t\t\t\t<\/div>\n\t\t\t\t\t<\/div>\n\t\t<\/div>\n\t\t\t\t\t<\/div>\n\t\t<\/section>\n\t\t\t\t<section class=\"elementor-section elementor-top-section elementor-element elementor-element-6ea4f95 elementor-section-boxed elementor-section-height-default elementor-section-height-default\" data-id=\"6ea4f95\" data-element_type=\"section\">\n\t\t\t\t\t\t<div class=\"elementor-container elementor-column-gap-default\">\n\t\t\t\t\t<div class=\"elementor-column elementor-col-100 elementor-top-column elementor-element elementor-element-0c8bd08\" data-id=\"0c8bd08\" data-element_type=\"column\">\n\t\t\t<div class=\"elementor-widget-wrap elementor-element-populated\">\n\t\t\t\t\t\t<div class=\"elementor-element elementor-element-c8df2f7 elementor-widget elementor-widget-image\" data-id=\"c8df2f7\" data-element_type=\"widget\" data-widget_type=\"image.default\">\n\t\t\t\t<div class=\"elementor-widget-container\">\n\t\t\t\t\t\t\t\t\t\t\t\t\t\t\t<img fetchpriority=\"high\" decoding=\"async\" width=\"696\" height=\"1004\" src=\"https:\/\/pc.sc.gov.br\/\/wp-content\/uploads\/2023\/06\/VIATURA_000000000028-1-e1755803154189-710x1024.jpg\" class=\"attachment-large size-large wp-image-10113\" alt=\"\" srcset=\"https:\/\/pc.sc.gov.br\/\/wp-content\/uploads\/2023\/06\/VIATURA_000000000028-1-e1755803154189-710x1024.jpg 710w, https:\/\/pc.sc.gov.br\/\/wp-content\/uploads\/2023\/06\/VIATURA_000000000028-1-e1755803154189-208x300.jpg 208w, https:\/\/pc.sc.gov.br\/\/wp-content\/uploads\/2023\/06\/VIATURA_000000000028-1-e1755803154189.jpg 720w\" sizes=\"(max-width: 696px) 100vw, 696px\" \/>\t\t\t\t\t\t\t\t\t\t\t\t\t\t\t<\/div>\n\t\t\t\t<\/div>\n\t\t\t\t\t<\/div>\n\t\t<\/div>\n\t\t\t\t\t<\/div>\n\t\t<\/section>\n\t\t\t\t<section class=\"elementor-section elementor-top-section elementor-element elementor-element-ff31ad8 elementor-section-boxed elementor-section-height-default elementor-section-height-default\" data-id=\"ff31ad8\" data-element_type=\"section\">\n\t\t\t\t\t\t<div class=\"elementor-container elementor-column-gap-default\">\n\t\t\t\t\t<div class=\"elementor-column elementor-col-100 elementor-top-column elementor-element elementor-element-08a40ca\" data-id=\"08a40ca\" data-element_type=\"column\">\n\t\t\t<div class=\"elementor-widget-wrap elementor-element-populated\">\n\t\t\t\t\t\t<div class=\"elementor-element elementor-element-03602ee elementor-widget elementor-widget-text-editor\" data-id=\"03602ee\" data-element_type=\"widget\" data-widget_type=\"text-editor.default\">\n\t\t\t\t<div class=\"elementor-widget-container\">\n\t\t\t\t\t\t\t\t\t<p>Nesta quarta-feira (24), a Pol\u00edcia Civil de Santa Catarina, por meio da Delegacia de Furtos e Roubos de Cargas da Diretoria Estadual de Investiga\u00e7\u00f5es Criminais (DFRC\/DEIC), deflagrou a 3\u00aa fase da opera\u00e7\u00e3o que recuperou R$ 1.7 milh\u00e3o em cargas furtadas. Foram cumpridos mandados de pris\u00e3o e de busca e apreens\u00e3o na cidade S\u00e3o Jos\u00e9 dos Pinhais, no Paran\u00e1.<br>A 3\u00aa fase da opera\u00e7\u00e3o resultou na pris\u00e3o de um indiv\u00edduo integrante do n\u00facleo &#8220;falso motorista&#8221;, respons\u00e1vel por retirar as cargas nas empresas. A a\u00e7\u00e3o faz parte da opera\u00e7\u00e3o policial que desarticulou grupo respons\u00e1vel por furtos de cargas nos estados de Santa Catarina, Paran\u00e1 e S\u00e3o Paulo. <br>A investiga\u00e7\u00e3o coordenada pelo delegado de Pol\u00edcia titular da DFRC\/DEIC, Osnei Valdir de Oliveira, identificou todos os integrantes do grupo criminoso, sendo preso o l\u00edder, \u201cfalsos\u201d motoristas e n\u00facleo log\u00edstico.<br>A 1\u00aa fase da Opera\u00e7\u00e3o foi deflagrada em novembro de 2023. Na ocasi\u00e3o foram recuperadas diversas cargas furtadas e preso o l\u00edder da organiza\u00e7\u00e3o criminosa. Confira mais detalhes na not\u00edcia:&nbsp;<a href=\"https:\/\/pc.sc.gov.br\/?p=14989\" target=\"_blank\"><b>https:\/\/pc.sc.gov.br\/?p=14989<\/b><\/a>.<br>Nessa primeira fase foram apreendidos diversos documentos e dispositivos eletr\u00f4nicos, os quais foram minuciosamente analisados pela Equipe de Investiga\u00e7\u00e3o da DFRC. Com o resultado da an\u00e1lise foi obtido substrato relevante para a investiga\u00e7\u00e3o acerca das pr\u00e1ticas delitivas, resultando na 2\u00aa fase deflagrada no in\u00edcio de 2024.<br>Den\u00fancias e informa\u00e7\u00f5es relacionadas a Roubo de Cargas podem ser encaminhadas para o e-mail _deic-dfrc@pc.sc.gov.br. O anonimato \u00e9 garantido. <\/p>\t\t\t\t\t\t\t\t<\/div>\n\t\t\t\t<\/div>\n\t\t\t\t\t<\/div>\n\t\t<\/div>\n\t\t\t\t\t<\/div>\n\t\t<\/section>\n\t\t\t\t<\/div>\n\t\t","protected":false},"excerpt":{"rendered":"<p>Pol\u00edcia Civil deflagra 3\u00aa fase de opera\u00e7\u00e3o contra furtos de cargas e prende um homem no Paran\u00e1 Nesta quarta-feira (24), a Pol\u00edcia Civil de Santa Catarina, por meio da Delegacia de Furtos e Roubos de Cargas da Diretoria Estadual de Investiga\u00e7\u00f5es Criminais (DFRC\/DEIC), deflagrou a 3\u00aa fase da opera\u00e7\u00e3o que recuperou R$ 1.7 milh\u00e3o em [&hellip;]<\/p>\n","protected":false},"author":5,"featured_media":10112,"comment_status":"closed","ping_status":"open","sticky":false,"template":"","format":"standard","meta":{"_monsterinsights_skip_tracking":false,"_monsterinsights_sitenote_active":false,"_monsterinsights_sitenote_note":"","_monsterinsights_sitenote_category":0,"footnotes":""},"categories":[1],"tags":[],"class_list":["post-16779","post","type-post","status-publish","format-standard","has-post-thumbnail","hentry","category-sem-categoria"],"_links":{"self":[{"href":"https:\/\/pc.sc.gov.br\/index.php?rest_route=\/wp\/v2\/posts\/16779","targetHints":{"allow":["GET"]}}],"collection":[{"href":"https:\/\/pc.sc.gov.br\/index.php?rest_route=\/wp\/v2\/posts"}],"about":[{"href":"https:\/\/pc.sc.gov.br\/index.php?rest_route=\/wp\/v2\/types\/post"}],"author":[{"embeddable":true,"href":"https:\/\/pc.sc.gov.br\/index.php?rest_route=\/wp\/v2\/users\/5"}],"replies":[{"embeddable":true,"href":"https:\/\/pc.sc.gov.br\/index.php?rest_route=%2Fwp%2Fv2%2Fcomments&post=16779"}],"version-history":[{"count":4,"href":"https:\/\/pc.sc.gov.br\/index.php?rest_route=\/wp\/v2\/posts\/16779\/revisions"}],"predecessor-version":[{"id":16783,"href":"https:\/\/pc.sc.gov.br\/index.php?rest_route=\/wp\/v2\/posts\/16779\/revisions\/16783"}],"wp:featuredmedia":[{"embeddable":true,"href":"https:\/\/pc.sc.gov.br\/index.php?rest_route=\/wp\/v2\/media\/10112"}],"wp:attachment":[{"href":"https:\/\/pc.sc.gov.br\/index.php?rest_route=%2Fwp%2Fv2%2Fmedia&parent=16779"}],"wp:term":[{"taxonomy":"category","embeddable":true,"href":"https:\/\/pc.sc.gov.br\/index.php?rest_route=%2Fwp%2Fv2%2Fcategories&post=16779"},{"taxonomy":"post_tag","embeddable":true,"href":"https:\/\/pc.sc.gov.br\/index.php?rest_route=%2Fwp%2Fv2%2Ftags&post=16779"}],"curies":[{"name":"wp","href":"https:\/\/api.w.org\/{rel}","templated":true}]}}