{"id":16798,"date":"2024-01-24T18:39:28","date_gmt":"2024-01-24T21:39:28","guid":{"rendered":"https:\/\/pc.sc.gov.br\/?p=16798"},"modified":"2024-01-24T18:48:25","modified_gmt":"2024-01-24T21:48:25","slug":"dfrv-deic-em-operacao-com-nucleo-de-inteligencia-de-sao-jose-estoura-desmanche-de-motocicletas-na-grande-florianopolis","status":"publish","type":"post","link":"https:\/\/pc.sc.gov.br\/?p=16798","title":{"rendered":"DFRV\/DEIC em opera\u00e7\u00e3o com N\u00facleo de Intelig\u00eancia de S\u00e3o Jos\u00e9 estoura desmanche de motocicletas na Grande Florian\u00f3polis"},"content":{"rendered":"\t\t<div data-elementor-type=\"wp-post\" data-elementor-id=\"16798\" class=\"elementor elementor-16798\" data-elementor-post-type=\"post\">\n\t\t\t\t\t\t<section class=\"elementor-section elementor-top-section elementor-element elementor-element-0f969b8 elementor-section-boxed elementor-section-height-default elementor-section-height-default\" data-id=\"0f969b8\" data-element_type=\"section\">\n\t\t\t\t\t\t<div class=\"elementor-container elementor-column-gap-default\">\n\t\t\t\t\t<div class=\"elementor-column elementor-col-100 elementor-top-column elementor-element elementor-element-44e0cf8\" data-id=\"44e0cf8\" data-element_type=\"column\">\n\t\t\t<div class=\"elementor-widget-wrap elementor-element-populated\">\n\t\t\t\t\t\t<div class=\"elementor-element elementor-element-339e7a8 elementor-widget elementor-widget-heading\" data-id=\"339e7a8\" data-element_type=\"widget\" data-widget_type=\"heading.default\">\n\t\t\t\t<div class=\"elementor-widget-container\">\n\t\t\t\t\t<h2 class=\"elementor-heading-title elementor-size-default\">DFRV\/DEIC em opera\u00e7\u00e3o conjunta com N\u00facleo de Intelig\u00eancia de S\u00e3o Jos\u00e9 estoura desmanche de motocicletas na Grande Florian\u00f3polis<\/h2>\t\t\t\t<\/div>\n\t\t\t\t<\/div>\n\t\t\t\t\t<\/div>\n\t\t<\/div>\n\t\t\t\t\t<\/div>\n\t\t<\/section>\n\t\t\t\t<section class=\"elementor-section elementor-top-section elementor-element elementor-element-48a85c9 elementor-section-boxed elementor-section-height-default elementor-section-height-default\" data-id=\"48a85c9\" data-element_type=\"section\">\n\t\t\t\t\t\t<div class=\"elementor-container elementor-column-gap-default\">\n\t\t\t\t\t<div class=\"elementor-column elementor-col-100 elementor-top-column elementor-element elementor-element-b8258b8\" data-id=\"b8258b8\" data-element_type=\"column\">\n\t\t\t<div class=\"elementor-widget-wrap elementor-element-populated\">\n\t\t\t\t\t\t<div class=\"elementor-element elementor-element-5282cf5 elementor-widget elementor-widget-image\" data-id=\"5282cf5\" data-element_type=\"widget\" data-widget_type=\"image.default\">\n\t\t\t\t<div class=\"elementor-widget-container\">\n\t\t\t\t\t\t\t\t\t\t\t\t\t\t\t<img fetchpriority=\"high\" decoding=\"async\" width=\"696\" height=\"392\" src=\"https:\/\/pc.sc.gov.br\/\/wp-content\/uploads\/2024\/01\/WhatsApp-Image-2024-01-24-at-18.10.21-1024x576.jpeg\" class=\"attachment-large size-large wp-image-16799\" alt=\"\" srcset=\"https:\/\/pc.sc.gov.br\/\/wp-content\/uploads\/2024\/01\/WhatsApp-Image-2024-01-24-at-18.10.21-1024x576.jpeg 1024w, https:\/\/pc.sc.gov.br\/\/wp-content\/uploads\/2024\/01\/WhatsApp-Image-2024-01-24-at-18.10.21-300x169.jpeg 300w, https:\/\/pc.sc.gov.br\/\/wp-content\/uploads\/2024\/01\/WhatsApp-Image-2024-01-24-at-18.10.21-768x432.jpeg 768w, https:\/\/pc.sc.gov.br\/\/wp-content\/uploads\/2024\/01\/WhatsApp-Image-2024-01-24-at-18.10.21-1536x864.jpeg 1536w, https:\/\/pc.sc.gov.br\/\/wp-content\/uploads\/2024\/01\/WhatsApp-Image-2024-01-24-at-18.10.21.jpeg 1599w\" sizes=\"(max-width: 696px) 100vw, 696px\" \/>\t\t\t\t\t\t\t\t\t\t\t\t\t\t\t<\/div>\n\t\t\t\t<\/div>\n\t\t\t\t\t<\/div>\n\t\t<\/div>\n\t\t\t\t\t<\/div>\n\t\t<\/section>\n\t\t\t\t<section class=\"elementor-section elementor-top-section elementor-element elementor-element-d350014 elementor-section-boxed elementor-section-height-default elementor-section-height-default\" data-id=\"d350014\" data-element_type=\"section\">\n\t\t\t\t\t\t<div class=\"elementor-container elementor-column-gap-default\">\n\t\t\t\t\t<div class=\"elementor-column elementor-col-100 elementor-top-column elementor-element elementor-element-45638ac\" data-id=\"45638ac\" data-element_type=\"column\">\n\t\t\t<div class=\"elementor-widget-wrap elementor-element-populated\">\n\t\t\t\t\t\t<div class=\"elementor-element elementor-element-8edc62d elementor-widget elementor-widget-text-editor\" data-id=\"8edc62d\" data-element_type=\"widget\" data-widget_type=\"text-editor.default\">\n\t\t\t\t<div class=\"elementor-widget-container\">\n\t\t\t\t\t\t\t\t\t<p>A Pol\u00edcia Civil de Santa Catarina, por meio da Delegacia de Furtos e Roubos de Ve\u00edculos (DFRV\/DEIC), em opera\u00e7\u00e3o conjunta com o N\u00facleo de Intelig\u00eancia da (NUINT), da SSP de S\u00e3o Jos\u00e9, dando continuidade \u00e0s investiga\u00e7\u00f5es referentes \u00e0 subtra\u00e7\u00e3o e desmanche motocicletas no Bairro Barreiros, localizou nesta quarta-feira (24) um desmanche em S\u00e3o Jos\u00e9. Tr\u00eas pessoas foram presas.<\/p>\n<p>No local foram encontradas quatro motocicletas, sendo uma em processo de desmanche identificada como sendo furtada em Palho\u00e7a, no \u00faltimo dia 21 e outras tr\u00eas com os sinais identificadores suprimidos\/remarcados, al\u00e9m de diversas pe\u00e7as sem defini\u00e7\u00e3o de origem.<\/p>\n<p>De acordo com o delegado Diego Azevedo, titular da DFRV\/DEIC tamb\u00e9m foi apurado que parte das pe\u00e7as e motocicletas eram encaminhadas para o estabelecimento comercial de um dos conduzidos, instalado pr\u00f3ximo ao local onde as motos eram desmanchadas\/remarcadas.&nbsp;<span style=\"font-family: var( --e-global-typography-primary-font-family ), Sans-serif; font-size: var( --e-global-typography-primary-font-size ); font-weight: var( --e-global-typography-primary-font-weight ); letter-spacing: var( --e-global-typography-primary-letter-spacing );\">A Pol\u00edcia Cient\u00edfica ir\u00e1 realizar as per\u00edcias para confirma\u00e7\u00e3o das constata\u00e7\u00f5es iniciais.<\/span><\/p>\n<p>Os tr\u00eas indiv\u00edduos foram encaminhados para sede da DEIC e autuados em flagrante pelos crimes de associa\u00e7\u00e3o criminosa, adultera\u00e7\u00e3o de sinal identificador de ve\u00edculo e recepta\u00e7\u00e3o qualificada. Novas dilig\u00eancias ser\u00e3o realizadas para apura\u00e7\u00e3o dos crimes conexos.<span style=\"color: var( --e-global-color-text ); font-family: var( --e-global-typography-primary-font-family ), Sans-serif; font-size: var( --e-global-typography-primary-font-size ); font-weight: var( --e-global-typography-primary-font-weight ); letter-spacing: var( --e-global-typography-primary-letter-spacing );\">&nbsp;<\/span><\/p>\t\t\t\t\t\t\t\t<\/div>\n\t\t\t\t<\/div>\n\t\t\t\t\t<\/div>\n\t\t<\/div>\n\t\t\t\t\t<\/div>\n\t\t<\/section>\n\t\t\t\t<section class=\"elementor-section elementor-top-section elementor-element elementor-element-1633b03 elementor-section-boxed elementor-section-height-default elementor-section-height-default\" data-id=\"1633b03\" data-element_type=\"section\">\n\t\t\t\t\t\t<div class=\"elementor-container elementor-column-gap-default\">\n\t\t\t\t\t<div class=\"elementor-column elementor-col-100 elementor-top-column elementor-element elementor-element-45e417a\" data-id=\"45e417a\" data-element_type=\"column\">\n\t\t\t<div class=\"elementor-widget-wrap elementor-element-populated\">\n\t\t\t\t\t\t<div class=\"elementor-element elementor-element-fcd0875 elementor-widget__width-initial e-transform elementor-widget elementor-widget-video\" data-id=\"fcd0875\" data-element_type=\"widget\" data-settings=\"{&quot;video_type&quot;:&quot;hosted&quot;,&quot;start&quot;:1,&quot;_transform_rotateZ_effect_hover&quot;:{&quot;unit&quot;:&quot;px&quot;,&quot;size&quot;:-128,&quot;sizes&quot;:[]},&quot;controls&quot;:&quot;yes&quot;,&quot;_transform_rotateZ_effect_hover_tablet&quot;:{&quot;unit&quot;:&quot;deg&quot;,&quot;size&quot;:&quot;&quot;,&quot;sizes&quot;:[]},&quot;_transform_rotateZ_effect_hover_mobile&quot;:{&quot;unit&quot;:&quot;deg&quot;,&quot;size&quot;:&quot;&quot;,&quot;sizes&quot;:[]}}\" data-widget_type=\"video.default\">\n\t\t\t\t<div class=\"elementor-widget-container\">\n\t\t\t\t\t\t\t<div class=\"e-hosted-video elementor-wrapper elementor-open-inline\">\n\t\t\t\t\t<video class=\"elementor-video\" src=\"https:\/\/pc.sc.gov.br\/wp-content\/uploads\/2024\/01\/WhatsApp-Video-2024-01-24-at-18.28.56.mp4#t=1\" controls=\"\" preload=\"metadata\"><\/video>\n\t\t\t\t<\/div>\n\t\t\t\t\t\t<\/div>\n\t\t\t\t<\/div>\n\t\t\t\t\t<\/div>\n\t\t<\/div>\n\t\t\t\t\t<\/div>\n\t\t<\/section>\n\t\t\t\t<\/div>\n\t\t","protected":false},"excerpt":{"rendered":"<p>DFRV\/DEIC em opera\u00e7\u00e3o conjunta com N\u00facleo de Intelig\u00eancia de S\u00e3o Jos\u00e9 estoura desmanche de motocicletas na Grande Florian\u00f3polis A Pol\u00edcia Civil de Santa Catarina, por meio da Delegacia de Furtos e Roubos de Ve\u00edculos (DFRV\/DEIC), em opera\u00e7\u00e3o conjunta com o N\u00facleo de Intelig\u00eancia da (NUINT), da SSP de S\u00e3o Jos\u00e9, dando continuidade \u00e0s investiga\u00e7\u00f5es referentes [&hellip;]<\/p>\n","protected":false},"author":5,"featured_media":16799,"comment_status":"closed","ping_status":"open","sticky":false,"template":"","format":"standard","meta":{"_monsterinsights_skip_tracking":false,"_monsterinsights_sitenote_active":false,"_monsterinsights_sitenote_note":"","_monsterinsights_sitenote_category":0,"footnotes":""},"categories":[1],"tags":[],"class_list":["post-16798","post","type-post","status-publish","format-standard","has-post-thumbnail","hentry","category-sem-categoria"],"_links":{"self":[{"href":"https:\/\/pc.sc.gov.br\/index.php?rest_route=\/wp\/v2\/posts\/16798","targetHints":{"allow":["GET"]}}],"collection":[{"href":"https:\/\/pc.sc.gov.br\/index.php?rest_route=\/wp\/v2\/posts"}],"about":[{"href":"https:\/\/pc.sc.gov.br\/index.php?rest_route=\/wp\/v2\/types\/post"}],"author":[{"embeddable":true,"href":"https:\/\/pc.sc.gov.br\/index.php?rest_route=\/wp\/v2\/users\/5"}],"replies":[{"embeddable":true,"href":"https:\/\/pc.sc.gov.br\/index.php?rest_route=%2Fwp%2Fv2%2Fcomments&post=16798"}],"version-history":[{"count":4,"href":"https:\/\/pc.sc.gov.br\/index.php?rest_route=\/wp\/v2\/posts\/16798\/revisions"}],"predecessor-version":[{"id":16804,"href":"https:\/\/pc.sc.gov.br\/index.php?rest_route=\/wp\/v2\/posts\/16798\/revisions\/16804"}],"wp:featuredmedia":[{"embeddable":true,"href":"https:\/\/pc.sc.gov.br\/index.php?rest_route=\/wp\/v2\/media\/16799"}],"wp:attachment":[{"href":"https:\/\/pc.sc.gov.br\/index.php?rest_route=%2Fwp%2Fv2%2Fmedia&parent=16798"}],"wp:term":[{"taxonomy":"category","embeddable":true,"href":"https:\/\/pc.sc.gov.br\/index.php?rest_route=%2Fwp%2Fv2%2Fcategories&post=16798"},{"taxonomy":"post_tag","embeddable":true,"href":"https:\/\/pc.sc.gov.br\/index.php?rest_route=%2Fwp%2Fv2%2Ftags&post=16798"}],"curies":[{"name":"wp","href":"https:\/\/api.w.org\/{rel}","templated":true}]}}