{"id":16811,"date":"2024-01-25T14:27:33","date_gmt":"2024-01-25T17:27:33","guid":{"rendered":"https:\/\/pc.sc.gov.br\/?p=16811"},"modified":"2024-01-25T14:40:23","modified_gmt":"2024-01-25T17:40:23","slug":"policia-civil-encontra-homem-que-estava-desparecido-em-lages-e-prende-autor-do-crime","status":"publish","type":"post","link":"https:\/\/pc.sc.gov.br\/?p=16811","title":{"rendered":"Pol\u00edcia Civil encontra homem que estava desparecido em Lages e prende autor do crime"},"content":{"rendered":"\t\t<div data-elementor-type=\"wp-post\" data-elementor-id=\"16811\" class=\"elementor elementor-16811\" data-elementor-post-type=\"post\">\n\t\t\t\t\t\t<section class=\"elementor-section elementor-top-section elementor-element elementor-element-f28c096 elementor-section-boxed elementor-section-height-default elementor-section-height-default\" data-id=\"f28c096\" data-element_type=\"section\">\n\t\t\t\t\t\t<div class=\"elementor-container elementor-column-gap-default\">\n\t\t\t\t\t<div class=\"elementor-column elementor-col-100 elementor-top-column elementor-element elementor-element-007f9ed\" data-id=\"007f9ed\" data-element_type=\"column\">\n\t\t\t<div class=\"elementor-widget-wrap elementor-element-populated\">\n\t\t\t\t\t\t<div class=\"elementor-element elementor-element-58003de elementor-widget elementor-widget-heading\" data-id=\"58003de\" data-element_type=\"widget\" data-widget_type=\"heading.default\">\n\t\t\t\t<div class=\"elementor-widget-container\">\n\t\t\t\t\t<h2 class=\"elementor-heading-title elementor-size-default\">Pol\u00edcia Civil encontra homem que estava desparecido em Lages e prende autor do crime<\/h2>\t\t\t\t<\/div>\n\t\t\t\t<\/div>\n\t\t\t\t\t<\/div>\n\t\t<\/div>\n\t\t\t\t\t<\/div>\n\t\t<\/section>\n\t\t\t\t<section class=\"elementor-section elementor-top-section elementor-element elementor-element-799577e elementor-section-boxed elementor-section-height-default elementor-section-height-default\" data-id=\"799577e\" data-element_type=\"section\">\n\t\t\t\t\t\t<div class=\"elementor-container elementor-column-gap-default\">\n\t\t\t\t\t<div class=\"elementor-column elementor-col-100 elementor-top-column elementor-element elementor-element-7f5061a\" data-id=\"7f5061a\" data-element_type=\"column\">\n\t\t\t<div class=\"elementor-widget-wrap elementor-element-populated\">\n\t\t\t\t\t\t<div class=\"elementor-element elementor-element-a03fdee elementor-widget elementor-widget-image\" data-id=\"a03fdee\" data-element_type=\"widget\" data-widget_type=\"image.default\">\n\t\t\t\t<div class=\"elementor-widget-container\">\n\t\t\t\t\t\t\t\t\t\t\t\t\t\t\t<img fetchpriority=\"high\" decoding=\"async\" width=\"696\" height=\"663\" src=\"https:\/\/pc.sc.gov.br\/\/wp-content\/uploads\/2024\/01\/WhatsApp-Image-2024-01-25-at-14.08.03-1-1024x975.jpeg\" class=\"attachment-large size-large wp-image-16812\" alt=\"\" srcset=\"https:\/\/pc.sc.gov.br\/\/wp-content\/uploads\/2024\/01\/WhatsApp-Image-2024-01-25-at-14.08.03-1-1024x975.jpeg 1024w, https:\/\/pc.sc.gov.br\/\/wp-content\/uploads\/2024\/01\/WhatsApp-Image-2024-01-25-at-14.08.03-1-300x286.jpeg 300w, https:\/\/pc.sc.gov.br\/\/wp-content\/uploads\/2024\/01\/WhatsApp-Image-2024-01-25-at-14.08.03-1-768x731.jpeg 768w, https:\/\/pc.sc.gov.br\/\/wp-content\/uploads\/2024\/01\/WhatsApp-Image-2024-01-25-at-14.08.03-1.jpeg 1260w\" sizes=\"(max-width: 696px) 100vw, 696px\" \/>\t\t\t\t\t\t\t\t\t\t\t\t\t\t\t<\/div>\n\t\t\t\t<\/div>\n\t\t\t\t\t<\/div>\n\t\t<\/div>\n\t\t\t\t\t<\/div>\n\t\t<\/section>\n\t\t\t\t<section class=\"elementor-section elementor-top-section elementor-element elementor-element-b60e58b elementor-section-boxed elementor-section-height-default elementor-section-height-default\" data-id=\"b60e58b\" data-element_type=\"section\">\n\t\t\t\t\t\t<div class=\"elementor-container elementor-column-gap-default\">\n\t\t\t\t\t<div class=\"elementor-column elementor-col-100 elementor-top-column elementor-element elementor-element-47de1b9\" data-id=\"47de1b9\" data-element_type=\"column\">\n\t\t\t<div class=\"elementor-widget-wrap elementor-element-populated\">\n\t\t\t\t\t\t<div class=\"elementor-element elementor-element-fc86ce9 elementor-widget elementor-widget-text-editor\" data-id=\"fc86ce9\" data-element_type=\"widget\" data-widget_type=\"text-editor.default\">\n\t\t\t\t<div class=\"elementor-widget-container\">\n\t\t\t\t\t\t\t\t\t<p>Na madrugada desta quinta-feira (25), a Pol\u00edcia Civil de Santa Catarina, por meio de trabalho conjunto envolvendo a Divis\u00e3o de Investiga\u00e7\u00e3o Criminal de Lages e a 2\u00aa Delegacia de Pol\u00edcia de Lages, prendeu de forma preventiva o homem apontado como o respons\u00e1vel pelo desaparecimento de um homem, no dia 19 de janeiro em Lages. A v\u00edtima j\u00e1 tinha sido encontrada pelos policiais civis, na quarta-feira (24), no bairro Restinga Secas, em Lages. <br>A a\u00e7\u00e3o contou com o apoio da Pol\u00edcia Civil do Rio Grande do Sul, da Brigada Militar do Rio Grande do Sul, da Pol\u00edcia Militar de Santa Catarina e do Corpo de Bombeiros de Santa Catarina. <br><br><b>Entenda o caso<br><\/b><br>Desde que foram comunicados sobre o desaparecimento, os policiais civis da 2\u00aa Delegacia de Pol\u00edcia de Lages iniciariam dilig\u00eancias a fim de elucidar o fato, ouvindo a testemunha citada no relato da ocorr\u00eancia, a qual estava sob o benef\u00edcio de sa\u00edda tempor\u00e1ria de sete dias e que teria recebido uma carona da v\u00edtima at\u00e9 a Penitenci\u00e1ria de S\u00e3o Crist\u00f3v\u00e3o para retornar ao Sistema Prisional. <br>Diante disso, a testemunha, mencionou o contato da v\u00edtima com um terceiro masculino que tamb\u00e9m era benefici\u00e1rio da sa\u00edda tempor\u00e1ria de sete dias, o qual n\u00e3o retornou ao pres\u00eddio citado, sendo dado como evadido. <br>Com essa informa\u00e7\u00e3o, os policiais civis passaram a diligenciar no sentido de localizar o foragido, pois ele come\u00e7ou a manter contato com os familiares da v\u00edtima se passando por ela, pedindo dinheiro, via WhatsApp. <br>Foi descoberto que o ve\u00edculo da v\u00edtima foi visto na regi\u00e3o de S\u00e3o Joaquim (cidade natal do at\u00e9 ent\u00e3o suspeito), tomando o rumo ao estado do Rio Grande do Sul, havendo a partir da\u00ed a troca de informa\u00e7\u00f5es com policiais civis daquele estado. <br>Foi descoberto tamb\u00e9m que o motorista do ve\u00edculo da v\u00edtima, era o masculino evadido do Sistema Prisional o qual de acordo com a primeira testemunha, tomou carona com o desaparecido. <br>Em dilig\u00eancias posteriores capitaneadas pela PCSC , envolvendo a DIC\/Lages, a PCRS, a Brigada Militar do Rio Grande do Sul e a PMSC, logrou-se \u00eaxito em localizar o suspeito, na cidade de Gramado, no Rio Grande do Sul, sendo que ele confessou durante a abordagem ter cometido um homic\u00eddio contra a v\u00edtima, indicando um suposto local onde havia desovado o corpo. <br>De imediato os agentes da 2\u00aa DP de Lages deslocaram at\u00e9 o bairro Restinga Seca, onde encontraram o masculino ainda com vida, mesmo tendo sido agredido h\u00e1 seis dias, apresentando diversas les\u00f5es no corpo, inclusive traumatismo de cr\u00e2nio encef\u00e1lico. <br>Os policiais civis acionaram imediatamente o Corpo de Bombeiros, sendo indicado com precis\u00e3o o local exato do encontro da v\u00edtima, a qual foi resgatada e encaminhada ao Hospital ainda com vida. <br>No mesmo dia, os policiais civis iniciaram as dilig\u00eancias junto ao Poder Judici\u00e1rio e o Minist\u00e9rio P\u00fablico, representando pela pris\u00e3o preventiva do autor, sendo que entendendo a gravidade da situa\u00e7\u00e3o, o \u00f3rg\u00e3o respons\u00e1vel analisou o caso e expediu o mandado de pris\u00e3o em desfavor do autor confesso.<br>Na posse do referido mandado, os policiais civis diligenciaram ainda na madrugada para capturar e conduzir o autor, apresentando o mesmo ao Sistema Penitenci\u00e1rio, onde permanece \u00e0 disposi\u00e7\u00e3o da Justi\u00e7a.<\/p>\t\t\t\t\t\t\t\t<\/div>\n\t\t\t\t<\/div>\n\t\t\t\t\t<\/div>\n\t\t<\/div>\n\t\t\t\t\t<\/div>\n\t\t<\/section>\n\t\t\t\t<\/div>\n\t\t","protected":false},"excerpt":{"rendered":"<p>Pol\u00edcia Civil encontra homem que estava desparecido em Lages e prende autor do crime Na madrugada desta quinta-feira (25), a Pol\u00edcia Civil de Santa Catarina, por meio de trabalho conjunto envolvendo a Divis\u00e3o de Investiga\u00e7\u00e3o Criminal de Lages e a 2\u00aa Delegacia de Pol\u00edcia de Lages, prendeu de forma preventiva o homem apontado como o [&hellip;]<\/p>\n","protected":false},"author":5,"featured_media":16812,"comment_status":"closed","ping_status":"open","sticky":false,"template":"","format":"standard","meta":{"_monsterinsights_skip_tracking":false,"_monsterinsights_sitenote_active":false,"_monsterinsights_sitenote_note":"","_monsterinsights_sitenote_category":0,"footnotes":""},"categories":[1],"tags":[],"class_list":["post-16811","post","type-post","status-publish","format-standard","has-post-thumbnail","hentry","category-sem-categoria"],"_links":{"self":[{"href":"https:\/\/pc.sc.gov.br\/index.php?rest_route=\/wp\/v2\/posts\/16811","targetHints":{"allow":["GET"]}}],"collection":[{"href":"https:\/\/pc.sc.gov.br\/index.php?rest_route=\/wp\/v2\/posts"}],"about":[{"href":"https:\/\/pc.sc.gov.br\/index.php?rest_route=\/wp\/v2\/types\/post"}],"author":[{"embeddable":true,"href":"https:\/\/pc.sc.gov.br\/index.php?rest_route=\/wp\/v2\/users\/5"}],"replies":[{"embeddable":true,"href":"https:\/\/pc.sc.gov.br\/index.php?rest_route=%2Fwp%2Fv2%2Fcomments&post=16811"}],"version-history":[{"count":7,"href":"https:\/\/pc.sc.gov.br\/index.php?rest_route=\/wp\/v2\/posts\/16811\/revisions"}],"predecessor-version":[{"id":16838,"href":"https:\/\/pc.sc.gov.br\/index.php?rest_route=\/wp\/v2\/posts\/16811\/revisions\/16838"}],"wp:featuredmedia":[{"embeddable":true,"href":"https:\/\/pc.sc.gov.br\/index.php?rest_route=\/wp\/v2\/media\/16812"}],"wp:attachment":[{"href":"https:\/\/pc.sc.gov.br\/index.php?rest_route=%2Fwp%2Fv2%2Fmedia&parent=16811"}],"wp:term":[{"taxonomy":"category","embeddable":true,"href":"https:\/\/pc.sc.gov.br\/index.php?rest_route=%2Fwp%2Fv2%2Fcategories&post=16811"},{"taxonomy":"post_tag","embeddable":true,"href":"https:\/\/pc.sc.gov.br\/index.php?rest_route=%2Fwp%2Fv2%2Ftags&post=16811"}],"curies":[{"name":"wp","href":"https:\/\/api.w.org\/{rel}","templated":true}]}}